{"id":21124,"date":"2023-08-18T14:28:15","date_gmt":"2023-08-18T17:28:15","guid":{"rendered":"https:\/\/diariotribuna.com.br\/?p=21124"},"modified":"2023-08-22T19:17:04","modified_gmt":"2023-08-22T22:17:04","slug":"bombeiros-debelam-incendio-em-farmacia-na-area-central-de-aracuai","status":"publish","type":"post","link":"https:\/\/diariotribuna.com.br\/?p=21124","title":{"rendered":"Bombeiros debelam inc\u00eandio em farm\u00e1cia na \u00e1rea central de Ara\u00e7ua\u00ed"},"content":{"rendered":"\n<figure class=\"wp-block-image size-full is-resized is-style-default\"><img loading=\"lazy\" decoding=\"async\" src=\"https:\/\/diariotribuna.com.br\/wp-content\/uploads\/2023\/08\/1-3.jpg\" alt=\"\" class=\"wp-image-21125\" width=\"504\" height=\"387\" srcset=\"https:\/\/diariotribuna.com.br\/wp-content\/uploads\/2023\/08\/1-3.jpg 700w, https:\/\/diariotribuna.com.br\/wp-content\/uploads\/2023\/08\/1-3-300x231.jpg 300w, https:\/\/diariotribuna.com.br\/wp-content\/uploads\/2023\/08\/1-3-80x60.jpg 80w, https:\/\/diariotribuna.com.br\/wp-content\/uploads\/2023\/08\/1-3-696x535.jpg 696w, https:\/\/diariotribuna.com.br\/wp-content\/uploads\/2023\/08\/1-3-546x420.jpg 546w\" sizes=\"(max-width: 504px) 100vw, 504px\" \/><\/figure>\n\n\n\n<p>O Corpo de Bombeiros foi acionado na manh\u00e3 desta sexta-feira (18\/8) para atendimento de um inc\u00eandio em uma drogaria na \u00e1rea central de Ara\u00e7ua\u00ed, denominada Medvida, e felizmente, chegando ao local a equipe constatou que n\u00e3o havia v\u00edtimas dentro do estabelecimento. Os bombeiros controlaram as chamas e posteriormente fizeram o resfriamento e ventila\u00e7\u00e3o.<\/p>\n\n\n\n<p>Foram feitos os processos de rescaldo, procedimentos que impedem que o fogo tenha uma reigni\u00e7\u00e3o. Foram usados aproximadamente 1.000 litros de \u00e1gua e o inc\u00eandio, segundo informa\u00e7\u00f5es de terceiros, possivelmente teria come\u00e7ado por meio de um curto na parte el\u00e9trica, mas as causas ainda ser\u00e3o apuradas. Em caso de emerg\u00eancia, ligue 193 ou (33) 3731-4272. (Informa\u00e7\u00f5es\/Fotos: CBMMG\/ Ara\u00e7ua\u00ed).<\/p>\n\n\n\n<figure class=\"wp-block-gallery has-nested-images columns-4 is-cropped wp-block-gallery-1 is-layout-flex wp-block-gallery-is-layout-flex\">\n<figure class=\"wp-block-image size-large is-style-default\"><img loading=\"lazy\" decoding=\"async\" width=\"700\" height=\"861\" data-id=\"21127\" src=\"https:\/\/diariotribuna.com.br\/wp-content\/uploads\/2023\/08\/2-2.jpg\" alt=\"\" class=\"wp-image-21127\" srcset=\"https:\/\/diariotribuna.com.br\/wp-content\/uploads\/2023\/08\/2-2.jpg 700w, https:\/\/diariotribuna.com.br\/wp-content\/uploads\/2023\/08\/2-2-244x300.jpg 244w, https:\/\/diariotribuna.com.br\/wp-content\/uploads\/2023\/08\/2-2-324x400.jpg 324w, https:\/\/diariotribuna.com.br\/wp-content\/uploads\/2023\/08\/2-2-696x856.jpg 696w, https:\/\/diariotribuna.com.br\/wp-content\/uploads\/2023\/08\/2-2-341x420.jpg 341w\" sizes=\"(max-width: 700px) 100vw, 700px\" \/><\/figure>\n\n\n\n<figure class=\"wp-block-image size-large is-style-default\"><img loading=\"lazy\" decoding=\"async\" width=\"685\" height=\"1024\" data-id=\"21128\" src=\"https:\/\/diariotribuna.com.br\/wp-content\/uploads\/2023\/08\/4-2-685x1024.jpg\" alt=\"\" class=\"wp-image-21128\" srcset=\"https:\/\/diariotribuna.com.br\/wp-content\/uploads\/2023\/08\/4-2-685x1024.jpg 685w, https:\/\/diariotribuna.com.br\/wp-content\/uploads\/2023\/08\/4-2-201x300.jpg 201w, https:\/\/diariotribuna.com.br\/wp-content\/uploads\/2023\/08\/4-2-696x1040.jpg 696w, https:\/\/diariotribuna.com.br\/wp-content\/uploads\/2023\/08\/4-2-281x420.jpg 281w, https:\/\/diariotribuna.com.br\/wp-content\/uploads\/2023\/08\/4-2.jpg 700w\" sizes=\"(max-width: 685px) 100vw, 685px\" \/><\/figure>\n\n\n\n<figure class=\"wp-block-image size-large is-style-default\"><img loading=\"lazy\" decoding=\"async\" width=\"668\" height=\"1024\" data-id=\"21129\" src=\"https:\/\/diariotribuna.com.br\/wp-content\/uploads\/2023\/08\/9db8a59f-d973-4b16-baaf-6a7c137c676b-668x1024.jpg\" alt=\"\" class=\"wp-image-21129\" srcset=\"https:\/\/diariotribuna.com.br\/wp-content\/uploads\/2023\/08\/9db8a59f-d973-4b16-baaf-6a7c137c676b-668x1024.jpg 668w, https:\/\/diariotribuna.com.br\/wp-content\/uploads\/2023\/08\/9db8a59f-d973-4b16-baaf-6a7c137c676b-196x300.jpg 196w, https:\/\/diariotribuna.com.br\/wp-content\/uploads\/2023\/08\/9db8a59f-d973-4b16-baaf-6a7c137c676b-696x1067.jpg 696w, https:\/\/diariotribuna.com.br\/wp-content\/uploads\/2023\/08\/9db8a59f-d973-4b16-baaf-6a7c137c676b-274x420.jpg 274w, https:\/\/diariotribuna.com.br\/wp-content\/uploads\/2023\/08\/9db8a59f-d973-4b16-baaf-6a7c137c676b.jpg 700w\" sizes=\"(max-width: 668px) 100vw, 668px\" \/><\/figure>\n\n\n\n<figure class=\"wp-block-image size-large is-style-default\"><img loading=\"lazy\" decoding=\"async\" width=\"700\" height=\"876\" data-id=\"21126\" src=\"https:\/\/diariotribuna.com.br\/wp-content\/uploads\/2023\/08\/3-2.jpg\" alt=\"\" class=\"wp-image-21126\" srcset=\"https:\/\/diariotribuna.com.br\/wp-content\/uploads\/2023\/08\/3-2.jpg 700w, https:\/\/diariotribuna.com.br\/wp-content\/uploads\/2023\/08\/3-2-240x300.jpg 240w, https:\/\/diariotribuna.com.br\/wp-content\/uploads\/2023\/08\/3-2-696x871.jpg 696w, https:\/\/diariotribuna.com.br\/wp-content\/uploads\/2023\/08\/3-2-336x420.jpg 336w\" sizes=\"(max-width: 700px) 100vw, 700px\" \/><\/figure>\n<\/figure>\n","protected":false},"excerpt":{"rendered":"<p>O Corpo de Bombeiros foi acionado na manh\u00e3 desta sexta-feira (18\/8) para atendimento de um inc\u00eandio em uma drogaria na \u00e1rea central de Ara\u00e7ua\u00ed, denominada Medvida, e felizmente, chegando ao local a equipe constatou que n\u00e3o havia v\u00edtimas dentro do estabelecimento. Os bombeiros controlaram as chamas e posteriormente fizeram o resfriamento e ventila\u00e7\u00e3o. Foram feitos [&hellip;]<\/p>\n","protected":false},"author":1,"featured_media":21125,"comment_status":"open","ping_status":"open","sticky":false,"template":"","format":"standard","meta":{"rop_custom_images_group":[],"rop_custom_messages_group":[],"rop_publish_now":"initial","rop_publish_now_accounts":[],"rop_publish_now_history":[],"rop_publish_now_status":"pending","footnotes":""},"categories":[18],"tags":[380,382,5631,1343],"class_list":["post-21124","post","type-post","status-publish","format-standard","has-post-thumbnail","hentry","category-regiao","tag-aracuai","tag-corpo-de-bombeiros","tag-farmacia","tag-incendio"],"_links":{"self":[{"href":"https:\/\/diariotribuna.com.br\/index.php?rest_route=\/wp\/v2\/posts\/21124"}],"collection":[{"href":"https:\/\/diariotribuna.com.br\/index.php?rest_route=\/wp\/v2\/posts"}],"about":[{"href":"https:\/\/diariotribuna.com.br\/index.php?rest_route=\/wp\/v2\/types\/post"}],"author":[{"embeddable":true,"href":"https:\/\/diariotribuna.com.br\/index.php?rest_route=\/wp\/v2\/users\/1"}],"replies":[{"embeddable":true,"href":"https:\/\/diariotribuna.com.br\/index.php?rest_route=%2Fwp%2Fv2%2Fcomments&post=21124"}],"version-history":[{"count":1,"href":"https:\/\/diariotribuna.com.br\/index.php?rest_route=\/wp\/v2\/posts\/21124\/revisions"}],"predecessor-version":[{"id":21130,"href":"https:\/\/diariotribuna.com.br\/index.php?rest_route=\/wp\/v2\/posts\/21124\/revisions\/21130"}],"wp:featuredmedia":[{"embeddable":true,"href":"https:\/\/diariotribuna.com.br\/index.php?rest_route=\/wp\/v2\/media\/21125"}],"wp:attachment":[{"href":"https:\/\/diariotribuna.com.br\/index.php?rest_route=%2Fwp%2Fv2%2Fmedia&parent=21124"}],"wp:term":[{"taxonomy":"category","embeddable":true,"href":"https:\/\/diariotribuna.com.br\/index.php?rest_route=%2Fwp%2Fv2%2Fcategories&post=21124"},{"taxonomy":"post_tag","embeddable":true,"href":"https:\/\/diariotribuna.com.br\/index.php?rest_route=%2Fwp%2Fv2%2Ftags&post=21124"}],"curies":[{"name":"wp","href":"https:\/\/api.w.org\/{rel}","templated":true}]}}