{"id":21135,"date":"2023-08-19T02:02:47","date_gmt":"2023-08-19T05:02:47","guid":{"rendered":"https:\/\/diariotribuna.com.br\/?p=21135"},"modified":"2023-08-22T19:17:45","modified_gmt":"2023-08-22T22:17:45","slug":"empresario-de-salinas-condenado-pelos-crimes-de-estupro-e-estupro-de-vulneravel-e-preso-em-bh","status":"publish","type":"post","link":"https:\/\/diariotribuna.com.br\/?p=21135","title":{"rendered":"Empres\u00e1rio de Salinas, condenado pelos crimes de estupro e estupro de vulner\u00e1vel, \u00e9 preso em BH"},"content":{"rendered":"\n<figure class=\"wp-block-image size-full is-resized is-style-default\"><img loading=\"lazy\" decoding=\"async\" src=\"https:\/\/diariotribuna.com.br\/wp-content\/uploads\/2023\/08\/foto-antonio-eustaquio.jpg\" alt=\"\" class=\"wp-image-21136\" width=\"374\" height=\"535\" srcset=\"https:\/\/diariotribuna.com.br\/wp-content\/uploads\/2023\/08\/foto-antonio-eustaquio.jpg 600w, https:\/\/diariotribuna.com.br\/wp-content\/uploads\/2023\/08\/foto-antonio-eustaquio-210x300.jpg 210w, https:\/\/diariotribuna.com.br\/wp-content\/uploads\/2023\/08\/foto-antonio-eustaquio-294x420.jpg 294w\" sizes=\"(max-width: 374px) 100vw, 374px\" \/><figcaption class=\"wp-element-caption\"><strong>Ant\u00f4nio Eust\u00e1quio Rodrigues estava foragido<\/strong><br><strong>desde junho deste ano<\/strong><\/figcaption><\/figure>\n\n\n\n<p>Um empres\u00e1rio de Salinas, no Norte do estado, denunciado pelo Minist\u00e9rio P\u00fablico de Minas Gerais (MPMG) e condenado pela pr\u00e1tica dos delitos de estupro e estupro de vulner\u00e1vel foi preso na tarde de sexta-feira (18\/8\/2023), em Belo Horizonte. Ant\u00f4nio Eust\u00e1quio Rodrigues, propriet\u00e1rio das marcas de cacha\u00e7a Seleta, Saliboa e Boazinha, estava foragido desde junho deste ano e foi localizado por policiais do Centro de Apoio Operacional das Promotorias de Justi\u00e7a Criminais, da Execu\u00e7\u00e3o Penal, do Tribunal do J\u00fari e da Auditoria Militar (Caocrim) do MPMG em um apartamento no centro da capital.<\/p>\n\n\n\n<p>O homem foi condenado, com senten\u00e7a criminal transitada em jugado, pelos crimes de estupro (art. 213 do CP), por duas vezes, e por estupro de vulner\u00e1vel (art. 217-A do CP), a uma pena de 15 anos de reclus\u00e3o, em regime inicial fechado. O mandado de pris\u00e3o foi expedido pelo Ju\u00edzo da 1\u00aa Vara C\u00edvel, Criminal e de execu\u00e7\u00f5es Penais da comarca de Salinas. A pris\u00e3o do empres\u00e1rio \u00e9 resultado de trabalho conjunto do MPMG, por meio do Caocrim e da 1\u00aa Promotoria de Justi\u00e7a de Salinas, al\u00e9m da Pol\u00edcia Civil de Minas Gerais. Ant\u00f4nio Eust\u00e1quio ser\u00e1 custodiado em uma das unidades prisionais do Departamento Penitenci\u00e1rio de Minas Gerais. (Informa\u00e7\u00f5es\/Imagem: Minist\u00e9rio P\u00fablico de Minas Gerais\/ Assessoria de comunica\u00e7\u00e3o integrada).<\/p>\n","protected":false},"excerpt":{"rendered":"<p>Um empres\u00e1rio de Salinas, no Norte do estado, denunciado pelo Minist\u00e9rio P\u00fablico de Minas Gerais (MPMG) e condenado pela pr\u00e1tica dos delitos de estupro e estupro de vulner\u00e1vel foi preso na tarde de sexta-feira (18\/8\/2023), em Belo Horizonte. Ant\u00f4nio Eust\u00e1quio Rodrigues, propriet\u00e1rio das marcas de cacha\u00e7a Seleta, Saliboa e Boazinha, estava foragido desde junho deste [&hellip;]<\/p>\n","protected":false},"author":1,"featured_media":21136,"comment_status":"open","ping_status":"open","sticky":false,"template":"","format":"standard","meta":{"rop_custom_images_group":[],"rop_custom_messages_group":[],"rop_publish_now":"initial","rop_publish_now_accounts":[],"rop_publish_now_history":[],"rop_publish_now_status":"pending","footnotes":""},"categories":[19],"tags":[1037,1086,1173,146,5633,3797],"class_list":["post-21135","post","type-post","status-publish","format-standard","has-post-thumbnail","hentry","category-gerais","tag-empresario","tag-estupro","tag-estupro-de-vulneravel","tag-mpmg","tag-preso-em-bh","tag-salinas"],"_links":{"self":[{"href":"https:\/\/diariotribuna.com.br\/index.php?rest_route=\/wp\/v2\/posts\/21135"}],"collection":[{"href":"https:\/\/diariotribuna.com.br\/index.php?rest_route=\/wp\/v2\/posts"}],"about":[{"href":"https:\/\/diariotribuna.com.br\/index.php?rest_route=\/wp\/v2\/types\/post"}],"author":[{"embeddable":true,"href":"https:\/\/diariotribuna.com.br\/index.php?rest_route=\/wp\/v2\/users\/1"}],"replies":[{"embeddable":true,"href":"https:\/\/diariotribuna.com.br\/index.php?rest_route=%2Fwp%2Fv2%2Fcomments&post=21135"}],"version-history":[{"count":1,"href":"https:\/\/diariotribuna.com.br\/index.php?rest_route=\/wp\/v2\/posts\/21135\/revisions"}],"predecessor-version":[{"id":21137,"href":"https:\/\/diariotribuna.com.br\/index.php?rest_route=\/wp\/v2\/posts\/21135\/revisions\/21137"}],"wp:featuredmedia":[{"embeddable":true,"href":"https:\/\/diariotribuna.com.br\/index.php?rest_route=\/wp\/v2\/media\/21136"}],"wp:attachment":[{"href":"https:\/\/diariotribuna.com.br\/index.php?rest_route=%2Fwp%2Fv2%2Fmedia&parent=21135"}],"wp:term":[{"taxonomy":"category","embeddable":true,"href":"https:\/\/diariotribuna.com.br\/index.php?rest_route=%2Fwp%2Fv2%2Fcategories&post=21135"},{"taxonomy":"post_tag","embeddable":true,"href":"https:\/\/diariotribuna.com.br\/index.php?rest_route=%2Fwp%2Fv2%2Ftags&post=21135"}],"curies":[{"name":"wp","href":"https:\/\/api.w.org\/{rel}","templated":true}]}}