{"id":21141,"date":"2023-08-20T23:14:57","date_gmt":"2023-08-21T02:14:57","guid":{"rendered":"https:\/\/diariotribuna.com.br\/?p=21141"},"modified":"2023-08-22T23:54:40","modified_gmt":"2023-08-23T02:54:40","slug":"foragido-da-justica-e-preso-pela-pm-durante-festa-em-aracuai","status":"publish","type":"post","link":"https:\/\/diariotribuna.com.br\/?p=21141","title":{"rendered":"Foragido da justi\u00e7a \u00e9 preso pela PM durante festa em Ara\u00e7ua\u00ed"},"content":{"rendered":"\n<figure class=\"wp-block-image size-full is-resized is-style-default\"><img loading=\"lazy\" decoding=\"async\" src=\"https:\/\/diariotribuna.com.br\/wp-content\/uploads\/2023\/08\/fa0a7ef8-fc32-41f3-a50e-7d6587edbafa.jpg\" alt=\"\" class=\"wp-image-21142\" width=\"467\" height=\"308\" srcset=\"https:\/\/diariotribuna.com.br\/wp-content\/uploads\/2023\/08\/fa0a7ef8-fc32-41f3-a50e-7d6587edbafa.jpg 700w, https:\/\/diariotribuna.com.br\/wp-content\/uploads\/2023\/08\/fa0a7ef8-fc32-41f3-a50e-7d6587edbafa-300x198.jpg 300w, https:\/\/diariotribuna.com.br\/wp-content\/uploads\/2023\/08\/fa0a7ef8-fc32-41f3-a50e-7d6587edbafa-696x458.jpg 696w, https:\/\/diariotribuna.com.br\/wp-content\/uploads\/2023\/08\/fa0a7ef8-fc32-41f3-a50e-7d6587edbafa-638x420.jpg 638w\" sizes=\"(max-width: 467px) 100vw, 467px\" \/><\/figure>\n\n\n\n<p>Durante policiamento em uma festa tradicional em Ara\u00e7ua\u00ed, promovida por associa\u00e7\u00e3o de bairro, os militares receberam informa\u00e7\u00e3o que um homem, segundo a PM, de alta periculosidade, conhecido por D.G.F., de 38 anos, estava no local do evento. Foi feito rastreamento, \u00e0s 2h da madrugada de s\u00e1bado (19\/8), e os militares viram um homem fugindo sentido a uma regi\u00e3o de mata densa no instante em que percebeu a presen\u00e7a policial.<\/p>\n\n\n\n<p>A equipe iniciou a persegui\u00e7\u00e3o, na rua principal do bairro Arraial, entrou na mata de dif\u00edcil acesso, sem perder o autor de vista, e percebeu quando ele pulou num c\u00f3rrego. O tenente Danilo e o soldado Thomas entraram no c\u00f3rrego e conseguiram alcan\u00e7\u00e1-lo, prend\u00ea-lo e junto com o cabo Cardoso, ele foi algemado.<\/p>\n\n\n\n<p>Segundo a PM, o homem tem passagens por roubo, furto, tr\u00e1fico de drogas e tem um mandado de pris\u00e3o em aberto contra ela, que j\u00e1 havia conseguido fugir da pol\u00edcia em datas anteriores. O preso foi conduzido \u00e0 delegacia de Pol\u00edcia Civil em Ara\u00e7ua\u00ed para provid\u00eancias de pol\u00edcia judici\u00e1ria. Equipe: tenente Danilo, cabo Cardoso, soldados Thomas e Quaresma (Informa\u00e7\u00f5es\/Foto: assessoria de comunica\u00e7\u00e3o do 70\u00ba BPM\/ Ara\u00e7ua\u00ed).<\/p>\n","protected":false},"excerpt":{"rendered":"<p>Durante policiamento em uma festa tradicional em Ara\u00e7ua\u00ed, promovida por associa\u00e7\u00e3o de bairro, os militares receberam informa\u00e7\u00e3o que um homem, segundo a PM, de alta periculosidade, conhecido por D.G.F., de 38 anos, estava no local do evento. Foi feito rastreamento, \u00e0s 2h da madrugada de s\u00e1bado (19\/8), e os militares viram um homem fugindo sentido [&hellip;]<\/p>\n","protected":false},"author":1,"featured_media":21142,"comment_status":"open","ping_status":"open","sticky":false,"template":"","format":"standard","meta":{"rop_custom_images_group":[],"rop_custom_messages_group":[],"rop_publish_now":"initial","rop_publish_now_accounts":[],"rop_publish_now_history":[],"rop_publish_now_status":"pending","footnotes":""},"categories":[20],"tags":[380,989,76,5634],"class_list":["post-21141","post","type-post","status-publish","format-standard","has-post-thumbnail","hentry","category-policia","tag-aracuai","tag-foragido-da-justica","tag-policia-militar","tag-preso-durante-festa"],"_links":{"self":[{"href":"https:\/\/diariotribuna.com.br\/index.php?rest_route=\/wp\/v2\/posts\/21141"}],"collection":[{"href":"https:\/\/diariotribuna.com.br\/index.php?rest_route=\/wp\/v2\/posts"}],"about":[{"href":"https:\/\/diariotribuna.com.br\/index.php?rest_route=\/wp\/v2\/types\/post"}],"author":[{"embeddable":true,"href":"https:\/\/diariotribuna.com.br\/index.php?rest_route=\/wp\/v2\/users\/1"}],"replies":[{"embeddable":true,"href":"https:\/\/diariotribuna.com.br\/index.php?rest_route=%2Fwp%2Fv2%2Fcomments&post=21141"}],"version-history":[{"count":1,"href":"https:\/\/diariotribuna.com.br\/index.php?rest_route=\/wp\/v2\/posts\/21141\/revisions"}],"predecessor-version":[{"id":21143,"href":"https:\/\/diariotribuna.com.br\/index.php?rest_route=\/wp\/v2\/posts\/21141\/revisions\/21143"}],"wp:featuredmedia":[{"embeddable":true,"href":"https:\/\/diariotribuna.com.br\/index.php?rest_route=\/wp\/v2\/media\/21142"}],"wp:attachment":[{"href":"https:\/\/diariotribuna.com.br\/index.php?rest_route=%2Fwp%2Fv2%2Fmedia&parent=21141"}],"wp:term":[{"taxonomy":"category","embeddable":true,"href":"https:\/\/diariotribuna.com.br\/index.php?rest_route=%2Fwp%2Fv2%2Fcategories&post=21141"},{"taxonomy":"post_tag","embeddable":true,"href":"https:\/\/diariotribuna.com.br\/index.php?rest_route=%2Fwp%2Fv2%2Ftags&post=21141"}],"curies":[{"name":"wp","href":"https:\/\/api.w.org\/{rel}","templated":true}]}}