{"id":21144,"date":"2023-08-20T23:23:49","date_gmt":"2023-08-21T02:23:49","guid":{"rendered":"https:\/\/diariotribuna.com.br\/?p=21144"},"modified":"2023-08-20T23:23:50","modified_gmt":"2023-08-21T02:23:50","slug":"rodrigo-pacheco-instaura-na-quinta-feira-24-8-comissao-de-juristas-para-atualizacao-do-codigo-civil","status":"publish","type":"post","link":"https:\/\/diariotribuna.com.br\/?p=21144","title":{"rendered":"Rodrigo Pacheco instaura na quinta-feira (24\/8) comiss\u00e3o de juristas para atualiza\u00e7\u00e3o do C\u00f3digo Civil"},"content":{"rendered":"\n<figure class=\"wp-block-image size-full is-resized is-style-default\"><img loading=\"lazy\" decoding=\"async\" src=\"https:\/\/diariotribuna.com.br\/wp-content\/uploads\/2023\/08\/e2592350-ecc0-4d94-8016-f9040690a98b.jpg\" alt=\"\" class=\"wp-image-21145\" width=\"559\" height=\"364\" srcset=\"https:\/\/diariotribuna.com.br\/wp-content\/uploads\/2023\/08\/e2592350-ecc0-4d94-8016-f9040690a98b.jpg 700w, https:\/\/diariotribuna.com.br\/wp-content\/uploads\/2023\/08\/e2592350-ecc0-4d94-8016-f9040690a98b-300x195.jpg 300w, https:\/\/diariotribuna.com.br\/wp-content\/uploads\/2023\/08\/e2592350-ecc0-4d94-8016-f9040690a98b-696x453.jpg 696w, https:\/\/diariotribuna.com.br\/wp-content\/uploads\/2023\/08\/e2592350-ecc0-4d94-8016-f9040690a98b-645x420.jpg 645w\" sizes=\"(max-width: 559px) 100vw, 559px\" \/><\/figure>\n\n\n\n<p><strong>S\u00e3o Paulo &#8211;<\/strong> O presidente do Senado Federal, Rodrigo Pacheco (PSD-MG), informou, na quinta-feira (17) que vai instalar, no dia 24 de agosto, uma comiss\u00e3o de juristas para elaborar proposta de atualiza\u00e7\u00e3o do C\u00f3digo Civil, que completa 20 anos em 2023. O senador confirmou que o presidente do colegiado ser\u00e1 o ministro do Superior Tribunal de Justi\u00e7a (STJ) Luis Felipe Salom\u00e3o.<\/p>\n\n\n\n<p>O senador fez o an\u00fancio durante participa\u00e7\u00e3o no congresso \u201c20 anos do C\u00f3digo Civil: Avan\u00e7os e Novos Desafios \u2013 Homenagem ao ministro Paulo de Tarso Sanseverino\u201d, em S\u00e3o Paulo. \u201cNo dia 24 pr\u00f3ximo, uma quinta-feira, \u00e0s 16h, na Presid\u00eancia do Senado Federal, n\u00f3s assinaremos o ato de institui\u00e7\u00e3o da comiss\u00e3o de juristas para atualiza\u00e7\u00e3o do C\u00f3digo Civil, que, ao completar 20 anos precisa ser atualizado\u201d, informou Pacheco.<\/p>\n\n\n\n<p>O senador lembrou que, desde a sua primeira gest\u00e3o frente \u00e0 Presid\u00eancia da Casa, outras comiss\u00f5es de juristas foram respons\u00e1veis por sugest\u00f5es para a elabora\u00e7\u00e3o de leis sobre temas de relev\u00e2ncia para o pa\u00eds, como a comiss\u00e3o de juristas para atualizar lei do impeachment, o colegiado que tratou do tema da intelig\u00eancia artificial, e a comiss\u00e3o que buscou atualizar as regras dos procedimentos administrativos e tribut\u00e1rios. \u201cEu n\u00e3o tenho d\u00favida que, a exemplo de outras experi\u00eancias do Senado, que tem esse instituto da comiss\u00e3o de juristas, n\u00f3s entregaremos boas modifica\u00e7\u00f5es para a sociedade brasileira\u201d, enfatizou.<\/p>\n\n\n\n<p>O presidente do colegiado ser\u00e1 o respons\u00e1vel por montar a equipe a cargo da elabora\u00e7\u00e3o do trabalho, informou Pacheco. \u201cEsta miss\u00e3o estar\u00e1 a cargo e em excelentes m\u00e3os, n\u00e3o tenho d\u00favida, com a concord\u00e2ncia de todos, desse grande jurista que \u00e9 um exemplo de magistrado, doutrinador, cientista tamb\u00e9m do direito, ministro Luis Felipe Salom\u00e3o, a quem eu rendo todas as minhas homenagens, e que cuidar\u00e1 de compor a sua equipe de juristas de forma representativa, envolvendo professores, advogados, membros do Minist\u00e9rio P\u00fablico, magistrados, extrajudicial, todo mundo participando desta comiss\u00e3o de juristas da renova\u00e7\u00e3o do C\u00f3digo Civil\u201d, disse.<\/p>\n\n\n\n<p>Rodrigo Pacheco frisou que o atual regramento precisa ser atualizado em raz\u00e3o das transforma\u00e7\u00f5es pelas quais a sociedade passa. \u201cO C\u00f3digo Civil tem a important\u00edssima tarefa de fixar o quadro dentro do qual se desenrolam as rela\u00e7\u00f5es que constituem a trama mesma do tecido social. Um C\u00f3digo Civil \u00f3timo \u00e9 aquele que garante isso e, ao mesmo tempo, \u00e9 capaz de adequar-se \u00e0 inevit\u00e1vel fluidez dessas rela\u00e7\u00f5es. O C\u00f3digo Civil \u00e9 como uma roupa que precisa crescer junto com o corpo que veste\u201d, afirmou.<\/p>\n","protected":false},"excerpt":{"rendered":"<p>S\u00e3o Paulo &#8211; O presidente do Senado Federal, Rodrigo Pacheco (PSD-MG), informou, na quinta-feira (17) que vai instalar, no dia 24 de agosto, uma comiss\u00e3o de juristas para elaborar proposta de atualiza\u00e7\u00e3o do C\u00f3digo Civil, que completa 20 anos em 2023. O senador confirmou que o presidente do colegiado ser\u00e1 o ministro do Superior Tribunal [&hellip;]<\/p>\n","protected":false},"author":1,"featured_media":21145,"comment_status":"open","ping_status":"open","sticky":false,"template":"","format":"standard","meta":{"rop_custom_images_group":[],"rop_custom_messages_group":[],"rop_publish_now":"initial","rop_publish_now_accounts":[],"rop_publish_now_history":[],"rop_publish_now_status":"pending","footnotes":""},"categories":[21],"tags":[1223,5636,5635,585],"class_list":["post-21144","post","type-post","status-publish","format-standard","has-post-thumbnail","hentry","category-politica","tag-atualizacao","tag-codigo-civil","tag-comissao-de-juristas","tag-rodrigo-pacheco"],"_links":{"self":[{"href":"https:\/\/diariotribuna.com.br\/index.php?rest_route=\/wp\/v2\/posts\/21144"}],"collection":[{"href":"https:\/\/diariotribuna.com.br\/index.php?rest_route=\/wp\/v2\/posts"}],"about":[{"href":"https:\/\/diariotribuna.com.br\/index.php?rest_route=\/wp\/v2\/types\/post"}],"author":[{"embeddable":true,"href":"https:\/\/diariotribuna.com.br\/index.php?rest_route=\/wp\/v2\/users\/1"}],"replies":[{"embeddable":true,"href":"https:\/\/diariotribuna.com.br\/index.php?rest_route=%2Fwp%2Fv2%2Fcomments&post=21144"}],"version-history":[{"count":1,"href":"https:\/\/diariotribuna.com.br\/index.php?rest_route=\/wp\/v2\/posts\/21144\/revisions"}],"predecessor-version":[{"id":21146,"href":"https:\/\/diariotribuna.com.br\/index.php?rest_route=\/wp\/v2\/posts\/21144\/revisions\/21146"}],"wp:featuredmedia":[{"embeddable":true,"href":"https:\/\/diariotribuna.com.br\/index.php?rest_route=\/wp\/v2\/media\/21145"}],"wp:attachment":[{"href":"https:\/\/diariotribuna.com.br\/index.php?rest_route=%2Fwp%2Fv2%2Fmedia&parent=21144"}],"wp:term":[{"taxonomy":"category","embeddable":true,"href":"https:\/\/diariotribuna.com.br\/index.php?rest_route=%2Fwp%2Fv2%2Fcategories&post=21144"},{"taxonomy":"post_tag","embeddable":true,"href":"https:\/\/diariotribuna.com.br\/index.php?rest_route=%2Fwp%2Fv2%2Ftags&post=21144"}],"curies":[{"name":"wp","href":"https:\/\/api.w.org\/{rel}","templated":true}]}}