{"id":21162,"date":"2023-08-22T15:30:11","date_gmt":"2023-08-22T18:30:11","guid":{"rendered":"https:\/\/diariotribuna.com.br\/?p=21162"},"modified":"2023-08-24T16:48:32","modified_gmt":"2023-08-24T19:48:32","slug":"diario-tribuna-22-de-agosto-2023-teofilo-otoni-mg","status":"publish","type":"post","link":"https:\/\/diariotribuna.com.br\/?p=21162","title":{"rendered":"Di\u00e1rio Tribuna, 22 de Agosto 2023, Te\u00f3filo Otoni &#8211; MG"},"content":{"rendered":"\n<figure class=\"wp-block-image size-full is-resized is-style-default\"><img loading=\"lazy\" decoding=\"async\" src=\"https:\/\/diariotribuna.com.br\/wp-content\/uploads\/2023\/08\/65940fad-a3ab-4f7b-92e8-7b74715b714d.jpg\" alt=\"\" class=\"wp-image-21164\" width=\"343\" height=\"491\" srcset=\"https:\/\/diariotribuna.com.br\/wp-content\/uploads\/2023\/08\/65940fad-a3ab-4f7b-92e8-7b74715b714d.jpg 696w, https:\/\/diariotribuna.com.br\/wp-content\/uploads\/2023\/08\/65940fad-a3ab-4f7b-92e8-7b74715b714d-210x300.jpg 210w, https:\/\/diariotribuna.com.br\/wp-content\/uploads\/2023\/08\/65940fad-a3ab-4f7b-92e8-7b74715b714d-293x420.jpg 293w\" sizes=\"(max-width: 343px) 100vw, 343px\" \/><\/figure>\n\n\n\n<h2 class=\"wp-block-heading\"><strong><strong><mark style=\"background-color:rgba(0, 0, 0, 0)\" class=\"has-inline-color has-vivid-red-color\">Acesse o link abaixo e veja a edi\u00e7\u00e3o completa do Di\u00e1rio Tribuna desta ter\u00e7a-feira (22\/8\/2023)<\/mark><\/strong><\/strong><\/h2>\n\n\n\n<h2 class=\"wp-block-heading\"><a href=\"https:\/\/diariotribuna.com.br\/wp-content\/uploads\/2023\/08\/DIARIO-TRIBUNA-53-ANOS-22-AGOSTO-2023.pdf\"><strong><mark style=\"background-color:rgba(0, 0, 0, 0)\" class=\"has-inline-color has-vivid-red-color\">https:\/\/diariotribuna.com.br\/wp-content\/uploads\/2023\/08\/DIARIO-TRIBUNA-53-ANOS-22-AGOSTO-2023.pdf<\/mark><\/strong><\/a><\/h2>\n","protected":false},"excerpt":{"rendered":"<p>Acesse o link abaixo e veja a edi\u00e7\u00e3o completa do Di\u00e1rio Tribuna desta ter\u00e7a-feira (22\/8\/2023) https:\/\/diariotribuna.com.br\/wp-content\/uploads\/2023\/08\/DIARIO-TRIBUNA-53-ANOS-22-AGOSTO-2023.pdf<\/p>\n","protected":false},"author":1,"featured_media":21164,"comment_status":"open","ping_status":"open","sticky":false,"template":"","format":"standard","meta":{"rop_custom_images_group":[],"rop_custom_messages_group":[],"rop_publish_now":"initial","rop_publish_now_accounts":[],"rop_publish_now_history":[],"rop_publish_now_status":"pending","footnotes":""},"categories":[17],"tags":[5640,42,1010,75,867],"class_list":["post-21162","post","type-post","status-publish","format-standard","has-post-thumbnail","hentry","category-teofilootoni","tag-22-08-2023","tag-diario-tribuna","tag-nordeste-mineiro","tag-teofilo-otoni","tag-vale-do-mucuri"],"_links":{"self":[{"href":"https:\/\/diariotribuna.com.br\/index.php?rest_route=\/wp\/v2\/posts\/21162"}],"collection":[{"href":"https:\/\/diariotribuna.com.br\/index.php?rest_route=\/wp\/v2\/posts"}],"about":[{"href":"https:\/\/diariotribuna.com.br\/index.php?rest_route=\/wp\/v2\/types\/post"}],"author":[{"embeddable":true,"href":"https:\/\/diariotribuna.com.br\/index.php?rest_route=\/wp\/v2\/users\/1"}],"replies":[{"embeddable":true,"href":"https:\/\/diariotribuna.com.br\/index.php?rest_route=%2Fwp%2Fv2%2Fcomments&post=21162"}],"version-history":[{"count":1,"href":"https:\/\/diariotribuna.com.br\/index.php?rest_route=\/wp\/v2\/posts\/21162\/revisions"}],"predecessor-version":[{"id":21165,"href":"https:\/\/diariotribuna.com.br\/index.php?rest_route=\/wp\/v2\/posts\/21162\/revisions\/21165"}],"wp:featuredmedia":[{"embeddable":true,"href":"https:\/\/diariotribuna.com.br\/index.php?rest_route=\/wp\/v2\/media\/21164"}],"wp:attachment":[{"href":"https:\/\/diariotribuna.com.br\/index.php?rest_route=%2Fwp%2Fv2%2Fmedia&parent=21162"}],"wp:term":[{"taxonomy":"category","embeddable":true,"href":"https:\/\/diariotribuna.com.br\/index.php?rest_route=%2Fwp%2Fv2%2Fcategories&post=21162"},{"taxonomy":"post_tag","embeddable":true,"href":"https:\/\/diariotribuna.com.br\/index.php?rest_route=%2Fwp%2Fv2%2Ftags&post=21162"}],"curies":[{"name":"wp","href":"https:\/\/api.w.org\/{rel}","templated":true}]}}