{"id":21166,"date":"2023-08-22T18:53:51","date_gmt":"2023-08-22T21:53:51","guid":{"rendered":"https:\/\/diariotribuna.com.br\/?p=21166"},"modified":"2023-08-24T12:25:33","modified_gmt":"2023-08-24T15:25:33","slug":"frente-mineira-de-prefeitos-realiza-a-1a-jornada-da-saude-em-teofilo-otoni","status":"publish","type":"post","link":"https:\/\/diariotribuna.com.br\/?p=21166","title":{"rendered":"Frente Mineira de Prefeitos realiza a 1\u00aa Jornada da Sa\u00fade em Te\u00f3filo Otoni"},"content":{"rendered":"\n<figure class=\"wp-block-image size-full is-resized is-style-default\"><img loading=\"lazy\" decoding=\"async\" src=\"https:\/\/diariotribuna.com.br\/wp-content\/uploads\/2023\/08\/5-1.jpg\" alt=\"\" class=\"wp-image-21167\" width=\"642\" height=\"391\" srcset=\"https:\/\/diariotribuna.com.br\/wp-content\/uploads\/2023\/08\/5-1.jpg 700w, https:\/\/diariotribuna.com.br\/wp-content\/uploads\/2023\/08\/5-1-300x183.jpg 300w, https:\/\/diariotribuna.com.br\/wp-content\/uploads\/2023\/08\/5-1-696x424.jpg 696w, https:\/\/diariotribuna.com.br\/wp-content\/uploads\/2023\/08\/5-1-690x420.jpg 690w\" sizes=\"(max-width: 642px) 100vw, 642px\" \/><\/figure>\n\n\n\n<p>Numa a\u00e7\u00e3o in\u00e9dita a Frente Mineira de Prefeitos (FMP) realizou na sexta-feira (18\/8\/2023) a 1\u00aa Jornada da Sa\u00fade, no Expominas, em Te\u00f3filo Otoni, com participa\u00e7\u00e3o de prefeitos, secret\u00e1rios e gestores de sa\u00fade de mais de 50 munic\u00edpios da regi\u00e3o Nordeste do estado, que engloba os vales do Jequitinhonha e Mucuri. Com o tema \u201cFinanciamento e Planejamento do SUS\u201d, o evento contou com a orienta\u00e7\u00e3o e apresenta\u00e7\u00e3o de secret\u00e1rios nacionais e presen\u00e7a de mais de 800 pessoas.<\/p>\n\n\n\n<figure class=\"wp-block-gallery has-nested-images columns-default is-cropped wp-block-gallery-1 is-layout-flex wp-block-gallery-is-layout-flex\">\n<figure class=\"wp-block-image size-large is-style-default\"><img loading=\"lazy\" decoding=\"async\" width=\"600\" height=\"392\" data-id=\"21175\" src=\"https:\/\/diariotribuna.com.br\/wp-content\/uploads\/2023\/08\/7-1.jpg\" alt=\"\" class=\"wp-image-21175\" srcset=\"https:\/\/diariotribuna.com.br\/wp-content\/uploads\/2023\/08\/7-1.jpg 600w, https:\/\/diariotribuna.com.br\/wp-content\/uploads\/2023\/08\/7-1-300x196.jpg 300w\" sizes=\"(max-width: 600px) 100vw, 600px\" \/><\/figure>\n\n\n\n<figure class=\"wp-block-image size-large is-style-default\"><img loading=\"lazy\" decoding=\"async\" width=\"600\" height=\"366\" data-id=\"21176\" src=\"https:\/\/diariotribuna.com.br\/wp-content\/uploads\/2023\/08\/8-1.jpg\" alt=\"\" class=\"wp-image-21176\" srcset=\"https:\/\/diariotribuna.com.br\/wp-content\/uploads\/2023\/08\/8-1.jpg 600w, https:\/\/diariotribuna.com.br\/wp-content\/uploads\/2023\/08\/8-1-300x183.jpg 300w\" sizes=\"(max-width: 600px) 100vw, 600px\" \/><\/figure>\n<\/figure>\n\n\n\n<p>O <strong>prefeito de Te\u00f3filo Otoni e presidente da Frente Mineira de Prefeitos, Daniel Sucupira<\/strong> fez um balan\u00e7o positivo do lan\u00e7amento do evento na regi\u00e3o. \u201cUm dos objetivos da Frente \u00e9 contribuir para a melhoria de todas as \u00e1reas da administra\u00e7\u00e3o p\u00fablica, e a sa\u00fade \u00e9 uma prioridade. Temos uma avalia\u00e7\u00e3o positiva dessa primeira reuni\u00e3o da jornada em Te\u00f3filo Otoni. A regi\u00e3o tem a menor cobertura da sa\u00fade no Estado. A nossa macrorregi\u00e3o nordeste \u00e9 a que tem menos leitos de UTI e cobertura hospitalar, com \u00edndices alarmantes que precisam ser transformados\u201d, ressaltou.<\/p>\n\n\n\n<p>Sucupira frisou que a discuss\u00e3o da sa\u00fade tem que ser integrada, que Te\u00f3filo Otoni n\u00e3o consegue fazer a sa\u00fade sozinha. \u201cSe a sa\u00fade das cidades do entorno n\u00e3o funcionar, a sa\u00fade de Te\u00f3filo Otoni tamb\u00e9m n\u00e3o funciona. E se a de Te\u00f3filo Otoni n\u00e3o funcionar bem, a sa\u00fade da regi\u00e3o tamb\u00e9m n\u00e3o funciona. Esse grande movimento que estamos fazendo busca promover essa integra\u00e7\u00e3o, essa uni\u00e3o em prol de uma aplica\u00e7\u00e3o mais efetiva dos recursos da sa\u00fade, e consequentemente a amplitude do nosso trabalho\u201d disse o prefeito.<\/p>\n\n\n\n<figure class=\"wp-block-gallery has-nested-images columns-default is-cropped wp-block-gallery-2 is-layout-flex wp-block-gallery-is-layout-flex\">\n<figure class=\"wp-block-image size-large is-style-default\"><img loading=\"lazy\" decoding=\"async\" width=\"600\" height=\"437\" data-id=\"21179\" src=\"https:\/\/diariotribuna.com.br\/wp-content\/uploads\/2023\/08\/9-1.jpg\" alt=\"\" class=\"wp-image-21179\" srcset=\"https:\/\/diariotribuna.com.br\/wp-content\/uploads\/2023\/08\/9-1.jpg 600w, https:\/\/diariotribuna.com.br\/wp-content\/uploads\/2023\/08\/9-1-300x219.jpg 300w, https:\/\/diariotribuna.com.br\/wp-content\/uploads\/2023\/08\/9-1-324x235.jpg 324w, https:\/\/diariotribuna.com.br\/wp-content\/uploads\/2023\/08\/9-1-577x420.jpg 577w\" sizes=\"(max-width: 600px) 100vw, 600px\" \/><\/figure>\n\n\n\n<figure class=\"wp-block-image size-large is-style-default\"><img loading=\"lazy\" decoding=\"async\" width=\"600\" height=\"388\" data-id=\"21178\" src=\"https:\/\/diariotribuna.com.br\/wp-content\/uploads\/2023\/08\/2-3.jpg\" alt=\"\" class=\"wp-image-21178\" srcset=\"https:\/\/diariotribuna.com.br\/wp-content\/uploads\/2023\/08\/2-3.jpg 600w, https:\/\/diariotribuna.com.br\/wp-content\/uploads\/2023\/08\/2-3-300x194.jpg 300w\" sizes=\"(max-width: 600px) 100vw, 600px\" \/><\/figure>\n\n\n\n<figure class=\"wp-block-image size-large is-style-default\"><img loading=\"lazy\" decoding=\"async\" width=\"600\" height=\"397\" data-id=\"21177\" src=\"https:\/\/diariotribuna.com.br\/wp-content\/uploads\/2023\/08\/11-1.jpg\" alt=\"\" class=\"wp-image-21177\" srcset=\"https:\/\/diariotribuna.com.br\/wp-content\/uploads\/2023\/08\/11-1.jpg 600w, https:\/\/diariotribuna.com.br\/wp-content\/uploads\/2023\/08\/11-1-300x199.jpg 300w\" sizes=\"(max-width: 600px) 100vw, 600px\" \/><\/figure>\n<\/figure>\n\n\n\n<p>A <strong>superintendente estadual do Minist\u00e9rio da Sa\u00fade em Minas Gerais, Mafl\u00e1via Ferreira<\/strong> apresentou os impactos da sa\u00fade, onde ser\u00e3o investidos os recursos, quais as modalidades e as a\u00e7\u00f5es priorizadas do novo PAC anunciado pelo presidente Lula. Ela enfatizou a import\u00e2ncia das 14 macrorregi\u00f5es que englobam o PAC da sa\u00fade, que foi lan\u00e7ado no dia 11 de agosto, e a aplica\u00e7\u00e3o de recursos no valor de R$ 30,5 bilh\u00f5es para o fortalecimento das regi\u00f5es. Disse que vai ter investimento da aten\u00e7\u00e3o prim\u00e1ria, para expans\u00e3o do atendimento da aten\u00e7\u00e3o secund\u00e1ria e terci\u00e1ria, aumentando a acessibilidade da popula\u00e7\u00e3o, e universalizando mais o SUS.<\/p>\n\n\n\n<p>O <strong>secret\u00e1rio do governo municipal, Pio de Castro<\/strong> destacou que o evento tratou de um assunto important\u00edssimo que \u00e9 a sa\u00fade, com representantes de 57 cidades da regi\u00e3o, do Minist\u00e9rio da Sa\u00fade, oportunidade de apresentar as demandas e as dificuldades. \u201cMas tamb\u00e9m de ouvir as novidades que n\u00f3s temos encaminhadas no Minist\u00e9rio da Sa\u00fade, com a nova gest\u00e3o do presidente Lula, eu tenho certeza que a popula\u00e7\u00e3o vai ser muito bem beneficiada por conta desses encaminhamentos que n\u00f3s vamos dar por aqui\u201d, disse Pio de Castro, destacando os servi\u00e7os prestados em Te\u00f3filo Otoni, como: PSFs que contam com m\u00e9dicos, e, em 5 PSFs tem m\u00e9dicos e dentistas noturnos.<\/p>\n\n\n\n<p>Para <strong>o secret\u00e1rio de planejamento e servi\u00e7os urbanos, Tarcirlei Marinielo de Brito<\/strong>, &#8220;esse \u00e9 um evento que entra para a hist\u00f3ria de Te\u00f3filo Otoni, gra\u00e7as ao dinamismo e empenho do nosso atual prefeito Daniel Sucupira, que tamb\u00e9m \u00e9 presidente da FMP que est\u00e1 capitaneando esse evento aqui, trazendo a presen\u00e7a do Minist\u00e9rio da Sa\u00fade para dentro de Te\u00f3filo Otoni&#8221;.<\/p>\n\n\n\n<figure class=\"wp-block-gallery has-nested-images columns-default is-cropped wp-block-gallery-3 is-layout-flex wp-block-gallery-is-layout-flex\">\n<figure class=\"wp-block-image size-large is-style-default\"><img loading=\"lazy\" decoding=\"async\" width=\"600\" height=\"397\" data-id=\"21183\" src=\"https:\/\/diariotribuna.com.br\/wp-content\/uploads\/2023\/08\/6-1.jpg\" alt=\"\" class=\"wp-image-21183\" srcset=\"https:\/\/diariotribuna.com.br\/wp-content\/uploads\/2023\/08\/6-1.jpg 600w, https:\/\/diariotribuna.com.br\/wp-content\/uploads\/2023\/08\/6-1-300x199.jpg 300w\" sizes=\"(max-width: 600px) 100vw, 600px\" \/><\/figure>\n\n\n\n<figure class=\"wp-block-image size-large is-style-default\"><img loading=\"lazy\" decoding=\"async\" width=\"600\" height=\"397\" data-id=\"21182\" src=\"https:\/\/diariotribuna.com.br\/wp-content\/uploads\/2023\/08\/1-4.jpg\" alt=\"\" class=\"wp-image-21182\" srcset=\"https:\/\/diariotribuna.com.br\/wp-content\/uploads\/2023\/08\/1-4.jpg 600w, https:\/\/diariotribuna.com.br\/wp-content\/uploads\/2023\/08\/1-4-300x199.jpg 300w\" sizes=\"(max-width: 600px) 100vw, 600px\" \/><\/figure>\n\n\n\n<figure class=\"wp-block-image size-large is-style-default\"><img loading=\"lazy\" decoding=\"async\" width=\"600\" height=\"390\" data-id=\"21180\" src=\"https:\/\/diariotribuna.com.br\/wp-content\/uploads\/2023\/08\/3-3.jpg\" alt=\"\" class=\"wp-image-21180\" srcset=\"https:\/\/diariotribuna.com.br\/wp-content\/uploads\/2023\/08\/3-3.jpg 600w, https:\/\/diariotribuna.com.br\/wp-content\/uploads\/2023\/08\/3-3-300x195.jpg 300w\" sizes=\"(max-width: 600px) 100vw, 600px\" \/><\/figure>\n\n\n\n<figure class=\"wp-block-image size-large is-style-default\"><img loading=\"lazy\" decoding=\"async\" width=\"600\" height=\"414\" data-id=\"21181\" src=\"https:\/\/diariotribuna.com.br\/wp-content\/uploads\/2023\/08\/4-3.jpg\" alt=\"\" class=\"wp-image-21181\" srcset=\"https:\/\/diariotribuna.com.br\/wp-content\/uploads\/2023\/08\/4-3.jpg 600w, https:\/\/diariotribuna.com.br\/wp-content\/uploads\/2023\/08\/4-3-300x207.jpg 300w, https:\/\/diariotribuna.com.br\/wp-content\/uploads\/2023\/08\/4-3-100x70.jpg 100w, https:\/\/diariotribuna.com.br\/wp-content\/uploads\/2023\/08\/4-3-218x150.jpg 218w\" sizes=\"(max-width: 600px) 100vw, 600px\" \/><\/figure>\n\n\n\n<figure class=\"wp-block-image size-large is-style-default\"><img loading=\"lazy\" decoding=\"async\" width=\"600\" height=\"397\" data-id=\"21184\" src=\"https:\/\/diariotribuna.com.br\/wp-content\/uploads\/2023\/08\/12-1.jpg\" alt=\"\" class=\"wp-image-21184\" srcset=\"https:\/\/diariotribuna.com.br\/wp-content\/uploads\/2023\/08\/12-1.jpg 600w, https:\/\/diariotribuna.com.br\/wp-content\/uploads\/2023\/08\/12-1-300x199.jpg 300w\" sizes=\"(max-width: 600px) 100vw, 600px\" \/><\/figure>\n<\/figure>\n\n\n\n<p>O <strong>presidente do Cons\u00f3rcio Intermunicipal da Sa\u00fade (CIS-EVMJ), N\u00eago Sampaio<\/strong> frisou que j\u00e1 discutiu com prefeitos que logo ap\u00f3s a covid iria ter uma sa\u00fade represada, principalmente na prim\u00e1ria: exames, consultas, raio-x, ultrassom, resson\u00e2ncia, tomografia, enfim, o que \u00e9 tratado no Cons\u00f3rcio de Sa\u00fade Mucuri, Jequitinhonha. E nessa discuss\u00e3o, disse que gostaria de saber de onde vem e de que forma captar recursos, dos governos estadual e federal, para fazer a sa\u00fade nesta regi\u00e3o.<\/p>\n\n\n\n<p>O <strong>diretor do Fundo Nacional de Sa\u00fade, D\u00e1rcio Guedes J\u00fanior,<\/strong> apresentou os mecanismos e ferramentas tecnol\u00f3gicas de acesso \u00e0 informa\u00e7\u00e3o, e falou sobre os fundos e os financiamentos do SUS. Tamb\u00e9m explicou sobre o piso nacional da enfermagem. A FMP vai percorrer mais 17 regi\u00f5es com a Jornada da Sa\u00fade, ouvindo os gestores municipais e levando orienta\u00e7\u00f5es pertinentes \u00e0 melhoria da sa\u00fade no Estado.<\/p>\n\n\n\n<figure class=\"wp-block-image size-full is-resized is-style-default\"><img loading=\"lazy\" decoding=\"async\" src=\"https:\/\/diariotribuna.com.br\/wp-content\/uploads\/2023\/08\/10-1.jpg\" alt=\"\" class=\"wp-image-21185\" width=\"723\" height=\"446\" srcset=\"https:\/\/diariotribuna.com.br\/wp-content\/uploads\/2023\/08\/10-1.jpg 600w, https:\/\/diariotribuna.com.br\/wp-content\/uploads\/2023\/08\/10-1-300x185.jpg 300w, https:\/\/diariotribuna.com.br\/wp-content\/uploads\/2023\/08\/10-1-356x220.jpg 356w\" sizes=\"(max-width: 723px) 100vw, 723px\" \/><\/figure>\n\n\n\n<h3 class=\"wp-block-heading\"><strong>(FOTOS: DI\u00c1RIO TRIBUNA)<\/strong><\/h3>\n","protected":false},"excerpt":{"rendered":"<p>Numa a\u00e7\u00e3o in\u00e9dita a Frente Mineira de Prefeitos (FMP) realizou na sexta-feira (18\/8\/2023) a 1\u00aa Jornada da Sa\u00fade, no Expominas, em Te\u00f3filo Otoni, com participa\u00e7\u00e3o de prefeitos, secret\u00e1rios e gestores de sa\u00fade de mais de 50 munic\u00edpios da regi\u00e3o Nordeste do estado, que engloba os vales do Jequitinhonha e Mucuri. Com o tema \u201cFinanciamento e [&hellip;]<\/p>\n","protected":false},"author":1,"featured_media":21167,"comment_status":"open","ping_status":"open","sticky":false,"template":"","format":"standard","meta":{"rop_custom_images_group":[],"rop_custom_messages_group":[],"rop_publish_now":"initial","rop_publish_now_accounts":[],"rop_publish_now_history":[],"rop_publish_now_status":"pending","footnotes":""},"categories":[17],"tags":[4515,5641,3673,5642,75],"class_list":["post-21166","post","type-post","status-publish","format-standard","has-post-thumbnail","hentry","category-teofilootoni","tag-expominas","tag-fmp","tag-frente-mineira-de-prefeitos","tag-i-jornada-da-saude","tag-teofilo-otoni"],"_links":{"self":[{"href":"https:\/\/diariotribuna.com.br\/index.php?rest_route=\/wp\/v2\/posts\/21166"}],"collection":[{"href":"https:\/\/diariotribuna.com.br\/index.php?rest_route=\/wp\/v2\/posts"}],"about":[{"href":"https:\/\/diariotribuna.com.br\/index.php?rest_route=\/wp\/v2\/types\/post"}],"author":[{"embeddable":true,"href":"https:\/\/diariotribuna.com.br\/index.php?rest_route=\/wp\/v2\/users\/1"}],"replies":[{"embeddable":true,"href":"https:\/\/diariotribuna.com.br\/index.php?rest_route=%2Fwp%2Fv2%2Fcomments&post=21166"}],"version-history":[{"count":2,"href":"https:\/\/diariotribuna.com.br\/index.php?rest_route=\/wp\/v2\/posts\/21166\/revisions"}],"predecessor-version":[{"id":21187,"href":"https:\/\/diariotribuna.com.br\/index.php?rest_route=\/wp\/v2\/posts\/21166\/revisions\/21187"}],"wp:featuredmedia":[{"embeddable":true,"href":"https:\/\/diariotribuna.com.br\/index.php?rest_route=\/wp\/v2\/media\/21167"}],"wp:attachment":[{"href":"https:\/\/diariotribuna.com.br\/index.php?rest_route=%2Fwp%2Fv2%2Fmedia&parent=21166"}],"wp:term":[{"taxonomy":"category","embeddable":true,"href":"https:\/\/diariotribuna.com.br\/index.php?rest_route=%2Fwp%2Fv2%2Fcategories&post=21166"},{"taxonomy":"post_tag","embeddable":true,"href":"https:\/\/diariotribuna.com.br\/index.php?rest_route=%2Fwp%2Fv2%2Ftags&post=21166"}],"curies":[{"name":"wp","href":"https:\/\/api.w.org\/{rel}","templated":true}]}}