{"id":21188,"date":"2023-08-22T19:16:21","date_gmt":"2023-08-22T22:16:21","guid":{"rendered":"https:\/\/diariotribuna.com.br\/?p=21188"},"modified":"2023-08-22T19:26:11","modified_gmt":"2023-08-22T22:26:11","slug":"fortes-chuvas-causam-estragos-em-teofilo-otoni-prefeitura-decreta-situacao-de-emergencia","status":"publish","type":"post","link":"https:\/\/diariotribuna.com.br\/?p=21188","title":{"rendered":"Fortes chuvas causam estragos em Te\u00f3filo Otoni; prefeitura decreta situa\u00e7\u00e3o de emerg\u00eancia"},"content":{"rendered":"\n<figure class=\"wp-block-image size-full is-resized is-style-default\"><img loading=\"lazy\" decoding=\"async\" src=\"https:\/\/diariotribuna.com.br\/wp-content\/uploads\/2023\/08\/2-Ao-lado-da-PRF-BR-116-caiu-uma-arvore-e-um-poste.jpg\" alt=\"\" class=\"wp-image-21189\" width=\"575\" height=\"343\" srcset=\"https:\/\/diariotribuna.com.br\/wp-content\/uploads\/2023\/08\/2-Ao-lado-da-PRF-BR-116-caiu-uma-arvore-e-um-poste.jpg 700w, https:\/\/diariotribuna.com.br\/wp-content\/uploads\/2023\/08\/2-Ao-lado-da-PRF-BR-116-caiu-uma-arvore-e-um-poste-300x179.jpg 300w, https:\/\/diariotribuna.com.br\/wp-content\/uploads\/2023\/08\/2-Ao-lado-da-PRF-BR-116-caiu-uma-arvore-e-um-poste-696x415.jpg 696w\" sizes=\"(max-width: 575px) 100vw, 575px\" \/><figcaption class=\"wp-element-caption\"><strong>Ao lado da PRF, na BR 116 caiu uma \u00e1rvore e um poste<\/strong><\/figcaption><\/figure>\n\n\n\n<p>As fortes chuvas que ca\u00edram na noite de segunda-feira (21\/8), em Te\u00f3filo Otoni, inclusive chuva de granizo e fortes ventanias, causaram grandes estragos em diversos bairros da cidade, e muita preocupa\u00e7\u00e3o. Ruas ficaram alagadas, principalmente em alguns pontos que j\u00e1 s\u00e3o cr\u00f4nicos, como bairros Marajoara, Gr\u00e3o Par\u00e1, Palmeiras, S\u00e3o Jacinto, Vila Barreiros, Bela Vista, S\u00e3o Crist\u00f3v\u00e3o, regi\u00e3o da Unipac e outros. O centro da cidade tamb\u00e9m foi bastante afetado, em algumas lojas chegaram a entrar \u00e1gua, uma placa caiu sobre um ve\u00edculo que passava pela avenida Get\u00falio Vargas, mas felizmente os ocupantes n\u00e3o se feriram.<\/p>\n\n\n\n<p>Ainda na noite de segunda-feira (21) o Prefeito Daniel Sucupira convocou a equipe de governo e representantes dos \u00f3rg\u00e3os que integram o gabinete de gerenciamento de crise para uma reuni\u00e3o estrat\u00e9gica e de balan\u00e7o dos danos causados pelas fortes ventanias e chuvas de granizo. Foram registradas cerca de 50 ocorr\u00eancias, incluindo pontos de alagamentos, riscos de desabamento e quedas de \u00e1rvores que obstru\u00edram vias. A Defesa Civil e as secretarias de Servi\u00e7os Urbanos, Sa\u00fade, Meio Ambiente, Assist\u00eancia Social e Agropecu\u00e1ria, entre outros setores, est\u00e3o atuando no atendimento das emerg\u00eancias, na desobstru\u00e7\u00e3o das ruas e permanecem de prontid\u00e3o. <\/p>\n\n\n\n<h2 class=\"wp-block-heading\"><strong>A administra\u00e7\u00e3o municipal decretou estado de emerg\u00eancia<\/strong><\/h2>\n\n\n\n<figure class=\"wp-block-gallery has-nested-images columns-default is-cropped wp-block-gallery-1 is-layout-flex wp-block-gallery-is-layout-flex\">\n<figure class=\"wp-block-image size-large is-style-default\"><img loading=\"lazy\" decoding=\"async\" width=\"700\" height=\"990\" data-id=\"21202\" src=\"https:\/\/diariotribuna.com.br\/wp-content\/uploads\/2023\/08\/SITUACAO-de-amergencia-print-1.jpg\" alt=\"\" class=\"wp-image-21202\" srcset=\"https:\/\/diariotribuna.com.br\/wp-content\/uploads\/2023\/08\/SITUACAO-de-amergencia-print-1.jpg 700w, https:\/\/diariotribuna.com.br\/wp-content\/uploads\/2023\/08\/SITUACAO-de-amergencia-print-1-212x300.jpg 212w, https:\/\/diariotribuna.com.br\/wp-content\/uploads\/2023\/08\/SITUACAO-de-amergencia-print-1-696x984.jpg 696w, https:\/\/diariotribuna.com.br\/wp-content\/uploads\/2023\/08\/SITUACAO-de-amergencia-print-1-297x420.jpg 297w\" sizes=\"(max-width: 700px) 100vw, 700px\" \/><\/figure>\n\n\n\n<figure class=\"wp-block-image size-large is-style-default\"><img loading=\"lazy\" decoding=\"async\" width=\"700\" height=\"984\" data-id=\"21203\" src=\"https:\/\/diariotribuna.com.br\/wp-content\/uploads\/2023\/08\/SITUACAO-DE-EMERGENCIA-print-2.jpg\" alt=\"\" class=\"wp-image-21203\" srcset=\"https:\/\/diariotribuna.com.br\/wp-content\/uploads\/2023\/08\/SITUACAO-DE-EMERGENCIA-print-2.jpg 700w, https:\/\/diariotribuna.com.br\/wp-content\/uploads\/2023\/08\/SITUACAO-DE-EMERGENCIA-print-2-213x300.jpg 213w, https:\/\/diariotribuna.com.br\/wp-content\/uploads\/2023\/08\/SITUACAO-DE-EMERGENCIA-print-2-696x978.jpg 696w, https:\/\/diariotribuna.com.br\/wp-content\/uploads\/2023\/08\/SITUACAO-DE-EMERGENCIA-print-2-299x420.jpg 299w\" sizes=\"(max-width: 700px) 100vw, 700px\" \/><\/figure>\n\n\n\n<figure class=\"wp-block-image size-large is-style-default\"><img loading=\"lazy\" decoding=\"async\" width=\"700\" height=\"990\" data-id=\"21204\" src=\"https:\/\/diariotribuna.com.br\/wp-content\/uploads\/2023\/08\/SITUACAO-de-emergencia-print-3.jpg\" alt=\"\" class=\"wp-image-21204\" srcset=\"https:\/\/diariotribuna.com.br\/wp-content\/uploads\/2023\/08\/SITUACAO-de-emergencia-print-3.jpg 700w, https:\/\/diariotribuna.com.br\/wp-content\/uploads\/2023\/08\/SITUACAO-de-emergencia-print-3-212x300.jpg 212w, https:\/\/diariotribuna.com.br\/wp-content\/uploads\/2023\/08\/SITUACAO-de-emergencia-print-3-696x984.jpg 696w, https:\/\/diariotribuna.com.br\/wp-content\/uploads\/2023\/08\/SITUACAO-de-emergencia-print-3-297x420.jpg 297w\" sizes=\"(max-width: 700px) 100vw, 700px\" \/><\/figure>\n<\/figure>\n\n\n\n<p>O tenente Alonso do Corpo de Bombeiros participou da reuni\u00e3o e orienta as pessoas que moram em \u00e1rea de risco, com relevo mais acidentado, que fiquem atentos a alguns sinais como: postes e \u00e1rvores inclinados, alguma porta que apresente dificuldade para fechar, trincas, rachaduras. \u201cTudo isso pode indicar movimenta\u00e7\u00e3o de massa, ent\u00e3o as pessoas tem que abandonar imediatamente sua resid\u00eancia, acionar o Corpo de Bombeiros ou a Defesa Civil, para que possamos realizar vistoria e assegurar se realmente \u00e9 seguro retornar ao local\u201d, alertou.<\/p>\n\n\n\n<p>O secret\u00e1rio de planejamento, Tarcirlei Marinielo de Brito disse que dividiu suas equipes, distribu\u00edram as tarefas e ia somar for\u00e7as com a secretaria de Meio Ambiente, secretaria de Agropecu\u00e1ria, Defesa Civil, Corpo de Bombeiros e Pol\u00edcia Militar.<\/p>\n\n\n\n<p>At\u00e9 o Hospital Raimundo Gobira foi afetado pelas fortes chuvas. \u00c1gua descia pelas l\u00e2mpadas colocando em risco funcion\u00e1rios e internos, mas, segundo nota da prefeitura \u00e0 imprensa, \u201ctodas as medidas necess\u00e1rias est\u00e3o sendo adotadas, e os pacientes que precisaram ser realocados j\u00e1 foram acomodados confortavelmente\u201d. E em v\u00e1rios pontos da cidade tiveram quedas de grandes \u00e1rvores, inclusive uma caiu ao lado da PRF, outras em v\u00e1rios bairros, algumas sobre fios, e por esse e outros motivos, boa parte da popula\u00e7\u00e3o ficou sem energia el\u00e9trica por v\u00e1rias horas. A Cemig ainda trabalha bastante para restabelecer a energia em sua totalidade, e emitiu nota \u00e0 imprensa:<\/p>\n\n\n\n<p><strong>Nota da Cemig \u2013<\/strong> \u201cA Cemig informa que a falta de energia iniciada na noite de ontem (21\/8) e que afetou as cidades de Nanuque, Serra dos Aimor\u00e9s, Carlos Chagas, Novo Oriente de Minas, Ouro Verde de Minas, Pav\u00e3o e Atal\u00e9ia, foi causada pela tempestade acompanhada de fortes ventos de at\u00e9 75 Km\/h que atingiram a regi\u00e3o. Devido ao evento clim\u00e1tico, houve curto-circuito e consequente rompimento dos cabos da linha de distribui\u00e7\u00e3o Te\u00f3filo Otoni &#8211; Nanuque.<\/p>\n\n\n\n<p>Assim que identificou o problema, a Cemig mobilizou equipes para o atendimento via circuito alternativo e, \u00e0s 22h30, grande parte dos clientes afetados j\u00e1 estavam com o servi\u00e7o restabelecido ap\u00f3s a transfer\u00eancia das cargas. Contudo, devido \u00e0 continuidade da tempestade, que permanecia com ventos muito fortes e grande quantidade de descargas atmosf\u00e9ricas, uma nova ocorr\u00eancia atingiu, desta vez, o circuito que havia recebido as cargas daqueles munic\u00edpios, provocando nova falta de energia para os clientes da regi\u00e3o.<\/p>\n\n\n\n<p>Os trabalhos continuaram durante toda a madrugada, quando foi poss\u00edvel restabelecer o fornecimento para as cidades de Pav\u00e3o, Novo Oriente de Minas, Atal\u00e9ia e Ouro Verde de Minas. Durante a manh\u00e3 de hoje (22\/8), os reparos foram conclu\u00eddos e, neste momento, a grande maioria dos clientes afetados j\u00e1 teve a energia restabelecida, restando algumas unidades em \u00e1reas rurais de Carlos Chagas, Ataleia e Te\u00f3filo Otoni. A previs\u00e3o para restabelecimento destes clientes ainda afetados \u00e9 at\u00e9 o fim da manh\u00e3 de hoje\u201d.<\/p>\n\n\n\n<p><strong>Defesa Civil tem n\u00famero de celular para atendimento \u00e0 popula\u00e7\u00e3o &#8211;<\/strong> Com o objetivo de atender prontamente em caso de ocorr\u00eancias no munic\u00edpio, a Coordenadoria Municipal de Defesa Civil tem um canal de comunica\u00e7\u00e3o para contato mais direto com a popula\u00e7\u00e3o, se ocorrerem deslizamentos, rachaduras, desabamentos. Os teofilootonenses podem entrar em <strong>contato pelo WhatsApp, atrav\u00e9s do n\u00famero (33) 98854-6946<\/strong>. O WhatsApp recebe liga\u00e7\u00f5es telef\u00f4nicas e mensagens de \u00e1udio, al\u00e9m de mensagens de texto, v\u00eddeos e fotos. A principal fun\u00e7\u00e3o do canal \u00e9 ampliar o contato com o cidad\u00e3o e promover um atendimento qualificado para cada tipo de ocorr\u00eancia. (Fotos: Welington Pedroso e Divulga\u00e7\u00e3o).<\/p>\n\n\n\n<h2 class=\"wp-block-heading\"><strong>Imagens de alguns danos causados pelas fortes chuvas que ca\u00edram na noite de segunda-feira (21\/8) em Te\u00f3filo Otoni<\/strong><\/h2>\n\n\n\n<figure class=\"wp-block-gallery has-nested-images columns-default is-cropped wp-block-gallery-2 is-layout-flex wp-block-gallery-is-layout-flex\">\n<figure class=\"wp-block-image size-large is-style-default\"><img loading=\"lazy\" decoding=\"async\" width=\"720\" height=\"802\" data-id=\"21191\" src=\"https:\/\/diariotribuna.com.br\/wp-content\/uploads\/2023\/08\/11-Agua-entrou-no-Hospital-Raimundo-Gobira-pelo-teto-lampadas.jpg\" alt=\"\" class=\"wp-image-21191\" srcset=\"https:\/\/diariotribuna.com.br\/wp-content\/uploads\/2023\/08\/11-Agua-entrou-no-Hospital-Raimundo-Gobira-pelo-teto-lampadas.jpg 720w, https:\/\/diariotribuna.com.br\/wp-content\/uploads\/2023\/08\/11-Agua-entrou-no-Hospital-Raimundo-Gobira-pelo-teto-lampadas-269x300.jpg 269w, https:\/\/diariotribuna.com.br\/wp-content\/uploads\/2023\/08\/11-Agua-entrou-no-Hospital-Raimundo-Gobira-pelo-teto-lampadas-696x775.jpg 696w, https:\/\/diariotribuna.com.br\/wp-content\/uploads\/2023\/08\/11-Agua-entrou-no-Hospital-Raimundo-Gobira-pelo-teto-lampadas-377x420.jpg 377w\" sizes=\"(max-width: 720px) 100vw, 720px\" \/><\/figure>\n\n\n\n<figure class=\"wp-block-image size-large is-style-default\"><img loading=\"lazy\" decoding=\"async\" width=\"700\" height=\"415\" data-id=\"21194\" src=\"https:\/\/diariotribuna.com.br\/wp-content\/uploads\/2023\/08\/3-Danos-no-telhado-da-quadra-do-Colegio-Tiradentes.jpg\" alt=\"\" class=\"wp-image-21194\" srcset=\"https:\/\/diariotribuna.com.br\/wp-content\/uploads\/2023\/08\/3-Danos-no-telhado-da-quadra-do-Colegio-Tiradentes.jpg 700w, https:\/\/diariotribuna.com.br\/wp-content\/uploads\/2023\/08\/3-Danos-no-telhado-da-quadra-do-Colegio-Tiradentes-300x178.jpg 300w, https:\/\/diariotribuna.com.br\/wp-content\/uploads\/2023\/08\/3-Danos-no-telhado-da-quadra-do-Colegio-Tiradentes-696x413.jpg 696w\" sizes=\"(max-width: 700px) 100vw, 700px\" \/><\/figure>\n\n\n\n<figure class=\"wp-block-image size-large is-style-default\"><img loading=\"lazy\" decoding=\"async\" width=\"700\" height=\"430\" data-id=\"21192\" src=\"https:\/\/diariotribuna.com.br\/wp-content\/uploads\/2023\/08\/4-Muita-lama-em-algumas-ruas-na-manha-de-terca-feira-22.jpg\" alt=\"\" class=\"wp-image-21192\" srcset=\"https:\/\/diariotribuna.com.br\/wp-content\/uploads\/2023\/08\/4-Muita-lama-em-algumas-ruas-na-manha-de-terca-feira-22.jpg 700w, https:\/\/diariotribuna.com.br\/wp-content\/uploads\/2023\/08\/4-Muita-lama-em-algumas-ruas-na-manha-de-terca-feira-22-300x184.jpg 300w, https:\/\/diariotribuna.com.br\/wp-content\/uploads\/2023\/08\/4-Muita-lama-em-algumas-ruas-na-manha-de-terca-feira-22-356x220.jpg 356w, https:\/\/diariotribuna.com.br\/wp-content\/uploads\/2023\/08\/4-Muita-lama-em-algumas-ruas-na-manha-de-terca-feira-22-696x428.jpg 696w, https:\/\/diariotribuna.com.br\/wp-content\/uploads\/2023\/08\/4-Muita-lama-em-algumas-ruas-na-manha-de-terca-feira-22-684x420.jpg 684w\" sizes=\"(max-width: 700px) 100vw, 700px\" \/><\/figure>\n\n\n\n<figure class=\"wp-block-image size-large is-style-default\"><img loading=\"lazy\" decoding=\"async\" width=\"1024\" height=\"576\" data-id=\"21196\" src=\"https:\/\/diariotribuna.com.br\/wp-content\/uploads\/2023\/08\/5-Queda-de-grande-arvore-na-BR-116-ao-lado-da-PRF-1024x576.jpg\" alt=\"\" class=\"wp-image-21196\" srcset=\"https:\/\/diariotribuna.com.br\/wp-content\/uploads\/2023\/08\/5-Queda-de-grande-arvore-na-BR-116-ao-lado-da-PRF-1024x576.jpg 1024w, https:\/\/diariotribuna.com.br\/wp-content\/uploads\/2023\/08\/5-Queda-de-grande-arvore-na-BR-116-ao-lado-da-PRF-300x169.jpg 300w, https:\/\/diariotribuna.com.br\/wp-content\/uploads\/2023\/08\/5-Queda-de-grande-arvore-na-BR-116-ao-lado-da-PRF-768x432.jpg 768w, https:\/\/diariotribuna.com.br\/wp-content\/uploads\/2023\/08\/5-Queda-de-grande-arvore-na-BR-116-ao-lado-da-PRF-1536x864.jpg 1536w, https:\/\/diariotribuna.com.br\/wp-content\/uploads\/2023\/08\/5-Queda-de-grande-arvore-na-BR-116-ao-lado-da-PRF-696x392.jpg 696w, https:\/\/diariotribuna.com.br\/wp-content\/uploads\/2023\/08\/5-Queda-de-grande-arvore-na-BR-116-ao-lado-da-PRF-1068x601.jpg 1068w, https:\/\/diariotribuna.com.br\/wp-content\/uploads\/2023\/08\/5-Queda-de-grande-arvore-na-BR-116-ao-lado-da-PRF-747x420.jpg 747w, https:\/\/diariotribuna.com.br\/wp-content\/uploads\/2023\/08\/5-Queda-de-grande-arvore-na-BR-116-ao-lado-da-PRF.jpg 1600w\" sizes=\"(max-width: 1024px) 100vw, 1024px\" \/><\/figure>\n\n\n\n<figure class=\"wp-block-image size-large is-style-default\"><img loading=\"lazy\" decoding=\"async\" width=\"700\" height=\"393\" data-id=\"21198\" src=\"https:\/\/diariotribuna.com.br\/wp-content\/uploads\/2023\/08\/6-Danos-no-telhado-da-quadra-do-Colegio-Tiradentes-e-parede.jpg\" alt=\"\" class=\"wp-image-21198\" srcset=\"https:\/\/diariotribuna.com.br\/wp-content\/uploads\/2023\/08\/6-Danos-no-telhado-da-quadra-do-Colegio-Tiradentes-e-parede.jpg 700w, https:\/\/diariotribuna.com.br\/wp-content\/uploads\/2023\/08\/6-Danos-no-telhado-da-quadra-do-Colegio-Tiradentes-e-parede-300x168.jpg 300w, https:\/\/diariotribuna.com.br\/wp-content\/uploads\/2023\/08\/6-Danos-no-telhado-da-quadra-do-Colegio-Tiradentes-e-parede-696x391.jpg 696w\" sizes=\"(max-width: 700px) 100vw, 700px\" \/><\/figure>\n\n\n\n<figure class=\"wp-block-image size-large is-style-default\"><img loading=\"lazy\" decoding=\"async\" width=\"700\" height=\"851\" data-id=\"21195\" src=\"https:\/\/diariotribuna.com.br\/wp-content\/uploads\/2023\/08\/7-Placa-de-loja-caiu-sobre-veiculo-que-passava-pela-Getulio-Vargas.jpg\" alt=\"\" class=\"wp-image-21195\" srcset=\"https:\/\/diariotribuna.com.br\/wp-content\/uploads\/2023\/08\/7-Placa-de-loja-caiu-sobre-veiculo-que-passava-pela-Getulio-Vargas.jpg 700w, https:\/\/diariotribuna.com.br\/wp-content\/uploads\/2023\/08\/7-Placa-de-loja-caiu-sobre-veiculo-que-passava-pela-Getulio-Vargas-247x300.jpg 247w, https:\/\/diariotribuna.com.br\/wp-content\/uploads\/2023\/08\/7-Placa-de-loja-caiu-sobre-veiculo-que-passava-pela-Getulio-Vargas-696x846.jpg 696w, https:\/\/diariotribuna.com.br\/wp-content\/uploads\/2023\/08\/7-Placa-de-loja-caiu-sobre-veiculo-que-passava-pela-Getulio-Vargas-345x420.jpg 345w\" sizes=\"(max-width: 700px) 100vw, 700px\" \/><\/figure>\n\n\n\n<figure class=\"wp-block-image size-large is-style-default\"><img loading=\"lazy\" decoding=\"async\" width=\"1024\" height=\"631\" data-id=\"21193\" src=\"https:\/\/diariotribuna.com.br\/wp-content\/uploads\/2023\/08\/8-Queda-de-arvore-no-bairro-Altino-Barbosa-1024x631.jpg\" alt=\"\" class=\"wp-image-21193\" srcset=\"https:\/\/diariotribuna.com.br\/wp-content\/uploads\/2023\/08\/8-Queda-de-arvore-no-bairro-Altino-Barbosa-1024x631.jpg 1024w, https:\/\/diariotribuna.com.br\/wp-content\/uploads\/2023\/08\/8-Queda-de-arvore-no-bairro-Altino-Barbosa-300x185.jpg 300w, https:\/\/diariotribuna.com.br\/wp-content\/uploads\/2023\/08\/8-Queda-de-arvore-no-bairro-Altino-Barbosa-768x473.jpg 768w, https:\/\/diariotribuna.com.br\/wp-content\/uploads\/2023\/08\/8-Queda-de-arvore-no-bairro-Altino-Barbosa-356x220.jpg 356w, https:\/\/diariotribuna.com.br\/wp-content\/uploads\/2023\/08\/8-Queda-de-arvore-no-bairro-Altino-Barbosa-696x429.jpg 696w, https:\/\/diariotribuna.com.br\/wp-content\/uploads\/2023\/08\/8-Queda-de-arvore-no-bairro-Altino-Barbosa-1068x658.jpg 1068w, https:\/\/diariotribuna.com.br\/wp-content\/uploads\/2023\/08\/8-Queda-de-arvore-no-bairro-Altino-Barbosa-682x420.jpg 682w, https:\/\/diariotribuna.com.br\/wp-content\/uploads\/2023\/08\/8-Queda-de-arvore-no-bairro-Altino-Barbosa.jpg 1161w\" sizes=\"(max-width: 1024px) 100vw, 1024px\" \/><\/figure>\n\n\n\n<figure class=\"wp-block-image size-large is-style-default\"><img loading=\"lazy\" decoding=\"async\" width=\"898\" height=\"633\" data-id=\"21197\" src=\"https:\/\/diariotribuna.com.br\/wp-content\/uploads\/2023\/08\/9-Queda-de-arvore-na-rua-Jose-Cirino-bairro-Palmeiras.jpg\" alt=\"\" class=\"wp-image-21197\" srcset=\"https:\/\/diariotribuna.com.br\/wp-content\/uploads\/2023\/08\/9-Queda-de-arvore-na-rua-Jose-Cirino-bairro-Palmeiras.jpg 898w, https:\/\/diariotribuna.com.br\/wp-content\/uploads\/2023\/08\/9-Queda-de-arvore-na-rua-Jose-Cirino-bairro-Palmeiras-300x211.jpg 300w, https:\/\/diariotribuna.com.br\/wp-content\/uploads\/2023\/08\/9-Queda-de-arvore-na-rua-Jose-Cirino-bairro-Palmeiras-768x541.jpg 768w, https:\/\/diariotribuna.com.br\/wp-content\/uploads\/2023\/08\/9-Queda-de-arvore-na-rua-Jose-Cirino-bairro-Palmeiras-100x70.jpg 100w, https:\/\/diariotribuna.com.br\/wp-content\/uploads\/2023\/08\/9-Queda-de-arvore-na-rua-Jose-Cirino-bairro-Palmeiras-696x491.jpg 696w, https:\/\/diariotribuna.com.br\/wp-content\/uploads\/2023\/08\/9-Queda-de-arvore-na-rua-Jose-Cirino-bairro-Palmeiras-596x420.jpg 596w\" sizes=\"(max-width: 898px) 100vw, 898px\" \/><\/figure>\n\n\n\n<figure class=\"wp-block-image size-large is-style-default\"><img loading=\"lazy\" decoding=\"async\" width=\"700\" height=\"420\" data-id=\"21190\" src=\"https:\/\/diariotribuna.com.br\/wp-content\/uploads\/2023\/08\/1-Queda-da-torre-da-Prefeitura-ao-lado-campo-Concordia.jpg\" alt=\"\" class=\"wp-image-21190\" srcset=\"https:\/\/diariotribuna.com.br\/wp-content\/uploads\/2023\/08\/1-Queda-da-torre-da-Prefeitura-ao-lado-campo-Concordia.jpg 700w, https:\/\/diariotribuna.com.br\/wp-content\/uploads\/2023\/08\/1-Queda-da-torre-da-Prefeitura-ao-lado-campo-Concordia-300x180.jpg 300w, https:\/\/diariotribuna.com.br\/wp-content\/uploads\/2023\/08\/1-Queda-da-torre-da-Prefeitura-ao-lado-campo-Concordia-696x418.jpg 696w\" sizes=\"(max-width: 700px) 100vw, 700px\" \/><\/figure>\n<\/figure>\n\n\n\n<hr class=\"wp-block-separator has-alpha-channel-opacity\"\/>\n\n\n\n<figure class=\"wp-block-image size-full is-resized is-style-default\"><img loading=\"lazy\" decoding=\"async\" src=\"https:\/\/diariotribuna.com.br\/wp-content\/uploads\/2023\/08\/f6334d09-c9e8-450a-a9b2-1298079b4f8b-1.jpg\" alt=\"\" class=\"wp-image-21201\" width=\"427\" height=\"409\" srcset=\"https:\/\/diariotribuna.com.br\/wp-content\/uploads\/2023\/08\/f6334d09-c9e8-450a-a9b2-1298079b4f8b-1.jpg 611w, https:\/\/diariotribuna.com.br\/wp-content\/uploads\/2023\/08\/f6334d09-c9e8-450a-a9b2-1298079b4f8b-1-300x287.jpg 300w, https:\/\/diariotribuna.com.br\/wp-content\/uploads\/2023\/08\/f6334d09-c9e8-450a-a9b2-1298079b4f8b-1-439x420.jpg 439w\" sizes=\"(max-width: 427px) 100vw, 427px\" \/><\/figure>\n","protected":false},"excerpt":{"rendered":"<p>As fortes chuvas que ca\u00edram na noite de segunda-feira (21\/8), em Te\u00f3filo Otoni, inclusive chuva de granizo e fortes ventanias, causaram grandes estragos em diversos bairros da cidade, e muita preocupa\u00e7\u00e3o. Ruas ficaram alagadas, principalmente em alguns pontos que j\u00e1 s\u00e3o cr\u00f4nicos, como bairros Marajoara, Gr\u00e3o Par\u00e1, Palmeiras, S\u00e3o Jacinto, Vila Barreiros, Bela Vista, S\u00e3o [&hellip;]<\/p>\n","protected":false},"author":1,"featured_media":21189,"comment_status":"open","ping_status":"open","sticky":false,"template":"","format":"standard","meta":{"rop_custom_images_group":[],"rop_custom_messages_group":[],"rop_publish_now":"initial","rop_publish_now_accounts":[],"rop_publish_now_history":[],"rop_publish_now_status":"pending","footnotes":""},"categories":[25,17],"tags":[4345,5022,2646,5643,4946,75,5644],"class_list":["post-21188","post","type-post","status-publish","format-standard","has-post-thumbnail","hentry","category-destaque","category-teofilootoni","tag-4345","tag-estragos","tag-fortes-chuvas","tag-granizo","tag-situacao-de-emergencia","tag-teofilo-otoni","tag-ventania"],"_links":{"self":[{"href":"https:\/\/diariotribuna.com.br\/index.php?rest_route=\/wp\/v2\/posts\/21188"}],"collection":[{"href":"https:\/\/diariotribuna.com.br\/index.php?rest_route=\/wp\/v2\/posts"}],"about":[{"href":"https:\/\/diariotribuna.com.br\/index.php?rest_route=\/wp\/v2\/types\/post"}],"author":[{"embeddable":true,"href":"https:\/\/diariotribuna.com.br\/index.php?rest_route=\/wp\/v2\/users\/1"}],"replies":[{"embeddable":true,"href":"https:\/\/diariotribuna.com.br\/index.php?rest_route=%2Fwp%2Fv2%2Fcomments&post=21188"}],"version-history":[{"count":5,"href":"https:\/\/diariotribuna.com.br\/index.php?rest_route=\/wp\/v2\/posts\/21188\/revisions"}],"predecessor-version":[{"id":21209,"href":"https:\/\/diariotribuna.com.br\/index.php?rest_route=\/wp\/v2\/posts\/21188\/revisions\/21209"}],"wp:featuredmedia":[{"embeddable":true,"href":"https:\/\/diariotribuna.com.br\/index.php?rest_route=\/wp\/v2\/media\/21189"}],"wp:attachment":[{"href":"https:\/\/diariotribuna.com.br\/index.php?rest_route=%2Fwp%2Fv2%2Fmedia&parent=21188"}],"wp:term":[{"taxonomy":"category","embeddable":true,"href":"https:\/\/diariotribuna.com.br\/index.php?rest_route=%2Fwp%2Fv2%2Fcategories&post=21188"},{"taxonomy":"post_tag","embeddable":true,"href":"https:\/\/diariotribuna.com.br\/index.php?rest_route=%2Fwp%2Fv2%2Ftags&post=21188"}],"curies":[{"name":"wp","href":"https:\/\/api.w.org\/{rel}","templated":true}]}}