{"id":21944,"date":"2023-10-23T22:19:07","date_gmt":"2023-10-24T01:19:07","guid":{"rendered":"https:\/\/diariotribuna.com.br\/?p=21944"},"modified":"2023-10-26T16:53:42","modified_gmt":"2023-10-26T19:53:42","slug":"sindcomercio-prepara-a-palestra-tenha-a-melhor-black-friday-e-natal-de-todos-os-tempos","status":"publish","type":"post","link":"https:\/\/diariotribuna.com.br\/?p=21944","title":{"rendered":"Sindcom\u00e9rcio prepara a palestra &#8220;Tenha a melhor Black Friday e Natal de todos os tempos&#8221;"},"content":{"rendered":"\n<p>O Sindcom\u00e9rcio de Te\u00f3filo Otoni sempre em busca de capacitar e preparar os empreendedores locais, para oportunizar a prepara\u00e7\u00e3o dos mesmos e suas equipes para as vendas do final de ano, vai realizar uma palestra com Fred Rocha. O Black Friday e o Natal movimentam muito a cidade, por isso o Sindcom\u00e9rcio est\u00e1 trazendo pela primeira vez a \u201cBlack Fred\u201d.<\/p>\n\n\n\n<p>Fred Rocha j\u00e1 viveu 3 Black Fridays fora do Brasil, al\u00e9m de ter desenhado v\u00e1rias estrat\u00e9gias para grandes redes, sendo assim uma grande refer\u00eancia no tema. Com isso na palestra &#8220;Tenha a melhor Black Friday e Natal de todos os tempos&#8221; ele vai abordar t\u00e9cnicas e estrat\u00e9gias para as empresas se programarem para esse momento t\u00e3o esperado do ano.<\/p>\n\n\n\n<p><strong>Saiba mais sobre o evento e garanta j\u00e1 a sua inscri\u00e7\u00e3o por apenas R$20,00 + 1kg de alimento n\u00e3o perec\u00edvel, neste endere\u00e7o:<\/strong> sindcomercioto.com.br\/black (Assessoria de comunica\u00e7\u00e3o\/ Sindcom\u00e9rcio-TO).<\/p>\n\n\n\n<figure class=\"wp-block-image size-full is-resized is-style-default\"><img loading=\"lazy\" decoding=\"async\" src=\"https:\/\/diariotribuna.com.br\/wp-content\/uploads\/2023\/10\/393936022_670764205168401_4517034129878115098_n.jpg\" alt=\"\" class=\"wp-image-21945\" width=\"368\" height=\"460\" srcset=\"https:\/\/diariotribuna.com.br\/wp-content\/uploads\/2023\/10\/393936022_670764205168401_4517034129878115098_n.jpg 600w, https:\/\/diariotribuna.com.br\/wp-content\/uploads\/2023\/10\/393936022_670764205168401_4517034129878115098_n-240x300.jpg 240w, https:\/\/diariotribuna.com.br\/wp-content\/uploads\/2023\/10\/393936022_670764205168401_4517034129878115098_n-336x420.jpg 336w\" sizes=\"(max-width: 368px) 100vw, 368px\" \/><\/figure>\n","protected":false},"excerpt":{"rendered":"<p>O Sindcom\u00e9rcio de Te\u00f3filo Otoni sempre em busca de capacitar e preparar os empreendedores locais, para oportunizar a prepara\u00e7\u00e3o dos mesmos e suas equipes para as vendas do final de ano, vai realizar uma palestra com Fred Rocha. O Black Friday e o Natal movimentam muito a cidade, por isso o Sindcom\u00e9rcio est\u00e1 trazendo pela [&hellip;]<\/p>\n","protected":false},"author":1,"featured_media":21945,"comment_status":"open","ping_status":"open","sticky":false,"template":"","format":"standard","meta":{"rop_custom_images_group":[],"rop_custom_messages_group":[],"rop_publish_now":"initial","rop_publish_now_accounts":[],"rop_publish_now_history":[],"rop_publish_now_status":"pending","footnotes":""},"categories":[17],"tags":[4345,2203,5788,1653,221,75],"class_list":["post-21944","post","type-post","status-publish","format-standard","has-post-thumbnail","hentry","category-teofilootoni","tag-4345","tag-black-friday","tag-fred-rocha","tag-palestra","tag-sindcomercio","tag-teofilo-otoni"],"_links":{"self":[{"href":"https:\/\/diariotribuna.com.br\/index.php?rest_route=\/wp\/v2\/posts\/21944"}],"collection":[{"href":"https:\/\/diariotribuna.com.br\/index.php?rest_route=\/wp\/v2\/posts"}],"about":[{"href":"https:\/\/diariotribuna.com.br\/index.php?rest_route=\/wp\/v2\/types\/post"}],"author":[{"embeddable":true,"href":"https:\/\/diariotribuna.com.br\/index.php?rest_route=\/wp\/v2\/users\/1"}],"replies":[{"embeddable":true,"href":"https:\/\/diariotribuna.com.br\/index.php?rest_route=%2Fwp%2Fv2%2Fcomments&post=21944"}],"version-history":[{"count":1,"href":"https:\/\/diariotribuna.com.br\/index.php?rest_route=\/wp\/v2\/posts\/21944\/revisions"}],"predecessor-version":[{"id":21946,"href":"https:\/\/diariotribuna.com.br\/index.php?rest_route=\/wp\/v2\/posts\/21944\/revisions\/21946"}],"wp:featuredmedia":[{"embeddable":true,"href":"https:\/\/diariotribuna.com.br\/index.php?rest_route=\/wp\/v2\/media\/21945"}],"wp:attachment":[{"href":"https:\/\/diariotribuna.com.br\/index.php?rest_route=%2Fwp%2Fv2%2Fmedia&parent=21944"}],"wp:term":[{"taxonomy":"category","embeddable":true,"href":"https:\/\/diariotribuna.com.br\/index.php?rest_route=%2Fwp%2Fv2%2Fcategories&post=21944"},{"taxonomy":"post_tag","embeddable":true,"href":"https:\/\/diariotribuna.com.br\/index.php?rest_route=%2Fwp%2Fv2%2Ftags&post=21944"}],"curies":[{"name":"wp","href":"https:\/\/api.w.org\/{rel}","templated":true}]}}