{"id":22182,"date":"2023-11-13T23:53:57","date_gmt":"2023-11-14T02:53:57","guid":{"rendered":"https:\/\/diariotribuna.com.br\/?p=22182"},"modified":"2023-11-15T23:05:30","modified_gmt":"2023-11-16T02:05:30","slug":"policia-civil-identifica-e-indicia-usuarias-de-perfis-falsos-no-instagram-que-praticavam-crimes-contra-a-honra-de-pessoas-em-medina","status":"publish","type":"post","link":"https:\/\/diariotribuna.com.br\/?p=22182","title":{"rendered":"Pol\u00edcia Civil identifica e indicia usu\u00e1rias de perfis falsos no Instagram que praticavam crimes contra a honra de pessoas em Medina"},"content":{"rendered":"\n<figure class=\"wp-block-image size-full is-resized is-style-default\"><img loading=\"lazy\" decoding=\"async\" src=\"https:\/\/diariotribuna.com.br\/wp-content\/uploads\/2023\/11\/unnamed-file-2.jpg\" alt=\"\" class=\"wp-image-22183\" width=\"423\" height=\"237\" srcset=\"https:\/\/diariotribuna.com.br\/wp-content\/uploads\/2023\/11\/unnamed-file-2.jpg 700w, https:\/\/diariotribuna.com.br\/wp-content\/uploads\/2023\/11\/unnamed-file-2-300x168.jpg 300w, https:\/\/diariotribuna.com.br\/wp-content\/uploads\/2023\/11\/unnamed-file-2-696x391.jpg 696w\" sizes=\"(max-width: 423px) 100vw, 423px\" \/><\/figure>\n\n\n\n<p>A Pol\u00edcia Civil de Minas Gerais, por meio da delegacia de Medina, deflagrou a opera\u00e7\u00e3o \u201cFake Page\u201d e identificou usu\u00e1rias que utilizavam perfis falsos na rede social Instagram para praticarem crimes contra a honra de pessoas em Medina, na regi\u00e3o do Vale do Jequitinhonha. Os crimes ocorreram nos anos de 2022 e 2023. V\u00e1rias v\u00edtimas procuraram a Pol\u00edcia Civil para registrar os fatos e solicitar provid\u00eancias.<\/p>\n\n\n\n<p>Os procedimentos foram instaurados e as investiga\u00e7\u00f5es levaram \u00e0 identifica\u00e7\u00e3o de duas usu\u00e1rias dos perfis falsos, que foram indiciadas, sendo tudo remetido \u00e0 justi\u00e7a. Al\u00e9m desses perfis, foi identificado um outro perfil falso criado e utilizado por adolescentes alunos de uma escola da rede estadual em Medina, que, de igual forma, praticavam atos infracionais an\u00e1logos a crimes contra a honra de alunos e professores do educand\u00e1rio, sendo o procedimento conclu\u00eddo e remetido \u00e0 justi\u00e7a.<\/p>\n\n\n\n<p>\u201cAs investiga\u00e7\u00f5es prosseguem para identifica\u00e7\u00e3o de outros perfis falsos que permanecem na pr\u00e1tica dessas condutas criminosas, com vistas \u00e0 responsabiliza\u00e7\u00e3o penal dos envolvidos, gerando, inclusive, precedente para repara\u00e7\u00e3o por danos morais \u00e0s v\u00edtimas\u201d, disse o delegado Thiago de Carvalho Passos. <strong>Pol\u00edcia Civil de Minas Gerais:<\/strong> Instagram: @pcmg.oficial\/ Facebook: @pcmgoficial\/ Twitter: @pcmgoficial\/ YouTube: @pcmgoficial\/ <a href=\"http:\/\/www.policiacivil.mg.gov.br\">www.policiacivil.mg.gov.br<\/a> (Informa\u00e7\u00f5es: PCMG\/ Dr. Thiago Passos).<\/p>\n","protected":false},"excerpt":{"rendered":"<p>A Pol\u00edcia Civil de Minas Gerais, por meio da delegacia de Medina, deflagrou a opera\u00e7\u00e3o \u201cFake Page\u201d e identificou usu\u00e1rias que utilizavam perfis falsos na rede social Instagram para praticarem crimes contra a honra de pessoas em Medina, na regi\u00e3o do Vale do Jequitinhonha. Os crimes ocorreram nos anos de 2022 e 2023. V\u00e1rias v\u00edtimas [&hellip;]<\/p>\n","protected":false},"author":1,"featured_media":22183,"comment_status":"open","ping_status":"open","sticky":false,"template":"","format":"standard","meta":{"rop_custom_images_group":[],"rop_custom_messages_group":[],"rop_publish_now":"initial","rop_publish_now_accounts":[],"rop_publish_now_history":[],"rop_publish_now_status":"pending","footnotes":""},"categories":[20],"tags":[5841,5843,79,80,5842,292],"class_list":["post-22182","post","type-post","status-publish","format-standard","has-post-thumbnail","hentry","category-policia","tag-fake-page","tag-instagram","tag-medina","tag-operacao","tag-perfis-falsos","tag-policia-civil"],"_links":{"self":[{"href":"https:\/\/diariotribuna.com.br\/index.php?rest_route=\/wp\/v2\/posts\/22182"}],"collection":[{"href":"https:\/\/diariotribuna.com.br\/index.php?rest_route=\/wp\/v2\/posts"}],"about":[{"href":"https:\/\/diariotribuna.com.br\/index.php?rest_route=\/wp\/v2\/types\/post"}],"author":[{"embeddable":true,"href":"https:\/\/diariotribuna.com.br\/index.php?rest_route=\/wp\/v2\/users\/1"}],"replies":[{"embeddable":true,"href":"https:\/\/diariotribuna.com.br\/index.php?rest_route=%2Fwp%2Fv2%2Fcomments&post=22182"}],"version-history":[{"count":1,"href":"https:\/\/diariotribuna.com.br\/index.php?rest_route=\/wp\/v2\/posts\/22182\/revisions"}],"predecessor-version":[{"id":22184,"href":"https:\/\/diariotribuna.com.br\/index.php?rest_route=\/wp\/v2\/posts\/22182\/revisions\/22184"}],"wp:featuredmedia":[{"embeddable":true,"href":"https:\/\/diariotribuna.com.br\/index.php?rest_route=\/wp\/v2\/media\/22183"}],"wp:attachment":[{"href":"https:\/\/diariotribuna.com.br\/index.php?rest_route=%2Fwp%2Fv2%2Fmedia&parent=22182"}],"wp:term":[{"taxonomy":"category","embeddable":true,"href":"https:\/\/diariotribuna.com.br\/index.php?rest_route=%2Fwp%2Fv2%2Fcategories&post=22182"},{"taxonomy":"post_tag","embeddable":true,"href":"https:\/\/diariotribuna.com.br\/index.php?rest_route=%2Fwp%2Fv2%2Ftags&post=22182"}],"curies":[{"name":"wp","href":"https:\/\/api.w.org\/{rel}","templated":true}]}}