{"id":23198,"date":"2024-01-29T23:54:40","date_gmt":"2024-01-30T02:54:40","guid":{"rendered":"https:\/\/diariotribuna.com.br\/?p=23198"},"modified":"2024-01-30T00:09:00","modified_gmt":"2024-01-30T03:09:00","slug":"final-de-semana-chuvoso-e-marcado-por-varias-saidas-de-pista-e-colisoes-de-motocicletas-na-mgc-418","status":"publish","type":"post","link":"https:\/\/diariotribuna.com.br\/?p=23198","title":{"rendered":"Final de semana chuvoso \u00e9 marcado por v\u00e1rias sa\u00eddas de pista e colis\u00f5es de motocicletas na MGC 418"},"content":{"rendered":"\n<figure class=\"wp-block-image size-full is-resized is-style-default\"><img loading=\"lazy\" decoding=\"async\" src=\"https:\/\/diariotribuna.com.br\/wp-content\/uploads\/2024\/01\/3e445433-c22c-4386-8665-afdbce8a0aed.jpg\" alt=\"\" class=\"wp-image-23199\" width=\"503\" height=\"324\" srcset=\"https:\/\/diariotribuna.com.br\/wp-content\/uploads\/2024\/01\/3e445433-c22c-4386-8665-afdbce8a0aed.jpg 700w, https:\/\/diariotribuna.com.br\/wp-content\/uploads\/2024\/01\/3e445433-c22c-4386-8665-afdbce8a0aed-300x193.jpg 300w, https:\/\/diariotribuna.com.br\/wp-content\/uploads\/2024\/01\/3e445433-c22c-4386-8665-afdbce8a0aed-696x448.jpg 696w, https:\/\/diariotribuna.com.br\/wp-content\/uploads\/2024\/01\/3e445433-c22c-4386-8665-afdbce8a0aed-652x420.jpg 652w\" sizes=\"(max-width: 503px) 100vw, 503px\" \/><\/figure>\n\n\n\n<p>O final de semana chuvoso entre os dias 26 a 28 de janeiro, foi marcado por v\u00e1rios acidentes de tr\u00e2nsito na rodovia MGC 418. Foram sa\u00eddas de pista no trecho que liga Te\u00f3filo Otoni ao estado da Bahia, e colis\u00f5es de motocicletas no per\u00edmetro de urbano de Te\u00f3filo Otoni. \u201cUm detalhe que chamou a nossa aten\u00e7\u00e3o e nos preocupou foram os v\u00e1rios acidentes envolvendo motocicletas no per\u00edmetro urbano de Te\u00f3filo, em um pequeno espa\u00e7o de apenas tr\u00eas quil\u00f4metros entre a BR 116 e o bairro Serra Verde. Os ocupantes das motos sofreram ferimentos\u201d, disse o tenente Reinaldo.<\/p>\n\n\n\n<p>Nas colis\u00f5es na \u00e1rea urbana, em um deles o motociclista alegou que o autom\u00f3vel fez uma convers\u00e3o proibida de retorno. No outro acidente o motociclista informou que o carro tentou convergir irregularmente no sem\u00e1foro do bairro Bela Vista. Em mais um caso um ve\u00edculo teria sa\u00eddo de um estabelecimento comercial e aconteceu a colis\u00e3o com a moto que trafegava na MGC 418.<\/p>\n\n\n\n<p>O tenente ressalta que, em rela\u00e7\u00e3o ao per\u00edmetro urbano de Te\u00f3filo Otoni, trata-se de uma \u00e1rea comercial, extremamente movimentada at\u00e9 mesmo por caminh\u00f5es. Todos os condutores precisam redobrar aten\u00e7\u00e3o, mas o alerta maior vai para os motociclistas que em caso de colis\u00e3o, tendem a se ferir. Tem percebido muita pressa nos deslocamentos e isso tem sa\u00eddo caro para eles.<\/p>\n\n\n\n<p>Entre Te\u00f3filo Otoni e Nanuque aconteceram algumas sa\u00eddas de pista pela perda do controle direcional. Os condutores negaram excesso de velocidade, mas em um dos fatos o motorista culpou a lama que desceu do barranco, e em outro declarou que mesmo percebendo o cansa\u00e7o tentou chegar \u00e0 Nanuque para descansar. Durante o trajeto cochilou na curva e passou direto.<\/p>\n\n\n\n<figure class=\"wp-block-gallery has-nested-images columns-default is-cropped wp-block-gallery-1 is-layout-flex wp-block-gallery-is-layout-flex\">\n<figure class=\"wp-block-image size-large is-style-default\"><img loading=\"lazy\" decoding=\"async\" width=\"600\" height=\"510\" data-id=\"23202\" src=\"https:\/\/diariotribuna.com.br\/wp-content\/uploads\/2024\/01\/5470a89b-3008-4f4c-a661-4089f6ce6deb.jpg\" alt=\"\" class=\"wp-image-23202\" srcset=\"https:\/\/diariotribuna.com.br\/wp-content\/uploads\/2024\/01\/5470a89b-3008-4f4c-a661-4089f6ce6deb.jpg 600w, https:\/\/diariotribuna.com.br\/wp-content\/uploads\/2024\/01\/5470a89b-3008-4f4c-a661-4089f6ce6deb-300x255.jpg 300w, https:\/\/diariotribuna.com.br\/wp-content\/uploads\/2024\/01\/5470a89b-3008-4f4c-a661-4089f6ce6deb-494x420.jpg 494w\" sizes=\"(max-width: 600px) 100vw, 600px\" \/><\/figure>\n\n\n\n<figure class=\"wp-block-image size-large is-style-default\"><img loading=\"lazy\" decoding=\"async\" width=\"600\" height=\"358\" data-id=\"23204\" src=\"https:\/\/diariotribuna.com.br\/wp-content\/uploads\/2024\/01\/2880d795-aea9-4d1a-a668-1b9da25feec9.jpg\" alt=\"\" class=\"wp-image-23204\" srcset=\"https:\/\/diariotribuna.com.br\/wp-content\/uploads\/2024\/01\/2880d795-aea9-4d1a-a668-1b9da25feec9.jpg 600w, https:\/\/diariotribuna.com.br\/wp-content\/uploads\/2024\/01\/2880d795-aea9-4d1a-a668-1b9da25feec9-300x179.jpg 300w\" sizes=\"(max-width: 600px) 100vw, 600px\" \/><\/figure>\n\n\n\n<figure class=\"wp-block-image size-large is-style-default\"><img loading=\"lazy\" decoding=\"async\" width=\"600\" height=\"448\" data-id=\"23203\" src=\"https:\/\/diariotribuna.com.br\/wp-content\/uploads\/2024\/01\/7c6e08b3-442d-4d0c-8b11-c5c1d70bebf8.jpg\" alt=\"\" class=\"wp-image-23203\" srcset=\"https:\/\/diariotribuna.com.br\/wp-content\/uploads\/2024\/01\/7c6e08b3-442d-4d0c-8b11-c5c1d70bebf8.jpg 600w, https:\/\/diariotribuna.com.br\/wp-content\/uploads\/2024\/01\/7c6e08b3-442d-4d0c-8b11-c5c1d70bebf8-300x224.jpg 300w, https:\/\/diariotribuna.com.br\/wp-content\/uploads\/2024\/01\/7c6e08b3-442d-4d0c-8b11-c5c1d70bebf8-80x60.jpg 80w, https:\/\/diariotribuna.com.br\/wp-content\/uploads\/2024\/01\/7c6e08b3-442d-4d0c-8b11-c5c1d70bebf8-265x198.jpg 265w, https:\/\/diariotribuna.com.br\/wp-content\/uploads\/2024\/01\/7c6e08b3-442d-4d0c-8b11-c5c1d70bebf8-563x420.jpg 563w\" sizes=\"(max-width: 600px) 100vw, 600px\" \/><\/figure>\n<\/figure>\n\n\n\n<p>Na parte rural a MGC 418 est\u00e1 em fase de reforma, com alguns trechos sem a sinaliza\u00e7\u00e3o por faixas, outros com a pavimenta\u00e7\u00e3o frisada ou com britas. \u201cExistem placas de advert\u00eancia. Cabe ao motorista respeit\u00e1-las e reduzir a velocidade. Importante relembrar que a chuva por si s\u00f3 n\u00e3o causa os sinistros, apenas os potencializam devido \u00e0 pista escorregadia, a concentra\u00e7\u00e3o de \u00e1gua e lama, a redu\u00e7\u00e3o da visibilidade e \u00e0s quedas de barreiras, \u00e1rvores, galhos e bambus\u201d, pontuou.<\/p>\n\n\n\n<p>Ele frisa que, n\u00e3o tem como controlar os eventos da natureza, mas a popula\u00e7\u00e3o pode minimizar os riscos, realizando apenas as viagens mais urgentes. Os deslocamentos devem ser planejados, inclusive com a possibilidade de hospedar-se em alguma cidade quando a situa\u00e7\u00e3o da estrada apresentar perigos. As equipes da Pol\u00edcia Militar Rodovi\u00e1ria tem feito patrulhamentos e opera\u00e7\u00f5es na rodovia MGC 418 para manter a seguran\u00e7a. Basta que os condutores entendam o momento, as circunst\u00e2ncias, especialmente das chuvas e dirijam de forma defensiva.<\/p>\n\n\n\n<p>Frequentemente usu\u00e1rios da rodovia tem reclamado de comportamentos inadequados de outros motoristas, fazendo ultrapassagens em locais proibidos, at\u00e9 mesmo nas curvas, e invadindo a pista contr\u00e1ria devido ao excesso de velocidade ou falta de habilidade. Essas reclama\u00e7\u00f5es, segundo o militar, demonstram que muitos dos acidentes devem estar ocorrendo por imprud\u00eancia. (Informa\u00e7\u00f5es\/Fotos: tenente Reinaldo Martins, comandante do 1\u00ba Pelot\u00e3o da 15\u00aa Cia PM RV).<\/p>\n","protected":false},"excerpt":{"rendered":"<p>O final de semana chuvoso entre os dias 26 a 28 de janeiro, foi marcado por v\u00e1rios acidentes de tr\u00e2nsito na rodovia MGC 418. Foram sa\u00eddas de pista no trecho que liga Te\u00f3filo Otoni ao estado da Bahia, e colis\u00f5es de motocicletas no per\u00edmetro de urbano de Te\u00f3filo Otoni. \u201cUm detalhe que chamou a nossa [&hellip;]<\/p>\n","protected":false},"author":1,"featured_media":23199,"comment_status":"open","ping_status":"open","sticky":false,"template":"","format":"standard","meta":{"rop_custom_images_group":[],"rop_custom_messages_group":[],"rop_publish_now":"initial","rop_publish_now_accounts":[],"rop_publish_now_history":[],"rop_publish_now_status":"pending","footnotes":""},"categories":[18,1],"tags":[6024,5398,735,1030,6025],"class_list":["post-23198","post","type-post","status-publish","format-standard","has-post-thumbnail","hentry","category-regiao","category-sem-categoria","tag-chuva","tag-colisoes","tag-mgc-418","tag-policia-militar-rodoviaria","tag-saidas-de-pista"],"_links":{"self":[{"href":"https:\/\/diariotribuna.com.br\/index.php?rest_route=\/wp\/v2\/posts\/23198"}],"collection":[{"href":"https:\/\/diariotribuna.com.br\/index.php?rest_route=\/wp\/v2\/posts"}],"about":[{"href":"https:\/\/diariotribuna.com.br\/index.php?rest_route=\/wp\/v2\/types\/post"}],"author":[{"embeddable":true,"href":"https:\/\/diariotribuna.com.br\/index.php?rest_route=\/wp\/v2\/users\/1"}],"replies":[{"embeddable":true,"href":"https:\/\/diariotribuna.com.br\/index.php?rest_route=%2Fwp%2Fv2%2Fcomments&post=23198"}],"version-history":[{"count":2,"href":"https:\/\/diariotribuna.com.br\/index.php?rest_route=\/wp\/v2\/posts\/23198\/revisions"}],"predecessor-version":[{"id":23205,"href":"https:\/\/diariotribuna.com.br\/index.php?rest_route=\/wp\/v2\/posts\/23198\/revisions\/23205"}],"wp:featuredmedia":[{"embeddable":true,"href":"https:\/\/diariotribuna.com.br\/index.php?rest_route=\/wp\/v2\/media\/23199"}],"wp:attachment":[{"href":"https:\/\/diariotribuna.com.br\/index.php?rest_route=%2Fwp%2Fv2%2Fmedia&parent=23198"}],"wp:term":[{"taxonomy":"category","embeddable":true,"href":"https:\/\/diariotribuna.com.br\/index.php?rest_route=%2Fwp%2Fv2%2Fcategories&post=23198"},{"taxonomy":"post_tag","embeddable":true,"href":"https:\/\/diariotribuna.com.br\/index.php?rest_route=%2Fwp%2Fv2%2Ftags&post=23198"}],"curies":[{"name":"wp","href":"https:\/\/api.w.org\/{rel}","templated":true}]}}