{"id":23206,"date":"2024-01-30T00:51:55","date_gmt":"2024-01-30T03:51:55","guid":{"rendered":"https:\/\/diariotribuna.com.br\/?p=23206"},"modified":"2024-01-30T00:51:56","modified_gmt":"2024-01-30T03:51:56","slug":"homem-e-preso-em-flagrante-por-se-passar-por-policial-penal-em-jequitinhonha","status":"publish","type":"post","link":"https:\/\/diariotribuna.com.br\/?p=23206","title":{"rendered":"Homem \u00e9 preso em flagrante por se passar por policial penal em Jequitinhonha"},"content":{"rendered":"\n<h3 class=\"wp-block-heading\"><strong><em>O homem \u00e9 ex-agente penitenci\u00e1rio, afastado do Sistema Prisional de Minas, em 2017<\/em><\/strong><\/h3>\n\n\n\n<figure class=\"wp-block-image size-full is-resized is-style-default\"><img loading=\"lazy\" decoding=\"async\" src=\"https:\/\/diariotribuna.com.br\/wp-content\/uploads\/2024\/01\/093d3a0b-7a29-4fbb-afd7-d335580f7876.jpg\" alt=\"\" class=\"wp-image-23207\" width=\"542\" height=\"307\" srcset=\"https:\/\/diariotribuna.com.br\/wp-content\/uploads\/2024\/01\/093d3a0b-7a29-4fbb-afd7-d335580f7876.jpg 700w, https:\/\/diariotribuna.com.br\/wp-content\/uploads\/2024\/01\/093d3a0b-7a29-4fbb-afd7-d335580f7876-300x170.jpg 300w, https:\/\/diariotribuna.com.br\/wp-content\/uploads\/2024\/01\/093d3a0b-7a29-4fbb-afd7-d335580f7876-696x394.jpg 696w\" sizes=\"(max-width: 542px) 100vw, 542px\" \/><\/figure>\n\n\n\n<p>A Pol\u00edcia Civil de Minas Gerais, por meio da 16\u00aa Delegacia de Jequitinhonha\/MG, prendeu em flagrante delito, na manh\u00e3 desta segunda-feira (29\/1), um homem de 41 anos, pelo crime de falsidade ideol\u00f3gica, previsto no art. 299, do C\u00f3digo Penal. Segundo a Pol\u00edcia Civil, o homem se passava por policial penal, mas na verdade \u00e9 ex-agente penitenci\u00e1rio, que inclusive fora afastado em 2017 do Sistema Prisional de Minas Gerais, por problemas psicol\u00f3gicos.<\/p>\n\n\n\n<p>Al\u00e9m disso, ele, supostamente, sustentava o status de pol\u00edcia objetivando prestar servi\u00e7os de seguran\u00e7a privada. A Pol\u00edcia Civil destaca que, a Pol\u00edcia Penal de Minas Gerais fez a escolta do preso durante a lavratura do Auto de Pris\u00e3o em Flagrante Delito (APFD), e tamb\u00e9m na realiza\u00e7\u00e3o do exame de corpo de delito. Equipe: delegado Diogo Quaresma, escriv\u00e3es Henrique Oliveira e Bruna Reis, investigadores Wesley e Renan, Ad doc Elias e Weskley. (Informa\u00e7\u00f5es: PCMG).<\/p>\n","protected":false},"excerpt":{"rendered":"<p>O homem \u00e9 ex-agente penitenci\u00e1rio, afastado do Sistema Prisional de Minas, em 2017 A Pol\u00edcia Civil de Minas Gerais, por meio da 16\u00aa Delegacia de Jequitinhonha\/MG, prendeu em flagrante delito, na manh\u00e3 desta segunda-feira (29\/1), um homem de 41 anos, pelo crime de falsidade ideol\u00f3gica, previsto no art. 299, do C\u00f3digo Penal. Segundo a Pol\u00edcia [&hellip;]<\/p>\n","protected":false},"author":1,"featured_media":23207,"comment_status":"open","ping_status":"open","sticky":false,"template":"","format":"standard","meta":{"rop_custom_images_group":[],"rop_custom_messages_group":[],"rop_publish_now":"initial","rop_publish_now_accounts":[],"rop_publish_now_history":[],"rop_publish_now_status":"pending","footnotes":""},"categories":[20],"tags":[6027,6026,5782,297],"class_list":["post-23206","post","type-post","status-publish","format-standard","has-post-thumbnail","hentry","category-policia","tag-ex-agente-penitenciario","tag-falsidade-ideologica","tag-flagrante","tag-jequitinhonha"],"_links":{"self":[{"href":"https:\/\/diariotribuna.com.br\/index.php?rest_route=\/wp\/v2\/posts\/23206"}],"collection":[{"href":"https:\/\/diariotribuna.com.br\/index.php?rest_route=\/wp\/v2\/posts"}],"about":[{"href":"https:\/\/diariotribuna.com.br\/index.php?rest_route=\/wp\/v2\/types\/post"}],"author":[{"embeddable":true,"href":"https:\/\/diariotribuna.com.br\/index.php?rest_route=\/wp\/v2\/users\/1"}],"replies":[{"embeddable":true,"href":"https:\/\/diariotribuna.com.br\/index.php?rest_route=%2Fwp%2Fv2%2Fcomments&post=23206"}],"version-history":[{"count":1,"href":"https:\/\/diariotribuna.com.br\/index.php?rest_route=\/wp\/v2\/posts\/23206\/revisions"}],"predecessor-version":[{"id":23208,"href":"https:\/\/diariotribuna.com.br\/index.php?rest_route=\/wp\/v2\/posts\/23206\/revisions\/23208"}],"wp:featuredmedia":[{"embeddable":true,"href":"https:\/\/diariotribuna.com.br\/index.php?rest_route=\/wp\/v2\/media\/23207"}],"wp:attachment":[{"href":"https:\/\/diariotribuna.com.br\/index.php?rest_route=%2Fwp%2Fv2%2Fmedia&parent=23206"}],"wp:term":[{"taxonomy":"category","embeddable":true,"href":"https:\/\/diariotribuna.com.br\/index.php?rest_route=%2Fwp%2Fv2%2Fcategories&post=23206"},{"taxonomy":"post_tag","embeddable":true,"href":"https:\/\/diariotribuna.com.br\/index.php?rest_route=%2Fwp%2Fv2%2Ftags&post=23206"}],"curies":[{"name":"wp","href":"https:\/\/api.w.org\/{rel}","templated":true}]}}