{"id":23349,"date":"2024-02-08T22:52:10","date_gmt":"2024-02-09T01:52:10","guid":{"rendered":"https:\/\/diariotribuna.com.br\/?p=23349"},"modified":"2024-02-11T23:54:52","modified_gmt":"2024-02-12T02:54:52","slug":"fortes-chuvas-voltam-a-causar-estragos-em-varios-bairros-de-teofilo-otoni","status":"publish","type":"post","link":"https:\/\/diariotribuna.com.br\/?p=23349","title":{"rendered":"Fortes chuvas voltam a causar estragos em v\u00e1rios bairros de Te\u00f3filo Otoni"},"content":{"rendered":"\n<h3 class=\"wp-block-heading\"><strong><em>V\u00e1rias ruas, casas, escolas e estabelecimentos comerciais foram invadidos por \u00e1gua e lama<\/em><\/strong><\/h3>\n\n\n\n<figure class=\"wp-block-image size-full is-resized is-style-default\"><img loading=\"lazy\" decoding=\"async\" width=\"700\" height=\"426\" src=\"https:\/\/diariotribuna.com.br\/wp-content\/uploads\/2024\/02\/Proximidades-da-Rodoviaria-centro.jpg\" alt=\"\" class=\"wp-image-23350\" style=\"width:449px;height:auto\" srcset=\"https:\/\/diariotribuna.com.br\/wp-content\/uploads\/2024\/02\/Proximidades-da-Rodoviaria-centro.jpg 700w, https:\/\/diariotribuna.com.br\/wp-content\/uploads\/2024\/02\/Proximidades-da-Rodoviaria-centro-300x183.jpg 300w, https:\/\/diariotribuna.com.br\/wp-content\/uploads\/2024\/02\/Proximidades-da-Rodoviaria-centro-696x424.jpg 696w, https:\/\/diariotribuna.com.br\/wp-content\/uploads\/2024\/02\/Proximidades-da-Rodoviaria-centro-690x420.jpg 690w\" sizes=\"(max-width: 700px) 100vw, 700px\" \/><figcaption class=\"wp-element-caption\"><strong>Alagamento pr\u00f3ximo \u00e0 Rodovi\u00e1ria de Te\u00f3filo Otoni<\/strong><\/figcaption><\/figure>\n\n\n\n<p>As fortes chuvas que ca\u00edram em Te\u00f3filo Otoni, na madrugada e manh\u00e3 desta quinta-feira (8\/2), voltaram a causar grandes estragos em v\u00e1rios bairros da cidade, sobretudo, em alguns pontos que j\u00e1 s\u00e3o cr\u00f4nicos, como os bairros Marajoara, Gr\u00e3o Par\u00e1, Palmeiras, S\u00e3o Jacinto, Vila Barreiros, Jardim S\u00e3o Paulo, Bela Vista, S\u00e3o Crist\u00f3v\u00e3o, regi\u00e3o da Unipac e outros, al\u00e9m da regi\u00e3o pr\u00f3xima \u00e0 rodovi\u00e1ria, \u00e1rea central da cidade. V\u00e1rias ruas, casas, estabelecimentos comerciais e escolas foram invadidos por \u00e1gua, lama e entulhos. A principal causa seria o volume de \u00e1gua que chegou ao ponto m\u00e1ximo de recep\u00e7\u00e3o rio Todos os Santos, e retornou \u00e0s ruas e outros logradouros, alagando casas, com\u00e9rcios, escolas, enfim, foi um verdadeiro caos, que poder\u00e1 continuar j\u00e1 que ainda estamos na \u00e1rea de riscos.<\/p>\n\n\n\n<p>Ocorreram quedas de \u00e1rvores em alguns bairros, falta de energia el\u00e9trica, queda de barreiras, situa\u00e7\u00e3o que causou medo, preju\u00edzos, e muita preocupa\u00e7\u00e3o \u00e0 popula\u00e7\u00e3o e aos \u00f3rg\u00e3os de defesa social. Fato de extrema preocupa\u00e7\u00e3o aconteceu na Escola Moreira Caldas, regi\u00e3o no bairro Olga Correia, onde muitos alunos tiveram que ser retirados \u00e0s pressas, alguns subiram em carteiras, se desesperaram, muitos foram retirados nas costas por v\u00e1rios volunt\u00e1rios, mas felizmente, todos foram resgatados sem les\u00f5es.<\/p>\n\n\n\n<p>Fatos dessa natureza j\u00e1 s\u00e3o recorrentes na regi\u00e3o do bairro Olga Correia. Praticamente com qualquer volume de chuvas, j\u00e1 fica totalmente alagada. Quem percorreu as ruas durante as fortes chuvas, que come\u00e7aram por volta das 5h da manh\u00e3, puderam ver carros e motos quase todos cobertos por \u00e1gua, pessoas retirando \u00e1gua e lama de dentro de casa, momentos de desespero. O rio Todos os Santos transbordou na regi\u00e3o do bairro Castro Pires. Algumas pessoas ainda tentavam se recuperar dos estragos causados no dia 28\/1, quando tamb\u00e9m ca\u00edram as chuvas da mesma propor\u00e7\u00e3o.<\/p>\n\n\n\n<p>Equipes da prefeitura, Defesa Civil, Corpo de Bombeiros, Cemig, est\u00e3o trabalhando bastante para amenizar os estragos e orientar a popula\u00e7\u00e3o sobre os cuidados b\u00e1sicos que devem tomar durante as chuvas. <strong>A prefeitura emitiu nota informando que:<\/strong> \u201c<em>desde o in\u00edcio desta quinta-feira (8\/2), as equipes da prefeitura se mobilizaram em uma for\u00e7a-tarefa para minimizar as consequ\u00eancias da chuva que atingiu o munic\u00edpio. Entre as medidas tomadas, est\u00e3o servi\u00e7os como vistoria de resid\u00eancias e desobstru\u00e7\u00e3o e limpeza das vias afetadas. Segundo a Defesa Civil, foram registrados 100 mm de chuva na cidade<\/em>\u201d.<\/p>\n\n\n\n<pre class=\"wp-block-verse\"><strong>Assist\u00eancia Social divulga relat\u00f3rio de atendimentos nesta quinta-feira (8\/2):<\/strong><\/pre>\n\n\n\n<p>18 fam\u00edlias atendidas (46 pessoas); 2 fam\u00edlias desabrigadas (5 pessoas); 16 fam\u00edlias desalojadas (41 pessoas);<\/p>\n\n\n\n<p><strong>11 alugueis sociais liberados:<\/strong> adultos de 18 a 59 anos (29 pessoas); Idosos 60+ (8); Jovens de 12 a 17 anos (4); Crian\u00e7as de 0 a 6 anos (5); Gestante ou nutriz (1); Pessoas com defici\u00eancia (3 pessoas).<\/p>\n\n\n\n<p><strong>Em caso de deslizamentos, desabamentos, alagamentos e rachaduras, ligue para a Defesa Civil Municipal: (33) 98854-6946 \/ Emerg\u00eancia Corpo de Bombeiros: ligue 193. (Imagens: divulga\u00e7\u00e3o)<\/strong>.<\/p>\n\n\n\n<div class=\"wp-block-group is-vertical is-layout-flex wp-container-core-group-is-layout-2 wp-block-group-is-layout-flex\">\n<div class=\"wp-block-columns is-layout-flex wp-container-core-columns-is-layout-1 wp-block-columns-is-layout-flex\">\n<div class=\"wp-block-column is-layout-flow wp-block-column-is-layout-flow\" style=\"flex-basis:100%\">\n<div class=\"wp-block-group\"><div class=\"wp-block-group__inner-container is-layout-constrained wp-block-group-is-layout-constrained\">\n<figure class=\"wp-block-gallery has-nested-images columns-3 is-cropped has-background wp-block-gallery-1 is-layout-flex wp-block-gallery-is-layout-flex\" style=\"background-color:#f1f2f3\">\n<figure class=\"wp-block-image size-thumbnail is-style-default\"><img loading=\"lazy\" decoding=\"async\" width=\"150\" height=\"150\" src=\"https:\/\/diariotribuna.com.br\/wp-content\/uploads\/2024\/02\/Bairro-Sao-Diogo-150x150.jpg\" alt=\"\" class=\"wp-image-23354\"\/><figcaption class=\"wp-element-caption\"><strong>Bairro S\u00e3o Diogo<\/strong><\/figcaption><\/figure>\n\n\n\n<figure class=\"wp-block-image size-thumbnail is-style-default\"><img loading=\"lazy\" decoding=\"async\" width=\"150\" height=\"150\" src=\"https:\/\/diariotribuna.com.br\/wp-content\/uploads\/2024\/02\/Acesso-a-Unipac-150x150.jpg\" alt=\"\" class=\"wp-image-23356\"\/><figcaption class=\"wp-element-caption\"><strong>Acesso \u00e0 Unipac<\/strong><\/figcaption><\/figure>\n\n\n\n<figure class=\"wp-block-image size-thumbnail is-style-default\"><img loading=\"lazy\" decoding=\"async\" width=\"150\" height=\"150\" src=\"https:\/\/diariotribuna.com.br\/wp-content\/uploads\/2024\/02\/Bairro-Castro-Pires-150x150.jpg\" alt=\"\" class=\"wp-image-23357\"\/><figcaption class=\"wp-element-caption\"><strong>Bairro Castro Pires<\/strong><\/figcaption><\/figure>\n\n\n\n<figure class=\"wp-block-image size-thumbnail is-style-default\"><img loading=\"lazy\" decoding=\"async\" width=\"150\" height=\"150\" src=\"https:\/\/diariotribuna.com.br\/wp-content\/uploads\/2024\/02\/Rio-Todos-os-Santos-2-150x150.jpg\" alt=\"\" class=\"wp-image-23381\"\/><figcaption class=\"wp-element-caption\"><strong>Rio Todos os Santos<\/strong><\/figcaption><\/figure>\n\n\n\n<figure class=\"wp-block-image size-thumbnail is-style-default\"><img loading=\"lazy\" decoding=\"async\" width=\"150\" height=\"150\" src=\"https:\/\/diariotribuna.com.br\/wp-content\/uploads\/2024\/02\/Rua-fundo-da-prefeitura-2-150x150.jpg\" alt=\"\" class=\"wp-image-23383\"\/><figcaption class=\"wp-element-caption\"><strong>Rua fundo da prefeitura<\/strong><\/figcaption><\/figure>\n\n\n\n<figure class=\"wp-block-image size-thumbnail is-style-default\"><img loading=\"lazy\" decoding=\"async\" width=\"150\" height=\"150\" src=\"https:\/\/diariotribuna.com.br\/wp-content\/uploads\/2024\/02\/Rua-Julio-Haueisen-2-150x150.jpg\" alt=\"\" class=\"wp-image-23380\"\/><figcaption class=\"wp-element-caption\"><strong>Rua J\u00falio Haueisen<\/strong><\/figcaption><\/figure>\n\n\n\n<figure class=\"wp-block-image size-thumbnail is-style-default\"><img loading=\"lazy\" decoding=\"async\" width=\"150\" height=\"150\" src=\"https:\/\/diariotribuna.com.br\/wp-content\/uploads\/2024\/02\/Soares-da-Costa-2-150x150.jpg\" alt=\"\" class=\"wp-image-23384\"\/><figcaption class=\"wp-element-caption\"><strong>Soares da Costa<\/strong><\/figcaption><\/figure>\n\n\n\n<figure class=\"wp-block-image size-thumbnail is-style-default\"><img loading=\"lazy\" decoding=\"async\" width=\"150\" height=\"150\" src=\"https:\/\/diariotribuna.com.br\/wp-content\/uploads\/2024\/02\/Vila-Sao-Joao-2-150x150.jpg\" alt=\"\" class=\"wp-image-23382\"\/><figcaption class=\"wp-element-caption\"><strong>Vila S\u00e3o Jo\u00e3o<\/strong><\/figcaption><\/figure>\n\n\n\n<figure class=\"wp-block-image size-thumbnail is-style-default\"><img loading=\"lazy\" decoding=\"async\" width=\"150\" height=\"150\" src=\"https:\/\/diariotribuna.com.br\/wp-content\/uploads\/2024\/02\/Em-frente-ao-Raynices-2-150x150.jpg\" alt=\"\" class=\"wp-image-23385\"\/><figcaption class=\"wp-element-caption\"><strong>Em frente ao Raynices<\/strong><\/figcaption><\/figure>\n\n\n\n<figure class=\"wp-block-image size-thumbnail is-style-default\"><img loading=\"lazy\" decoding=\"async\" width=\"150\" height=\"150\" src=\"https:\/\/diariotribuna.com.br\/wp-content\/uploads\/2024\/02\/Jardim-Sao-Paulo-2-150x150.jpg\" alt=\"\" class=\"wp-image-23388\"\/><figcaption class=\"wp-element-caption\"><strong>Jardim S\u00e3o Paulo<\/strong><\/figcaption><\/figure>\n\n\n\n<figure class=\"wp-block-image size-thumbnail is-style-default\"><img loading=\"lazy\" decoding=\"async\" width=\"150\" height=\"150\" src=\"https:\/\/diariotribuna.com.br\/wp-content\/uploads\/2024\/02\/Ponte-Castro-Pires-2-150x150.jpg\" alt=\"\" class=\"wp-image-23387\"\/><figcaption class=\"wp-element-caption\"><strong>Ponte &#8211; Castro Pires<\/strong><\/figcaption><\/figure>\n\n\n\n<figure class=\"wp-block-image size-thumbnail is-style-default\"><img loading=\"lazy\" decoding=\"async\" width=\"150\" height=\"150\" src=\"https:\/\/diariotribuna.com.br\/wp-content\/uploads\/2024\/02\/Bairro-Olga-Correia-150x150.jpg\" alt=\"\" class=\"wp-image-23358\"\/><figcaption class=\"wp-element-caption\"><strong>Bairro Olga Correia<\/strong><\/figcaption><\/figure>\n\n\n\n<figure class=\"wp-block-image size-thumbnail is-style-default\"><img loading=\"lazy\" decoding=\"async\" width=\"150\" height=\"150\" src=\"https:\/\/diariotribuna.com.br\/wp-content\/uploads\/2024\/02\/Bairro-Sao-Cristovao-150x150.jpg\" alt=\"\" class=\"wp-image-23355\"\/><figcaption class=\"wp-element-caption\"><strong>Bairro S\u00e3o Crist\u00f3v\u00e3o<\/strong><\/figcaption><\/figure>\n\n\n\n<figure class=\"wp-block-image size-thumbnail is-style-default\"><img loading=\"lazy\" decoding=\"async\" width=\"150\" height=\"150\" src=\"https:\/\/diariotribuna.com.br\/wp-content\/uploads\/2024\/02\/Praca-Olga-Correia-2-150x150.jpg\" alt=\"\" class=\"wp-image-23379\"\/><figcaption class=\"wp-element-caption\"><strong>Pra\u00e7a Olga Correia<\/strong><\/figcaption><\/figure>\n<\/figure>\n<\/div><\/div>\n<\/div>\n<\/div>\n<\/div>\n","protected":false},"excerpt":{"rendered":"<p>V\u00e1rias ruas, casas, escolas e estabelecimentos comerciais foram invadidos por \u00e1gua e lama As fortes chuvas que ca\u00edram em Te\u00f3filo Otoni, na madrugada e manh\u00e3 desta quinta-feira (8\/2), voltaram a causar grandes estragos em v\u00e1rios bairros da cidade, sobretudo, em alguns pontos que j\u00e1 s\u00e3o cr\u00f4nicos, como os bairros Marajoara, Gr\u00e3o Par\u00e1, Palmeiras, S\u00e3o Jacinto, [&hellip;]<\/p>\n","protected":false},"author":1,"featured_media":23350,"comment_status":"open","ping_status":"open","sticky":false,"template":"","format":"standard","meta":{"rop_custom_images_group":[],"rop_custom_messages_group":[],"rop_publish_now":"initial","rop_publish_now_accounts":[],"rop_publish_now_history":[],"rop_publish_now_status":"pending","footnotes":""},"categories":[17],"tags":[2648,1953,2647,75],"class_list":["post-23349","post","type-post","status-publish","format-standard","has-post-thumbnail","hentry","category-teofilootoni","tag-alagamentos","tag-chuvas","tag-inundacoes","tag-teofilo-otoni"],"_links":{"self":[{"href":"https:\/\/diariotribuna.com.br\/index.php?rest_route=\/wp\/v2\/posts\/23349"}],"collection":[{"href":"https:\/\/diariotribuna.com.br\/index.php?rest_route=\/wp\/v2\/posts"}],"about":[{"href":"https:\/\/diariotribuna.com.br\/index.php?rest_route=\/wp\/v2\/types\/post"}],"author":[{"embeddable":true,"href":"https:\/\/diariotribuna.com.br\/index.php?rest_route=\/wp\/v2\/users\/1"}],"replies":[{"embeddable":true,"href":"https:\/\/diariotribuna.com.br\/index.php?rest_route=%2Fwp%2Fv2%2Fcomments&post=23349"}],"version-history":[{"count":5,"href":"https:\/\/diariotribuna.com.br\/index.php?rest_route=\/wp\/v2\/posts\/23349\/revisions"}],"predecessor-version":[{"id":23392,"href":"https:\/\/diariotribuna.com.br\/index.php?rest_route=\/wp\/v2\/posts\/23349\/revisions\/23392"}],"wp:featuredmedia":[{"embeddable":true,"href":"https:\/\/diariotribuna.com.br\/index.php?rest_route=\/wp\/v2\/media\/23350"}],"wp:attachment":[{"href":"https:\/\/diariotribuna.com.br\/index.php?rest_route=%2Fwp%2Fv2%2Fmedia&parent=23349"}],"wp:term":[{"taxonomy":"category","embeddable":true,"href":"https:\/\/diariotribuna.com.br\/index.php?rest_route=%2Fwp%2Fv2%2Fcategories&post=23349"},{"taxonomy":"post_tag","embeddable":true,"href":"https:\/\/diariotribuna.com.br\/index.php?rest_route=%2Fwp%2Fv2%2Ftags&post=23349"}],"curies":[{"name":"wp","href":"https:\/\/api.w.org\/{rel}","templated":true}]}}