{"id":23496,"date":"2024-02-20T21:01:56","date_gmt":"2024-02-21T00:01:56","guid":{"rendered":"https:\/\/diariotribuna.com.br\/?p=23496"},"modified":"2024-02-27T21:15:24","modified_gmt":"2024-02-28T00:15:24","slug":"policia-militar-monta-forca-tarefa-para-prender-envolvidos-em-crime-grave-contra-idosa-em-teofilo-otoni","status":"publish","type":"post","link":"https:\/\/diariotribuna.com.br\/?p=23496","title":{"rendered":"Pol\u00edcia Militar monta for\u00e7a tarefa para prender envolvidos em crime grave contra idosa em Te\u00f3filo Otoni"},"content":{"rendered":"\n<figure class=\"wp-block-image size-full is-resized is-style-default\"><img loading=\"lazy\" decoding=\"async\" width=\"700\" height=\"393\" src=\"https:\/\/diariotribuna.com.br\/wp-content\/uploads\/2024\/02\/IMG-20240217-WA0013.jpg\" alt=\"\" class=\"wp-image-23497\" style=\"width:460px;height:auto\" srcset=\"https:\/\/diariotribuna.com.br\/wp-content\/uploads\/2024\/02\/IMG-20240217-WA0013.jpg 700w, https:\/\/diariotribuna.com.br\/wp-content\/uploads\/2024\/02\/IMG-20240217-WA0013-300x168.jpg 300w, https:\/\/diariotribuna.com.br\/wp-content\/uploads\/2024\/02\/IMG-20240217-WA0013-696x391.jpg 696w\" sizes=\"(max-width: 700px) 100vw, 700px\" \/><figcaption class=\"wp-element-caption\"><strong>Os autores quebraram quase todo o im\u00f3vel e agrediram<br>fisicamente a idosa de 73 anos<\/strong><\/figcaption><\/figure>\n\n\n\n<p>A Pol\u00edcia Militar registrou um crime grave em Te\u00f3filo Otoni, na noite de sexta-feira (16\/2), contra uma idosa de 73 anos, no bairro Felicidade. Ela teve sua casa invadida por criminosos que destru\u00edram quase todo seu im\u00f3vel, inclusive foram quebradas at\u00e9 paredes e janelas. A idosa que estava dormindo ainda foi arrastada pelos p\u00e9s, agredida com socos e chutes, e deixada toda machucada no meio da rua.<\/p>\n\n\n\n<p>A Pol\u00edcia Militar agiu r\u00e1pido, n\u00e3o mediu esfor\u00e7os nas dilig\u00eancias e rastreamentos, montou uma for\u00e7a tarefa para localizar e prender os autores do crime. No s\u00e1bado, foi preso um suspeito de envolvimento, que ainda pesava contra ele um mandado de pris\u00e3o. Na manh\u00e3 desta ter\u00e7a-feira (20\/2), o comandante do 19\u00ba BPM, tenente coronel Wellington Campos concedeu entrevista coletiva \u00e0 imprensa, passando detalhes dos trabalhos at\u00e9 o momento.<\/p>\n\n\n\n<figure class=\"wp-block-image size-full is-resized is-style-default\"><img loading=\"lazy\" decoding=\"async\" width=\"700\" height=\"464\" src=\"https:\/\/diariotribuna.com.br\/wp-content\/uploads\/2024\/02\/IMG-20240220-WA0108.jpg\" alt=\"\" class=\"wp-image-23498\" style=\"width:430px;height:auto\" srcset=\"https:\/\/diariotribuna.com.br\/wp-content\/uploads\/2024\/02\/IMG-20240220-WA0108.jpg 700w, https:\/\/diariotribuna.com.br\/wp-content\/uploads\/2024\/02\/IMG-20240220-WA0108-300x199.jpg 300w, https:\/\/diariotribuna.com.br\/wp-content\/uploads\/2024\/02\/IMG-20240220-WA0108-696x461.jpg 696w, https:\/\/diariotribuna.com.br\/wp-content\/uploads\/2024\/02\/IMG-20240220-WA0108-634x420.jpg 634w\" sizes=\"(max-width: 700px) 100vw, 700px\" \/><figcaption class=\"wp-element-caption\"><strong>&#8220;A Pol\u00edcia Militar n\u00e3o vai tolerar, como nunca tolerou,<\/strong><br><strong>a\u00e7\u00f5es dessa natureza\u201d, afirmou o comandante do 19\u00ba<\/strong><br><strong>BPM, Ten Cel Wellington Campos<\/strong><\/figcaption><\/figure>\n\n\n\n<p>Segundo o comandante, al\u00e9m das agress\u00f5es sofridas, a idosa ainda teve bens subtra\u00eddos. \u201cA partir desse evento, n\u00f3s montamos uma for\u00e7a tarefa no sentido de dar uma pronta resposta a toda comunidade\u201d, disse o tenente coronel, informando que essa a\u00e7\u00e3o resultou na identifica\u00e7\u00e3o dos autores envolvidos nesse fato delituoso. \u201cInclusive, com a pris\u00e3o de um desses indiv\u00edduos\u201d, disse.<\/p>\n\n\n\n<p>Em continuidade \u00e0s a\u00e7\u00f5es, segundo o comandante \u2013 \u201cna segunda-feira (19), foram presos mais indiv\u00edduos fortemente envolvidos com o tr\u00e1fico de drogas, com organiza\u00e7\u00e3o criminosa, dando uma resposta a esse fato ocorrido no dia 16\u201d. Disse que alguns deles, segundo den\u00fancias, s\u00e3o apontados como envolvidos no crime contra a idosa. \u201cMas, o certo \u00e9 que est\u00e3o todos envolvidos com organiza\u00e7\u00f5es criminosas que atuam aqui em Te\u00f3filo Otoni e regi\u00e3o. A Pol\u00edcia Militar n\u00e3o vai tolerar, como nunca tolerou, a\u00e7\u00f5es dessa natureza\u201d.<\/p>\n\n\n\n<figure class=\"wp-block-gallery has-nested-images columns-default is-cropped wp-block-gallery-1 is-layout-flex wp-block-gallery-is-layout-flex\">\n<figure class=\"wp-block-image size-large is-style-default\"><img loading=\"lazy\" decoding=\"async\" width=\"600\" height=\"373\" data-id=\"23499\" src=\"https:\/\/diariotribuna.com.br\/wp-content\/uploads\/2024\/02\/IMG-20240220-WA0085.jpg\" alt=\"\" class=\"wp-image-23499\" srcset=\"https:\/\/diariotribuna.com.br\/wp-content\/uploads\/2024\/02\/IMG-20240220-WA0085.jpg 600w, https:\/\/diariotribuna.com.br\/wp-content\/uploads\/2024\/02\/IMG-20240220-WA0085-300x187.jpg 300w, https:\/\/diariotribuna.com.br\/wp-content\/uploads\/2024\/02\/IMG-20240220-WA0085-356x220.jpg 356w\" sizes=\"(max-width: 600px) 100vw, 600px\" \/><\/figure>\n\n\n\n<figure class=\"wp-block-image size-large is-style-default\"><img loading=\"lazy\" decoding=\"async\" width=\"600\" height=\"392\" data-id=\"23500\" src=\"https:\/\/diariotribuna.com.br\/wp-content\/uploads\/2024\/02\/IMG-20240220-WA0087.jpg\" alt=\"\" class=\"wp-image-23500\" srcset=\"https:\/\/diariotribuna.com.br\/wp-content\/uploads\/2024\/02\/IMG-20240220-WA0087.jpg 600w, https:\/\/diariotribuna.com.br\/wp-content\/uploads\/2024\/02\/IMG-20240220-WA0087-300x196.jpg 300w\" sizes=\"(max-width: 600px) 100vw, 600px\" \/><\/figure>\n<figcaption class=\"blocks-gallery-caption wp-element-caption\"><strong>A Pol\u00edcia Militar realizou opera\u00e7\u00e3o na segunda-feira (19) resultando na apreens\u00e3o de quantidade expressiva de drogas e arma e fogo<\/strong><\/figcaption><\/figure>\n\n\n\n<p>O comandante ressalta que precisa agradecer, porque esse resultado e essa expressiva apreens\u00e3o de drogas, inclusive pris\u00e3o de indiv\u00edduos suspeitos de envolvimento em homic\u00eddios, contou com den\u00fancias. \u201c\u00c9 uma resposta ao tr\u00e1fico que a gente vem atuando de forma incisiva retirando essas pessoas de circula\u00e7\u00e3o. Mas o momento \u00e9 de agradecer. Esse resultado n\u00e3o seria poss\u00edvel se n\u00e3o fosse a den\u00fancia de cidad\u00e3o daqui da cidade de Te\u00f3filo Otoni, que participou ativamente junto com a Pol\u00edcia Militar\u201d, frisou, afirmando que a PM n\u00e3o faz seguran\u00e7a de forma isolada, faz de forma participativa.<\/p>\n\n\n\n<p>Na opera\u00e7\u00e3o realizada na zona norte, na segunda (19), com participa\u00e7\u00e3o da Rotam de Belo Horizonte,\u00a0 foi apreendida arma de fogo, e uma quantidade expressiva de pedras de crack e maconha. Sobre a idosa agredida, ela j\u00e1 foi retirada da localidade e ser\u00e1 protegida. \u201cA gente est\u00e1 oficiando ao Minist\u00e9rio P\u00fablico, ao Poder Judici\u00e1rio, o pr\u00f3prio ente municipal ir\u00e1 nos apoiar, e ela ser\u00e1 inscrita no programa de prote\u00e7\u00e3o \u00e0 v\u00edtima\u201d, informou o coronel Campos que, questionado sobre poss\u00edvel motiva\u00e7\u00e3o desse ataque \u00e0 idosa, disse que informa\u00e7\u00f5es que chegaram \u00e9 que ela teria passado informa\u00e7\u00e3o a uma equipe policial que estaria atuando no momento naquela localidade. Mas o caso est\u00e1 sendo investigado.<\/p>\n","protected":false},"excerpt":{"rendered":"<p>A Pol\u00edcia Militar registrou um crime grave em Te\u00f3filo Otoni, na noite de sexta-feira (16\/2), contra uma idosa de 73 anos, no bairro Felicidade. Ela teve sua casa invadida por criminosos que destru\u00edram quase todo seu im\u00f3vel, inclusive foram quebradas at\u00e9 paredes e janelas. A idosa que estava dormindo ainda foi arrastada pelos p\u00e9s, agredida [&hellip;]<\/p>\n","protected":false},"author":1,"featured_media":23497,"comment_status":"open","ping_status":"open","sticky":false,"template":"","format":"standard","meta":{"rop_custom_images_group":[],"rop_custom_messages_group":[],"rop_publish_now":"initial","rop_publish_now_accounts":[],"rop_publish_now_history":[],"rop_publish_now_status":"pending","footnotes":""},"categories":[20],"tags":[6073,6074,3466,76,75],"class_list":["post-23496","post","type-post","status-publish","format-standard","has-post-thumbnail","hentry","category-policia","tag-agressao-a-idosa","tag-ataque-a-residencia","tag-bairro-felicidade","tag-policia-militar","tag-teofilo-otoni"],"_links":{"self":[{"href":"https:\/\/diariotribuna.com.br\/index.php?rest_route=\/wp\/v2\/posts\/23496"}],"collection":[{"href":"https:\/\/diariotribuna.com.br\/index.php?rest_route=\/wp\/v2\/posts"}],"about":[{"href":"https:\/\/diariotribuna.com.br\/index.php?rest_route=\/wp\/v2\/types\/post"}],"author":[{"embeddable":true,"href":"https:\/\/diariotribuna.com.br\/index.php?rest_route=\/wp\/v2\/users\/1"}],"replies":[{"embeddable":true,"href":"https:\/\/diariotribuna.com.br\/index.php?rest_route=%2Fwp%2Fv2%2Fcomments&post=23496"}],"version-history":[{"count":3,"href":"https:\/\/diariotribuna.com.br\/index.php?rest_route=\/wp\/v2\/posts\/23496\/revisions"}],"predecessor-version":[{"id":23503,"href":"https:\/\/diariotribuna.com.br\/index.php?rest_route=\/wp\/v2\/posts\/23496\/revisions\/23503"}],"wp:featuredmedia":[{"embeddable":true,"href":"https:\/\/diariotribuna.com.br\/index.php?rest_route=\/wp\/v2\/media\/23497"}],"wp:attachment":[{"href":"https:\/\/diariotribuna.com.br\/index.php?rest_route=%2Fwp%2Fv2%2Fmedia&parent=23496"}],"wp:term":[{"taxonomy":"category","embeddable":true,"href":"https:\/\/diariotribuna.com.br\/index.php?rest_route=%2Fwp%2Fv2%2Fcategories&post=23496"},{"taxonomy":"post_tag","embeddable":true,"href":"https:\/\/diariotribuna.com.br\/index.php?rest_route=%2Fwp%2Fv2%2Ftags&post=23496"}],"curies":[{"name":"wp","href":"https:\/\/api.w.org\/{rel}","templated":true}]}}