{"id":23504,"date":"2024-02-21T11:58:25","date_gmt":"2024-02-21T14:58:25","guid":{"rendered":"https:\/\/diariotribuna.com.br\/?p=23504"},"modified":"2024-02-23T13:56:55","modified_gmt":"2024-02-23T16:56:55","slug":"prf-de-teofilo-otoni-prende-condutor-sem-cnh-e-com-mandado-de-prisao","status":"publish","type":"post","link":"https:\/\/diariotribuna.com.br\/?p=23504","title":{"rendered":"PRF de Te\u00f3filo Otoni prende condutor sem CNH e com mandado de pris\u00e3o"},"content":{"rendered":"\n<figure class=\"wp-block-image size-full is-resized is-style-default\"><img loading=\"lazy\" decoding=\"async\" width=\"700\" height=\"495\" src=\"https:\/\/diariotribuna.com.br\/wp-content\/uploads\/2024\/02\/IMG-20240221-WA0102.jpg\" alt=\"\" class=\"wp-image-23505\" style=\"width:392px;height:auto\" srcset=\"https:\/\/diariotribuna.com.br\/wp-content\/uploads\/2024\/02\/IMG-20240221-WA0102.jpg 700w, https:\/\/diariotribuna.com.br\/wp-content\/uploads\/2024\/02\/IMG-20240221-WA0102-300x212.jpg 300w, https:\/\/diariotribuna.com.br\/wp-content\/uploads\/2024\/02\/IMG-20240221-WA0102-100x70.jpg 100w, https:\/\/diariotribuna.com.br\/wp-content\/uploads\/2024\/02\/IMG-20240221-WA0102-696x492.jpg 696w, https:\/\/diariotribuna.com.br\/wp-content\/uploads\/2024\/02\/IMG-20240221-WA0102-594x420.jpg 594w\" sizes=\"(max-width: 700px) 100vw, 700px\" \/><\/figure>\n\n\n\n<p>A Pol\u00edcia Rodovi\u00e1ria Federal fazia uma fiscaliza\u00e7\u00e3o na BR 116, em Te\u00f3filo Otoni, nesta quarta-feira (21\/2), quando a equipe deu ordem de parada a um ve\u00edculo VW Gol. Durante abordagem, foram consultados os documentos do condutor, de Te\u00f3filo Otoni, e do ve\u00edculo, sendo constatadas irregularidades. O ve\u00edculo \u00e9 de propriedade do condutor e estava com licenciamento vencido desde 2018.<\/p>\n\n\n\n<p>Os policiais constataram ainda, que o condutor n\u00e3o possu\u00eda CNH, e que constava contra ele um mandado de pris\u00e3o em aberto, oriundo de Caraguatatuba\/SP, por homic\u00eddio, furto e recepta\u00e7\u00e3o. Foram feitos os autos de infra\u00e7\u00e3o cab\u00edveis e o condutor foi encaminhado para a delegacia da Pol\u00edcia Civil local para os procedimentos de pol\u00edcia judici\u00e1ria. (Informa\u00e7\u00f5es\/Foto: PRF Te\u00f3filo Otoni).<\/p>\n","protected":false},"excerpt":{"rendered":"<p>A Pol\u00edcia Rodovi\u00e1ria Federal fazia uma fiscaliza\u00e7\u00e3o na BR 116, em Te\u00f3filo Otoni, nesta quarta-feira (21\/2), quando a equipe deu ordem de parada a um ve\u00edculo VW Gol. Durante abordagem, foram consultados os documentos do condutor, de Te\u00f3filo Otoni, e do ve\u00edculo, sendo constatadas irregularidades. O ve\u00edculo \u00e9 de propriedade do condutor e estava com [&hellip;]<\/p>\n","protected":false},"author":1,"featured_media":23505,"comment_status":"open","ping_status":"open","sticky":false,"template":"","format":"standard","meta":{"rop_custom_images_group":[],"rop_custom_messages_group":[],"rop_publish_now":"initial","rop_publish_now_accounts":[],"rop_publish_now_history":[],"rop_publish_now_status":"pending","footnotes":""},"categories":[20],"tags":[1382,6075,1176,3798,75],"class_list":["post-23504","post","type-post","status-publish","format-standard","has-post-thumbnail","hentry","category-policia","tag-br-116-2","tag-condutor-sem-cnh","tag-mandado-de-prisao","tag-prf-teofilo-otoni","tag-teofilo-otoni"],"_links":{"self":[{"href":"https:\/\/diariotribuna.com.br\/index.php?rest_route=\/wp\/v2\/posts\/23504"}],"collection":[{"href":"https:\/\/diariotribuna.com.br\/index.php?rest_route=\/wp\/v2\/posts"}],"about":[{"href":"https:\/\/diariotribuna.com.br\/index.php?rest_route=\/wp\/v2\/types\/post"}],"author":[{"embeddable":true,"href":"https:\/\/diariotribuna.com.br\/index.php?rest_route=\/wp\/v2\/users\/1"}],"replies":[{"embeddable":true,"href":"https:\/\/diariotribuna.com.br\/index.php?rest_route=%2Fwp%2Fv2%2Fcomments&post=23504"}],"version-history":[{"count":2,"href":"https:\/\/diariotribuna.com.br\/index.php?rest_route=\/wp\/v2\/posts\/23504\/revisions"}],"predecessor-version":[{"id":23508,"href":"https:\/\/diariotribuna.com.br\/index.php?rest_route=\/wp\/v2\/posts\/23504\/revisions\/23508"}],"wp:featuredmedia":[{"embeddable":true,"href":"https:\/\/diariotribuna.com.br\/index.php?rest_route=\/wp\/v2\/media\/23505"}],"wp:attachment":[{"href":"https:\/\/diariotribuna.com.br\/index.php?rest_route=%2Fwp%2Fv2%2Fmedia&parent=23504"}],"wp:term":[{"taxonomy":"category","embeddable":true,"href":"https:\/\/diariotribuna.com.br\/index.php?rest_route=%2Fwp%2Fv2%2Fcategories&post=23504"},{"taxonomy":"post_tag","embeddable":true,"href":"https:\/\/diariotribuna.com.br\/index.php?rest_route=%2Fwp%2Fv2%2Ftags&post=23504"}],"curies":[{"name":"wp","href":"https:\/\/api.w.org\/{rel}","templated":true}]}}