{"id":23533,"date":"2024-02-22T17:04:25","date_gmt":"2024-02-22T20:04:25","guid":{"rendered":"https:\/\/diariotribuna.com.br\/?p=23533"},"modified":"2024-02-22T17:08:27","modified_gmt":"2024-02-22T20:08:27","slug":"policias-civil-e-militar-de-itambacuri-realizam-operacao-para-cumprir-mandados-judiciais-em-mathias-lobato","status":"publish","type":"post","link":"https:\/\/diariotribuna.com.br\/?p=23533","title":{"rendered":"Pol\u00edcias Civil e Militar de Itambacuri realizam opera\u00e7\u00e3o para cumprir mandados judiciais em Mathias Lobato"},"content":{"rendered":"\n<figure class=\"wp-block-gallery has-nested-images columns-default is-cropped wp-block-gallery-1 is-layout-flex wp-block-gallery-is-layout-flex\">\n<figure class=\"wp-block-image size-large is-style-default\"><img loading=\"lazy\" decoding=\"async\" width=\"700\" height=\"450\" data-id=\"23534\" src=\"https:\/\/diariotribuna.com.br\/wp-content\/uploads\/2024\/02\/IMG-20240222-WA0183.jpg\" alt=\"\" class=\"wp-image-23534\" srcset=\"https:\/\/diariotribuna.com.br\/wp-content\/uploads\/2024\/02\/IMG-20240222-WA0183.jpg 700w, https:\/\/diariotribuna.com.br\/wp-content\/uploads\/2024\/02\/IMG-20240222-WA0183-300x193.jpg 300w, https:\/\/diariotribuna.com.br\/wp-content\/uploads\/2024\/02\/IMG-20240222-WA0183-696x447.jpg 696w, https:\/\/diariotribuna.com.br\/wp-content\/uploads\/2024\/02\/IMG-20240222-WA0183-653x420.jpg 653w\" sizes=\"(max-width: 700px) 100vw, 700px\" \/><\/figure>\n\n\n\n<figure class=\"wp-block-image size-large is-style-default\"><img loading=\"lazy\" decoding=\"async\" width=\"700\" height=\"435\" data-id=\"23535\" src=\"https:\/\/diariotribuna.com.br\/wp-content\/uploads\/2024\/02\/IMG-20240222-WA0182.jpg\" alt=\"\" class=\"wp-image-23535\" srcset=\"https:\/\/diariotribuna.com.br\/wp-content\/uploads\/2024\/02\/IMG-20240222-WA0182.jpg 700w, https:\/\/diariotribuna.com.br\/wp-content\/uploads\/2024\/02\/IMG-20240222-WA0182-300x186.jpg 300w, https:\/\/diariotribuna.com.br\/wp-content\/uploads\/2024\/02\/IMG-20240222-WA0182-356x220.jpg 356w, https:\/\/diariotribuna.com.br\/wp-content\/uploads\/2024\/02\/IMG-20240222-WA0182-696x433.jpg 696w, https:\/\/diariotribuna.com.br\/wp-content\/uploads\/2024\/02\/IMG-20240222-WA0182-676x420.jpg 676w\" sizes=\"(max-width: 700px) 100vw, 700px\" \/><\/figure>\n<\/figure>\n\n\n\n<p>A PCMG, por meio da 5\u00aa Delegacia de Policia Civil de Itambacuri, e a PMMG, por meio da 155\u00aa Cia PM, desencadearam uma opera\u00e7\u00e3o, para cumprir medidas cautelares deferidas pelo Ju\u00edzo Criminal da Comarca de Itambacuri, focando no combate aos crimes de roubo a m\u00e3o armada, tr\u00e1fico de drogas e posse ilegal de armas de fogo, na cidade de Mathias Lobato\/MG.<\/p>\n\n\n\n<p>Segundo a Pol\u00edcia Civil, \u201cna noite de domingo (18\/2), o grupo criminoso encabe\u00e7ado pelo R.S.L., de 21 anos, que orquestrava outros 3 partid\u00e1rios de fa\u00e7anhas criminosas, invadiram uma propriedade rural no C\u00f3rrego \u00c1gua Preta, em Jampruca, local onde demonstraram viol\u00eancia com o emprego de armas de fogo, desferindo v\u00e1rios disparos em dire\u00e7\u00e3o \u00e0s vitimas, que foram obrigadas a correr mata a dentro, sendo delas subtra\u00eddos bens e valores\u201d.<\/p>\n\n\n\n<p>Com base nos levantamentos preliminares das equipes policiais foi poss\u00edvel identificar dois dos autores e o veiculo utilizado por eles para a pr\u00e1tica dos crimes. Com tais informa\u00e7\u00f5es foram manejados pedidos de cautelares de busca e apreens\u00e3o, sendo os mandados cumpridos, na manh\u00e3 desta quinta-feira (22\/2), no bairro Bela Vista e na zona rural do munic\u00edpio de Mathias Lobato.<\/p>\n\n\n\n<p>Segundo o delegado de Itambacuri, dr. Eduardo Gil, durante as buscas os policiais localizaram R.S.L., que portava uma pistola Glock, calibre 380, que havia sido furtada do im\u00f3vel de um parlamentar da C\u00e2mara de Deputados. Num dos im\u00f3veis na \u00e1rea urbana foi localizada uma espingarda calibre 32, al\u00e9m de 22 muni\u00e7\u00f5es do mesmo calibre, local onde um autor foi preso por manter a guarda da arma e muni\u00e7\u00f5es.<\/p>\n\n\n\n<p>\u201cAs armas apreendidas foram as mesmas usadas pelo bando para a pr\u00e1tica do crime de roubo no dia 18\/2\/2024\u201d, disse Gil. Os autores alvos das buscas foram presos em flagrante delito. Ap\u00f3s formaliza\u00e7\u00e3o dos Autos Circunstanciados de Busca e Apreens\u00e3o, garantidos os direitos n\u00e3o atingidos pelo cerceamento de liberdade dos infratores, foram grafadas as narrativas sobre os fatos a eles imputados e encaminhados \u00e0 delegacia de Policia Civil de Governador Valadares, onde permanecem \u00e0 disposi\u00e7\u00e3o da Justi\u00e7a P\u00fablica daquela Comarca.&nbsp;<\/p>\n\n\n\n<p>Equipe Policial Civil: \u00a0dr. Eduardo Gil, Ademi, Datan e Glauzelanio \u201cBota\u201d. Equipes Policia Militar: capit\u00e3o John, aspirante Santiago e aspirante Rom\u00e1rio; aspirante Ricardo, sargento Pena e sargento Bonfim; sargento Emerson, sargento Luiz, cabo Bruno e soldado Feitosa; tenente Lucas, sargento Kerton, sargento Leonardo e cabo Ederson. (Informa\u00e7\u00f5es\/Fotos: PCMG\/ Itambacuri).<\/p>\n","protected":false},"excerpt":{"rendered":"<p>A PCMG, por meio da 5\u00aa Delegacia de Policia Civil de Itambacuri, e a PMMG, por meio da 155\u00aa Cia PM, desencadearam uma opera\u00e7\u00e3o, para cumprir medidas cautelares deferidas pelo Ju\u00edzo Criminal da Comarca de Itambacuri, focando no combate aos crimes de roubo a m\u00e3o armada, tr\u00e1fico de drogas e posse ilegal de armas de [&hellip;]<\/p>\n","protected":false},"author":1,"featured_media":23535,"comment_status":"open","ping_status":"open","sticky":false,"template":"","format":"standard","meta":{"rop_custom_images_group":[],"rop_custom_messages_group":[],"rop_publish_now":"initial","rop_publish_now_accounts":[],"rop_publish_now_history":[],"rop_publish_now_status":"pending","footnotes":""},"categories":[20],"tags":[96,6078,1005,292,76],"class_list":["post-23533","post","type-post","status-publish","format-standard","has-post-thumbnail","hentry","category-policia","tag-itambacuri","tag-mathias-lobato","tag-mg","tag-policia-civil","tag-policia-militar"],"_links":{"self":[{"href":"https:\/\/diariotribuna.com.br\/index.php?rest_route=\/wp\/v2\/posts\/23533"}],"collection":[{"href":"https:\/\/diariotribuna.com.br\/index.php?rest_route=\/wp\/v2\/posts"}],"about":[{"href":"https:\/\/diariotribuna.com.br\/index.php?rest_route=\/wp\/v2\/types\/post"}],"author":[{"embeddable":true,"href":"https:\/\/diariotribuna.com.br\/index.php?rest_route=\/wp\/v2\/users\/1"}],"replies":[{"embeddable":true,"href":"https:\/\/diariotribuna.com.br\/index.php?rest_route=%2Fwp%2Fv2%2Fcomments&post=23533"}],"version-history":[{"count":2,"href":"https:\/\/diariotribuna.com.br\/index.php?rest_route=\/wp\/v2\/posts\/23533\/revisions"}],"predecessor-version":[{"id":23537,"href":"https:\/\/diariotribuna.com.br\/index.php?rest_route=\/wp\/v2\/posts\/23533\/revisions\/23537"}],"wp:featuredmedia":[{"embeddable":true,"href":"https:\/\/diariotribuna.com.br\/index.php?rest_route=\/wp\/v2\/media\/23535"}],"wp:attachment":[{"href":"https:\/\/diariotribuna.com.br\/index.php?rest_route=%2Fwp%2Fv2%2Fmedia&parent=23533"}],"wp:term":[{"taxonomy":"category","embeddable":true,"href":"https:\/\/diariotribuna.com.br\/index.php?rest_route=%2Fwp%2Fv2%2Fcategories&post=23533"},{"taxonomy":"post_tag","embeddable":true,"href":"https:\/\/diariotribuna.com.br\/index.php?rest_route=%2Fwp%2Fv2%2Ftags&post=23533"}],"curies":[{"name":"wp","href":"https:\/\/api.w.org\/{rel}","templated":true}]}}