{"id":23561,"date":"2024-02-25T23:06:39","date_gmt":"2024-02-26T02:06:39","guid":{"rendered":"https:\/\/diariotribuna.com.br\/?p=23561"},"modified":"2024-02-25T23:20:26","modified_gmt":"2024-02-26T02:20:26","slug":"saiba-o-que-fazer-em-casos-de-queda-de-cabos-da-rede-eletrica-sobre-carros","status":"publish","type":"post","link":"https:\/\/diariotribuna.com.br\/?p=23561","title":{"rendered":"Saiba o que fazer em casos de queda de cabos da rede el\u00e9trica sobre carros"},"content":{"rendered":"\n<p><strong><em>Cemig alerta sobre procedimentos para os ocupantes sa\u00edrem dos ve\u00edculos com seguran\u00e7a<\/em><\/strong><\/p>\n\n\n\n<figure class=\"wp-block-image size-full is-resized is-style-default\"><img loading=\"lazy\" decoding=\"async\" width=\"700\" height=\"477\" src=\"https:\/\/diariotribuna.com.br\/wp-content\/uploads\/2024\/02\/23-02-24-carros-condutores-rompidos.jpg\" alt=\"\" class=\"wp-image-23562\" style=\"width:424px;height:auto\" srcset=\"https:\/\/diariotribuna.com.br\/wp-content\/uploads\/2024\/02\/23-02-24-carros-condutores-rompidos.jpg 700w, https:\/\/diariotribuna.com.br\/wp-content\/uploads\/2024\/02\/23-02-24-carros-condutores-rompidos-300x204.jpg 300w, https:\/\/diariotribuna.com.br\/wp-content\/uploads\/2024\/02\/23-02-24-carros-condutores-rompidos-218x150.jpg 218w, https:\/\/diariotribuna.com.br\/wp-content\/uploads\/2024\/02\/23-02-24-carros-condutores-rompidos-696x474.jpg 696w, https:\/\/diariotribuna.com.br\/wp-content\/uploads\/2024\/02\/23-02-24-carros-condutores-rompidos-616x420.jpg 616w\" sizes=\"(max-width: 700px) 100vw, 700px\" \/><\/figure>\n\n\n\n<p>Durante a forte chuva da manh\u00e3 de sexta-feira (23\/2), uma \u00e1rvore foi derrubada e provocou a queda de postes e da rede el\u00e9trica em uma pra\u00e7a do bairro Sion, na regi\u00e3o Centro-Sul de Belo Horizonte.<br><br>Com a ocorr\u00eancia, a fam\u00edlia que estava no interior de um ve\u00edculo atingidos pelos cabos precisou aguardar a equipe da\u00a0<a href=\"https:\/\/www.cemig.com.br\/\" target=\"_blank\" rel=\"noreferrer noopener\">Cemig<\/a>\u00a0para deixar o local em seguran\u00e7a. Dessa forma, companhia orienta a popula\u00e7\u00e3o sobre os cuidados que todos devem ter em rela\u00e7\u00e3o a ocorr\u00eancias na rede el\u00e9trica que envolvam situa\u00e7\u00f5es de fios partidos.<br><br>Demetrio Aguiar, engenheiro eletricista da Cemig, alerta que uma das ocorr\u00eancias mais comuns durante tempestades intensas \u00e9 exatamente o fio partido. &#8220;Isso ocorre principalmente quando h\u00e1 quedas de \u00e1rvores sobre a rede el\u00e9trica ou quando objetos s\u00e3o lan\u00e7ados em dire\u00e7\u00e3o aos cabos, por for\u00e7a dos ventos&#8221;, explica.<br><br>Segundo o engenheiro, caso as pessoas se deparem com um fio partido, elas n\u00e3o devem se aproximar ou tocar no cabeamento e, se poss\u00edvel, n\u00e3o devem tamb\u00e9m permitir que outras pessoas se aproximem. &#8220;Nos casos em que condutores rompidos caiam sobre ve\u00edculos, \u00e9 muito prov\u00e1vel que, ao sair do autom\u00f3vel, a pessoa sofra um choque el\u00e9trico, que pode ser de at\u00e9 13,8 mil volts, caso seja uma rede de m\u00e9dia tens\u00e3o\u201d, complementa o engenheiro.<\/p>\n\n\n\n<p>Demetrio Aguiar explica que, em ocorr\u00eancias deste tipo, as pessoas devem deixar o ve\u00edculo apenas em casos de inc\u00eandio. Mas, mesmo nesses casos, os passageiros devem observar algumas situa\u00e7\u00f5es, como saltar o mais longe poss\u00edvel do autom\u00f3vel e sem tocar na lataria.<br><br>\u201cO \u00fanico caso em que a pessoa deve deixar o ve\u00edculo imediatamente \u00e9 em situa\u00e7\u00f5es de inc\u00eandio. Nessas ocasi\u00f5es, se for necess\u00e1rio sair do ve\u00edculo, a pessoa nunca deve tocar a estrutura do autom\u00f3vel e no solo ao mesmo tempo, porque ele se tornar\u00e1 o caminho entre a corrente el\u00e9trica e o solo. Isso pode ser fatal ou causar queimaduras grav\u00edssimas. O correto \u00e9 que a pessoa abra a porta e salte de forma a n\u00e3o tocar no ve\u00edculo e no solo ao mesmo tempo e sempre longe do cabo partido. Ao cair no solo a pessoa deve andar em passos curtos at\u00e9 se afastar do ve\u00edculo ou do cabo partido. Apesar da dificuldade da manobra, esta \u00e9 a \u00fanica forma de evitar o choque el\u00e9trico\u201d, detalha.<br><br><strong>Em caso de acidentes, chame a Cemig<\/strong> &#8211; A recomenda\u00e7\u00e3o, em casos de acidentes envolvendo a rede el\u00e9trica, \u00e9 telefonar imediatamente para o Fale com a Cemig, no telefone 116, que funciona 24 horas por dia. Se uma \u00e1rvore cair na frente de alguma resid\u00eancia, a recomenda\u00e7\u00e3o \u00e9 nunca tentar retir\u00e1-la ou cort\u00e1-la, e chamar o corpo de bombeiros para a retirada da vegeta\u00e7\u00e3o ca\u00edda.<br><br>Em muitos casos, no meio da \u00e1rvore ao solo, pode haver um cabo partido da rede el\u00e9trica que pode estar energizado e escondido no meio dos galhos e, ao tentar fazer a retirada, a pessoa pode sofrer um choque el\u00e9trico de at\u00e9 13,8 mil volts, com risco de morte ou graves queimaduras. (Cemig).<\/p>\n","protected":false},"excerpt":{"rendered":"<p>Cemig alerta sobre procedimentos para os ocupantes sa\u00edrem dos ve\u00edculos com seguran\u00e7a Durante a forte chuva da manh\u00e3 de sexta-feira (23\/2), uma \u00e1rvore foi derrubada e provocou a queda de postes e da rede el\u00e9trica em uma pra\u00e7a do bairro Sion, na regi\u00e3o Centro-Sul de Belo Horizonte. Com a ocorr\u00eancia, a fam\u00edlia que estava no [&hellip;]<\/p>\n","protected":false},"author":1,"featured_media":23562,"comment_status":"open","ping_status":"open","sticky":false,"template":"","format":"standard","meta":{"rop_custom_images_group":[],"rop_custom_messages_group":[],"rop_publish_now":"initial","rop_publish_now_accounts":[],"rop_publish_now_history":[],"rop_publish_now_status":"pending","footnotes":""},"categories":[19],"tags":[682,5195,72,280,6083,1128,27],"class_list":["post-23561","post","type-post","status-publish","format-standard","has-post-thumbnail","hentry","category-gerais","tag-alerta","tag-carros","tag-cemig","tag-dicas","tag-queda-de-cabos","tag-rede-eletrica","tag-riscos"],"_links":{"self":[{"href":"https:\/\/diariotribuna.com.br\/index.php?rest_route=\/wp\/v2\/posts\/23561"}],"collection":[{"href":"https:\/\/diariotribuna.com.br\/index.php?rest_route=\/wp\/v2\/posts"}],"about":[{"href":"https:\/\/diariotribuna.com.br\/index.php?rest_route=\/wp\/v2\/types\/post"}],"author":[{"embeddable":true,"href":"https:\/\/diariotribuna.com.br\/index.php?rest_route=\/wp\/v2\/users\/1"}],"replies":[{"embeddable":true,"href":"https:\/\/diariotribuna.com.br\/index.php?rest_route=%2Fwp%2Fv2%2Fcomments&post=23561"}],"version-history":[{"count":4,"href":"https:\/\/diariotribuna.com.br\/index.php?rest_route=\/wp\/v2\/posts\/23561\/revisions"}],"predecessor-version":[{"id":23567,"href":"https:\/\/diariotribuna.com.br\/index.php?rest_route=\/wp\/v2\/posts\/23561\/revisions\/23567"}],"wp:featuredmedia":[{"embeddable":true,"href":"https:\/\/diariotribuna.com.br\/index.php?rest_route=\/wp\/v2\/media\/23562"}],"wp:attachment":[{"href":"https:\/\/diariotribuna.com.br\/index.php?rest_route=%2Fwp%2Fv2%2Fmedia&parent=23561"}],"wp:term":[{"taxonomy":"category","embeddable":true,"href":"https:\/\/diariotribuna.com.br\/index.php?rest_route=%2Fwp%2Fv2%2Fcategories&post=23561"},{"taxonomy":"post_tag","embeddable":true,"href":"https:\/\/diariotribuna.com.br\/index.php?rest_route=%2Fwp%2Fv2%2Ftags&post=23561"}],"curies":[{"name":"wp","href":"https:\/\/api.w.org\/{rel}","templated":true}]}}