{"id":23584,"date":"2024-02-27T14:44:45","date_gmt":"2024-02-27T17:44:45","guid":{"rendered":"https:\/\/diariotribuna.com.br\/?p=23584"},"modified":"2024-02-27T14:44:46","modified_gmt":"2024-02-27T17:44:46","slug":"policia-civil-elucida-homicidio-em-almenara","status":"publish","type":"post","link":"https:\/\/diariotribuna.com.br\/?p=23584","title":{"rendered":"Pol\u00edcia Civil elucida homic\u00eddio em Almenara"},"content":{"rendered":"\n<figure class=\"wp-block-image size-full is-resized is-style-default\"><img loading=\"lazy\" decoding=\"async\" width=\"700\" height=\"457\" src=\"https:\/\/diariotribuna.com.br\/wp-content\/uploads\/2024\/02\/1-2.jpg\" alt=\"\" class=\"wp-image-23585\" style=\"width:475px;height:auto\" srcset=\"https:\/\/diariotribuna.com.br\/wp-content\/uploads\/2024\/02\/1-2.jpg 700w, https:\/\/diariotribuna.com.br\/wp-content\/uploads\/2024\/02\/1-2-300x196.jpg 300w, https:\/\/diariotribuna.com.br\/wp-content\/uploads\/2024\/02\/1-2-696x454.jpg 696w, https:\/\/diariotribuna.com.br\/wp-content\/uploads\/2024\/02\/1-2-643x420.jpg 643w\" sizes=\"(max-width: 700px) 100vw, 700px\" \/><\/figure>\n\n\n\n<p>A Pol\u00edcia Civil de Minas Gerais (PCMG), em Almenara, na regi\u00e3o do Jequitinhonha, concluiu o inqu\u00e9rito policial que investigou a morte de um homem, de 33 anos, no dia 14 de dezembro do ano passado. Pelo crime, um suspeito de 30 anos foi indiciado e preso, e um adolescente, de 14, internado no sistema socioeducativo.<\/p>\n\n\n\n<p>Conforme apurado, a m\u00e3e do adolescente teria d\u00edvida de drogas com a v\u00edtima, que em uma ocasi\u00e3o chegou a arremessar pedras contra a mulher, motivando o desafeto entre o jovem e a v\u00edtima. Assim, o jovem teria planejado o assassinato, contando com o aux\u00edlio do investigado de 30 anos, que, em troca de drogas, forneceu um rev\u00f3lver e o entregou ao adolescente pr\u00f3ximo \u00e0 resid\u00eancia da v\u00edtima.<\/p>\n\n\n\n<p>No momento em que o homem saiu do port\u00e3o, foi atingido pelos disparos que o levaram \u00e0 morte. Ao final das investiga\u00e7\u00f5es, o investigado de 30 anos foi indiciado por homic\u00eddio qualificado por paga ou promessa de recompensa, motivo f\u00fatil, mediante recurso que dificultou defesa da v\u00edtima e praticado com arma de fogo de uso proibido. (Informa\u00e7\u00f5es\/Foto: assessoria de comunica\u00e7\u00e3o\/ PCMG).<\/p>\n","protected":false},"excerpt":{"rendered":"<p>A Pol\u00edcia Civil de Minas Gerais (PCMG), em Almenara, na regi\u00e3o do Jequitinhonha, concluiu o inqu\u00e9rito policial que investigou a morte de um homem, de 33 anos, no dia 14 de dezembro do ano passado. Pelo crime, um suspeito de 30 anos foi indiciado e preso, e um adolescente, de 14, internado no sistema socioeducativo. [&hellip;]<\/p>\n","protected":false},"author":1,"featured_media":23585,"comment_status":"open","ping_status":"open","sticky":false,"template":"","format":"standard","meta":{"rop_custom_images_group":[],"rop_custom_messages_group":[],"rop_publish_now":"initial","rop_publish_now_accounts":[],"rop_publish_now_history":[],"rop_publish_now_status":"pending","footnotes":""},"categories":[20],"tags":[110,6090,188,292],"class_list":["post-23584","post","type-post","status-publish","format-standard","has-post-thumbnail","hentry","category-policia","tag-almenara","tag-elucida-homicidio","tag-menor","tag-policia-civil"],"_links":{"self":[{"href":"https:\/\/diariotribuna.com.br\/index.php?rest_route=\/wp\/v2\/posts\/23584"}],"collection":[{"href":"https:\/\/diariotribuna.com.br\/index.php?rest_route=\/wp\/v2\/posts"}],"about":[{"href":"https:\/\/diariotribuna.com.br\/index.php?rest_route=\/wp\/v2\/types\/post"}],"author":[{"embeddable":true,"href":"https:\/\/diariotribuna.com.br\/index.php?rest_route=\/wp\/v2\/users\/1"}],"replies":[{"embeddable":true,"href":"https:\/\/diariotribuna.com.br\/index.php?rest_route=%2Fwp%2Fv2%2Fcomments&post=23584"}],"version-history":[{"count":1,"href":"https:\/\/diariotribuna.com.br\/index.php?rest_route=\/wp\/v2\/posts\/23584\/revisions"}],"predecessor-version":[{"id":23586,"href":"https:\/\/diariotribuna.com.br\/index.php?rest_route=\/wp\/v2\/posts\/23584\/revisions\/23586"}],"wp:featuredmedia":[{"embeddable":true,"href":"https:\/\/diariotribuna.com.br\/index.php?rest_route=\/wp\/v2\/media\/23585"}],"wp:attachment":[{"href":"https:\/\/diariotribuna.com.br\/index.php?rest_route=%2Fwp%2Fv2%2Fmedia&parent=23584"}],"wp:term":[{"taxonomy":"category","embeddable":true,"href":"https:\/\/diariotribuna.com.br\/index.php?rest_route=%2Fwp%2Fv2%2Fcategories&post=23584"},{"taxonomy":"post_tag","embeddable":true,"href":"https:\/\/diariotribuna.com.br\/index.php?rest_route=%2Fwp%2Fv2%2Ftags&post=23584"}],"curies":[{"name":"wp","href":"https:\/\/api.w.org\/{rel}","templated":true}]}}