{"id":23588,"date":"2024-02-27T16:51:52","date_gmt":"2024-02-27T19:51:52","guid":{"rendered":"https:\/\/diariotribuna.com.br\/?p=23588"},"modified":"2024-02-27T16:55:06","modified_gmt":"2024-02-27T19:55:06","slug":"pm-ambiental-prende-foragido-da-justica-de-sao-paulo-por-crime-de-homicidio-qualificado","status":"publish","type":"post","link":"https:\/\/diariotribuna.com.br\/?p=23588","title":{"rendered":"PM Ambiental prende foragido da justi\u00e7a de S\u00e3o Paulo por crime de homic\u00eddio qualificado"},"content":{"rendered":"\n<figure class=\"wp-block-image size-full is-resized is-style-default\"><img loading=\"lazy\" decoding=\"async\" width=\"700\" height=\"494\" src=\"https:\/\/diariotribuna.com.br\/wp-content\/uploads\/2024\/02\/1-3.jpg\" alt=\"\" class=\"wp-image-23589\" style=\"width:470px;height:auto\" srcset=\"https:\/\/diariotribuna.com.br\/wp-content\/uploads\/2024\/02\/1-3.jpg 700w, https:\/\/diariotribuna.com.br\/wp-content\/uploads\/2024\/02\/1-3-300x212.jpg 300w, https:\/\/diariotribuna.com.br\/wp-content\/uploads\/2024\/02\/1-3-100x70.jpg 100w, https:\/\/diariotribuna.com.br\/wp-content\/uploads\/2024\/02\/1-3-696x491.jpg 696w, https:\/\/diariotribuna.com.br\/wp-content\/uploads\/2024\/02\/1-3-595x420.jpg 595w\" sizes=\"(max-width: 700px) 100vw, 700px\" \/><\/figure>\n\n\n\n<p><strong>Te\u00f3filo Otoni &#8211; <\/strong>Durante opera\u00e7\u00e3o t\u00edpica de meio ambiente, nesta ter\u00e7a-feira (27\/2), os militares receberam informa\u00e7\u00f5es do servi\u00e7o de intelig\u00eancia da 15\u00aa Cia de Pol\u00edcia Ambiental, que um homem j\u00e1 conhecido pela trafic\u00e2ncia de animais silvestres na cidade de Novo Oriente de Minas, estaria transitando nas ruas de Te\u00f3filo Otoni, e que havia um mandado de pris\u00e3o contra ele, pelo crime de homic\u00eddio qualificado contra sua companheira, do Estado de S\u00e3o Paulo.<\/p>\n\n\n\n<p>Os militares ent\u00e3o fizeram um intenso rastreamento com as equipes do turno de servi\u00e7o e conseguiram localizar o indiv\u00edduo, que matou a mulher com 13 facadas. Ele estava andando pelas ruas centrais de Te\u00f3filo Otoni, e quando ia pegar um motot\u00e1xi foi preso, sendo conduzido \u00e0 delegacia de Pol\u00edcia Civil para os procedimentos de pol\u00edcia judici\u00e1ria. Equipe: tenente Heberth Dias, sargentos Vanzesso, Vinicius, Ganem, Duarte e Castro, cabos Belli e Loesh. (Informa\u00e7\u00f5es\/Foto: tenente Heberth Dias\/ 15\u00aa Cia PM MAmb, Instruir, Proteger e Preservar).<\/p>\n","protected":false},"excerpt":{"rendered":"<p>Te\u00f3filo Otoni &#8211; Durante opera\u00e7\u00e3o t\u00edpica de meio ambiente, nesta ter\u00e7a-feira (27\/2), os militares receberam informa\u00e7\u00f5es do servi\u00e7o de intelig\u00eancia da 15\u00aa Cia de Pol\u00edcia Ambiental, que um homem j\u00e1 conhecido pela trafic\u00e2ncia de animais silvestres na cidade de Novo Oriente de Minas, estaria transitando nas ruas de Te\u00f3filo Otoni, e que havia um mandado [&hellip;]<\/p>\n","protected":false},"author":1,"featured_media":23589,"comment_status":"open","ping_status":"open","sticky":false,"template":"","format":"standard","meta":{"rop_custom_images_group":[],"rop_custom_messages_group":[],"rop_publish_now":"initial","rop_publish_now_accounts":[],"rop_publish_now_history":[],"rop_publish_now_status":"pending","footnotes":""},"categories":[25,20],"tags":[989,91,6091,649,4123,75],"class_list":["post-23588","post","type-post","status-publish","format-standard","has-post-thumbnail","hentry","category-destaque","category-policia","tag-foragido-da-justica","tag-minas","tag-policia-ambiental","tag-prisao","tag-sao-paulo","tag-teofilo-otoni"],"_links":{"self":[{"href":"https:\/\/diariotribuna.com.br\/index.php?rest_route=\/wp\/v2\/posts\/23588"}],"collection":[{"href":"https:\/\/diariotribuna.com.br\/index.php?rest_route=\/wp\/v2\/posts"}],"about":[{"href":"https:\/\/diariotribuna.com.br\/index.php?rest_route=\/wp\/v2\/types\/post"}],"author":[{"embeddable":true,"href":"https:\/\/diariotribuna.com.br\/index.php?rest_route=\/wp\/v2\/users\/1"}],"replies":[{"embeddable":true,"href":"https:\/\/diariotribuna.com.br\/index.php?rest_route=%2Fwp%2Fv2%2Fcomments&post=23588"}],"version-history":[{"count":2,"href":"https:\/\/diariotribuna.com.br\/index.php?rest_route=\/wp\/v2\/posts\/23588\/revisions"}],"predecessor-version":[{"id":23591,"href":"https:\/\/diariotribuna.com.br\/index.php?rest_route=\/wp\/v2\/posts\/23588\/revisions\/23591"}],"wp:featuredmedia":[{"embeddable":true,"href":"https:\/\/diariotribuna.com.br\/index.php?rest_route=\/wp\/v2\/media\/23589"}],"wp:attachment":[{"href":"https:\/\/diariotribuna.com.br\/index.php?rest_route=%2Fwp%2Fv2%2Fmedia&parent=23588"}],"wp:term":[{"taxonomy":"category","embeddable":true,"href":"https:\/\/diariotribuna.com.br\/index.php?rest_route=%2Fwp%2Fv2%2Fcategories&post=23588"},{"taxonomy":"post_tag","embeddable":true,"href":"https:\/\/diariotribuna.com.br\/index.php?rest_route=%2Fwp%2Fv2%2Ftags&post=23588"}],"curies":[{"name":"wp","href":"https:\/\/api.w.org\/{rel}","templated":true}]}}