{"id":23600,"date":"2024-02-28T23:48:09","date_gmt":"2024-02-29T02:48:09","guid":{"rendered":"https:\/\/diariotribuna.com.br\/?p=23600"},"modified":"2024-02-28T23:48:10","modified_gmt":"2024-02-29T02:48:10","slug":"fusao-do-sindijori-mg-e-sinejor-bh-unifica-imprensa-escrita-e-digital-em-minas","status":"publish","type":"post","link":"https:\/\/diariotribuna.com.br\/?p=23600","title":{"rendered":"Fus\u00e3o do Sindijori\/MG e Sinejor\/BH unifica imprensa escrita e digital em Minas"},"content":{"rendered":"\n<p><strong><em>Com a decis\u00e3o, o Sindijori passa a representar toda a base do setor de comunica\u00e7\u00e3o no Estado<\/em><\/strong><\/p>\n\n\n\n<figure class=\"wp-block-image size-full is-resized is-style-default\"><img loading=\"lazy\" decoding=\"async\" width=\"700\" height=\"418\" src=\"https:\/\/diariotribuna.com.br\/wp-content\/uploads\/2024\/02\/image_750x_65df3f308e308.jpg\" alt=\"\" class=\"wp-image-23601\" style=\"width:565px;height:auto\" srcset=\"https:\/\/diariotribuna.com.br\/wp-content\/uploads\/2024\/02\/image_750x_65df3f308e308.jpg 700w, https:\/\/diariotribuna.com.br\/wp-content\/uploads\/2024\/02\/image_750x_65df3f308e308-300x179.jpg 300w, https:\/\/diariotribuna.com.br\/wp-content\/uploads\/2024\/02\/image_750x_65df3f308e308-696x416.jpg 696w\" sizes=\"(max-width: 700px) 100vw, 700px\" \/><\/figure>\n\n\n\n<p><strong>Belo Horizonte &#8211;<\/strong> Aconteceu na Federa\u00e7\u00e3o das Ind\u00fastrias de Minas Gerais \u2013 FIEMG na ter\u00e7a-feira (27\/2), a assembleia conjunta do Sindicato dos Propriet\u00e1rios de Jornais, Revistas e Ve\u00edculo de Comunica\u00e7\u00e3o Digital de MG (Sindijori\/MG) e o Sindicato das Empresas Propriet\u00e1rias de Jornais e Revistas de BH (Sinejor\/BH). Na assembleia foi votado e aprovado a incorpora\u00e7\u00e3o do Sinejor\/BH ao Sindijori\/MG, que passa a ser o \u00fanico representante sindical da Imprensa Escrita e Digital do Estado de Minas Gerais.<\/p>\n\n\n\n<p>O Sindijori\/MG possui entre seus associados 82 jornais impressos e 106 portais digitais de not\u00edcias espalhados por toda Minas Gerais e agora passa a integrar em seu quadro de associados as empresas do Sinejor, composto pelas principais empresas de comunica\u00e7\u00e3o impressa de Belo Horizonte. Al\u00e9m disso, muitas das empresas de comunica\u00e7\u00e3o agora associadas ao Sindijori\/MG tamb\u00e9m possuem r\u00e1dios e televis\u00f5es em seus grupos empresariais.<\/p>\n\n\n\n<p>\u201cO principal objetivo da fus\u00e3o entre o Sinejor\/BH e o Sindijori\/MG \u00e9 o fortalecimento da Imprensa escrita e digital em Minas Gerais, al\u00e9m da redu\u00e7\u00e3o de custos e melhor atendimento aos seus associados. O processo de fus\u00e3o ainda ser\u00e1 analisado pelo Minist\u00e9rio do Trabalho at\u00e9 que tenhamos a concretiza\u00e7\u00e3o desta unifica\u00e7\u00e3o, mas os ganhos para as empresas j\u00e1 acontecem agora, com nossa uni\u00e3o de for\u00e7as em prol da comunica\u00e7\u00e3o em Minas\u201d diz Paulo Andr\u00e9 Nacife, presidente do Sinejorbh e diretor do Grupo Balc\u00e3o de Belo Horizonte.<\/p>\n\n\n\n<p>Na assembleia conjunta entre os sindicatos patronais estiveram presentes dezenas de representantes de empresas da capital e interior, al\u00e9m de dezenas de outros ve\u00edculos de comunica\u00e7\u00e3o associados ao Sindijori\/MG, que participaram de forma virtual.<\/p>\n\n\n\n<p>Com a fus\u00e3o, o Sindijori passa a representar toda a base do setor em Minas, e as empresas da capital ter\u00e3o espa\u00e7o na diretoria do Sindijori\/MG, integrando todo Estado e criando a maior rede de comunica\u00e7\u00e3o impressa e digital de Minas. \u201cEste \u00e9 um momento importante pois a incorpora\u00e7\u00e3o da capital pelo Sindijori fortalece nossa base e traz as grandes empresas de comunica\u00e7\u00e3o de BH para integrar nossa rede, o que destaca Minas no cen\u00e1rio nacional e vai ajudar no fortalecimento da comunica\u00e7\u00e3o em Minas. O setor de comunica\u00e7\u00e3o em Minas Gerais perdeu muito nos \u00faltimos anos em diversas \u00e1reas e a retomada do crescimento e protagonismo nacional come\u00e7a com a uni\u00e3o das empresas e institui\u00e7\u00f5es estaduais, estamos no caminho certo\u201d, disse Rodrigo Silva Fernandes, presidente do Sindijori\/MG e diretor do Jornal Di\u00e1rio Regional Gazeta de Varginha.<\/p>\n\n\n\n<p>Com a aprova\u00e7\u00e3o da incorpora\u00e7\u00e3o do Sinejorbh ao Sindijori pela base das duas institui\u00e7\u00f5es, o processo de unifica\u00e7\u00e3o come\u00e7a a caminhar junto ao Minist\u00e9rio do Trabalho, que regulamenta o setor, bem como tamb\u00e9m junto \u00e0 Federa\u00e7\u00e3o das Ind\u00fastrias de Minas Gerais \u2013 FIEMG, onde Sinejor e Sindijori tamb\u00e9m ser\u00e3o unificados. Com a fus\u00e3o, o Sindijori ter\u00e1 maior representatividade junto \u00e0 FIEMG na defesa dos Jornais, Revistas e Ve\u00edculos de Comunica\u00e7\u00e3o Digital de Minas Gerais.<\/p>\n","protected":false},"excerpt":{"rendered":"<p>Com a decis\u00e3o, o Sindijori passa a representar toda a base do setor de comunica\u00e7\u00e3o no Estado Belo Horizonte &#8211; Aconteceu na Federa\u00e7\u00e3o das Ind\u00fastrias de Minas Gerais \u2013 FIEMG na ter\u00e7a-feira (27\/2), a assembleia conjunta do Sindicato dos Propriet\u00e1rios de Jornais, Revistas e Ve\u00edculo de Comunica\u00e7\u00e3o Digital de MG (Sindijori\/MG) e o Sindicato das [&hellip;]<\/p>\n","protected":false},"author":1,"featured_media":23601,"comment_status":"open","ping_status":"open","sticky":false,"template":"","format":"standard","meta":{"rop_custom_images_group":[],"rop_custom_messages_group":[],"rop_publish_now":"initial","rop_publish_now_accounts":[],"rop_publish_now_history":[],"rop_publish_now_status":"pending","footnotes":""},"categories":[19],"tags":[42,6095,6097,91,6096,6093,6094],"class_list":["post-23600","post","type-post","status-publish","format-standard","has-post-thumbnail","hentry","category-gerais","tag-diario-tribuna","tag-fusao","tag-imprensa","tag-minas","tag-sindicatos","tag-sindijori-mg","tag-sinejor-bh"],"_links":{"self":[{"href":"https:\/\/diariotribuna.com.br\/index.php?rest_route=\/wp\/v2\/posts\/23600"}],"collection":[{"href":"https:\/\/diariotribuna.com.br\/index.php?rest_route=\/wp\/v2\/posts"}],"about":[{"href":"https:\/\/diariotribuna.com.br\/index.php?rest_route=\/wp\/v2\/types\/post"}],"author":[{"embeddable":true,"href":"https:\/\/diariotribuna.com.br\/index.php?rest_route=\/wp\/v2\/users\/1"}],"replies":[{"embeddable":true,"href":"https:\/\/diariotribuna.com.br\/index.php?rest_route=%2Fwp%2Fv2%2Fcomments&post=23600"}],"version-history":[{"count":1,"href":"https:\/\/diariotribuna.com.br\/index.php?rest_route=\/wp\/v2\/posts\/23600\/revisions"}],"predecessor-version":[{"id":23602,"href":"https:\/\/diariotribuna.com.br\/index.php?rest_route=\/wp\/v2\/posts\/23600\/revisions\/23602"}],"wp:featuredmedia":[{"embeddable":true,"href":"https:\/\/diariotribuna.com.br\/index.php?rest_route=\/wp\/v2\/media\/23601"}],"wp:attachment":[{"href":"https:\/\/diariotribuna.com.br\/index.php?rest_route=%2Fwp%2Fv2%2Fmedia&parent=23600"}],"wp:term":[{"taxonomy":"category","embeddable":true,"href":"https:\/\/diariotribuna.com.br\/index.php?rest_route=%2Fwp%2Fv2%2Fcategories&post=23600"},{"taxonomy":"post_tag","embeddable":true,"href":"https:\/\/diariotribuna.com.br\/index.php?rest_route=%2Fwp%2Fv2%2Ftags&post=23600"}],"curies":[{"name":"wp","href":"https:\/\/api.w.org\/{rel}","templated":true}]}}