{"id":23603,"date":"2024-02-29T01:52:10","date_gmt":"2024-02-29T04:52:10","guid":{"rendered":"https:\/\/diariotribuna.com.br\/?p=23603"},"modified":"2024-02-29T08:58:11","modified_gmt":"2024-02-29T11:58:11","slug":"pm-ambiental-prende-foragido-da-justica-pelo-crime-de-estupro-de-vulneravel","status":"publish","type":"post","link":"https:\/\/diariotribuna.com.br\/?p=23603","title":{"rendered":"PM Ambiental prende foragido da justi\u00e7a pelo crime de estupro de vulner\u00e1vel"},"content":{"rendered":"\n<figure class=\"wp-block-gallery has-nested-images columns-default is-cropped wp-block-gallery-1 is-layout-flex wp-block-gallery-is-layout-flex\">\n<figure class=\"wp-block-image size-large is-style-default\"><img loading=\"lazy\" decoding=\"async\" width=\"700\" height=\"409\" data-id=\"23608\" src=\"https:\/\/diariotribuna.com.br\/wp-content\/uploads\/2024\/02\/9cf551af-71e4-4da5-8689-0017a874867d-1.jpg\" alt=\"\" class=\"wp-image-23608\" srcset=\"https:\/\/diariotribuna.com.br\/wp-content\/uploads\/2024\/02\/9cf551af-71e4-4da5-8689-0017a874867d-1.jpg 700w, https:\/\/diariotribuna.com.br\/wp-content\/uploads\/2024\/02\/9cf551af-71e4-4da5-8689-0017a874867d-1-300x175.jpg 300w, https:\/\/diariotribuna.com.br\/wp-content\/uploads\/2024\/02\/9cf551af-71e4-4da5-8689-0017a874867d-1-696x407.jpg 696w\" sizes=\"(max-width: 700px) 100vw, 700px\" \/><\/figure>\n\n\n\n<figure class=\"wp-block-image size-large is-style-default\"><img loading=\"lazy\" decoding=\"async\" width=\"700\" height=\"394\" data-id=\"23607\" src=\"https:\/\/diariotribuna.com.br\/wp-content\/uploads\/2024\/02\/8b55da33-19f4-4030-b79d-dbabef7c2147-2.jpg\" alt=\"\" class=\"wp-image-23607\" srcset=\"https:\/\/diariotribuna.com.br\/wp-content\/uploads\/2024\/02\/8b55da33-19f4-4030-b79d-dbabef7c2147-2.jpg 700w, https:\/\/diariotribuna.com.br\/wp-content\/uploads\/2024\/02\/8b55da33-19f4-4030-b79d-dbabef7c2147-2-300x169.jpg 300w, https:\/\/diariotribuna.com.br\/wp-content\/uploads\/2024\/02\/8b55da33-19f4-4030-b79d-dbabef7c2147-2-696x392.jpg 696w\" sizes=\"(max-width: 700px) 100vw, 700px\" \/><\/figure>\n<\/figure>\n\n\n\n<p><strong>Campan\u00e1rio &#8211;<\/strong> Durante opera\u00e7\u00e3o de Fauna, nesta quarta-feira (28\/2), ap\u00f3s levantamentos de informa\u00e7\u00f5es do servi\u00e7o de intelig\u00eancia da 15\u00aa Cia de Pol\u00edcia Militar Ambiental, os militares fizeram patrulhamento, foram at\u00e9 a zona rural da cidade de Campan\u00e1rio, onde abordaram A.J.R., de 66 anos, em atitude suspeita.<\/p>\n\n\n\n<p>Ap\u00f3s consulta aos sistemas informatizados e certifica\u00e7\u00e3o por parte dos militares, o abordado que era foragido da justi\u00e7a foi informado que havia um mandado de pris\u00e3o em aberto contra ele, pelo crime de estupro de vulner\u00e1vel \u2013 uma crian\u00e7a. Ele foi conduzido \u00e0 delegacia de Pol\u00edcia Civil de Itambacuri, para os procedimentos de pol\u00edcia judici\u00e1ria, em seguida para o pres\u00eddio.<\/p>\n\n\n\n<p>O mandado de pris\u00e3o \u00e9 da Comarca de Itambacuri. Equipe: tenente Heberth Dias, sargentos Ganem, Duarte e Castro. Intelig\u00eancia 15\u00aa Cia Mamb. (Informa\u00e7\u00f5es\/Foto: tenente Heberth Dias\/ 15\u00aa Cia PM MAmb\/ Instruir, Proteger e Preservar).<\/p>\n","protected":false},"excerpt":{"rendered":"<p>Campan\u00e1rio &#8211; Durante opera\u00e7\u00e3o de Fauna, nesta quarta-feira (28\/2), ap\u00f3s levantamentos de informa\u00e7\u00f5es do servi\u00e7o de intelig\u00eancia da 15\u00aa Cia de Pol\u00edcia Militar Ambiental, os militares fizeram patrulhamento, foram at\u00e9 a zona rural da cidade de Campan\u00e1rio, onde abordaram A.J.R., de 66 anos, em atitude suspeita. Ap\u00f3s consulta aos sistemas informatizados e certifica\u00e7\u00e3o por parte [&hellip;]<\/p>\n","protected":false},"author":1,"featured_media":23604,"comment_status":"open","ping_status":"open","sticky":false,"template":"","format":"standard","meta":{"rop_custom_images_group":[],"rop_custom_messages_group":[],"rop_publish_now":"initial","rop_publish_now_accounts":[],"rop_publish_now_history":[],"rop_publish_now_status":"pending","footnotes":""},"categories":[20],"tags":[834,1173,989,591,649],"class_list":["post-23603","post","type-post","status-publish","format-standard","has-post-thumbnail","hentry","category-policia","tag-campanario","tag-estupro-de-vulneravel","tag-foragido-da-justica","tag-pm-ambiental","tag-prisao"],"_links":{"self":[{"href":"https:\/\/diariotribuna.com.br\/index.php?rest_route=\/wp\/v2\/posts\/23603"}],"collection":[{"href":"https:\/\/diariotribuna.com.br\/index.php?rest_route=\/wp\/v2\/posts"}],"about":[{"href":"https:\/\/diariotribuna.com.br\/index.php?rest_route=\/wp\/v2\/types\/post"}],"author":[{"embeddable":true,"href":"https:\/\/diariotribuna.com.br\/index.php?rest_route=\/wp\/v2\/users\/1"}],"replies":[{"embeddable":true,"href":"https:\/\/diariotribuna.com.br\/index.php?rest_route=%2Fwp%2Fv2%2Fcomments&post=23603"}],"version-history":[{"count":4,"href":"https:\/\/diariotribuna.com.br\/index.php?rest_route=\/wp\/v2\/posts\/23603\/revisions"}],"predecessor-version":[{"id":23613,"href":"https:\/\/diariotribuna.com.br\/index.php?rest_route=\/wp\/v2\/posts\/23603\/revisions\/23613"}],"wp:featuredmedia":[{"embeddable":true,"href":"https:\/\/diariotribuna.com.br\/index.php?rest_route=\/wp\/v2\/media\/23604"}],"wp:attachment":[{"href":"https:\/\/diariotribuna.com.br\/index.php?rest_route=%2Fwp%2Fv2%2Fmedia&parent=23603"}],"wp:term":[{"taxonomy":"category","embeddable":true,"href":"https:\/\/diariotribuna.com.br\/index.php?rest_route=%2Fwp%2Fv2%2Fcategories&post=23603"},{"taxonomy":"post_tag","embeddable":true,"href":"https:\/\/diariotribuna.com.br\/index.php?rest_route=%2Fwp%2Fv2%2Ftags&post=23603"}],"curies":[{"name":"wp","href":"https:\/\/api.w.org\/{rel}","templated":true}]}}