{"id":23622,"date":"2024-02-29T21:47:49","date_gmt":"2024-03-01T00:47:49","guid":{"rendered":"https:\/\/diariotribuna.com.br\/?p=23622"},"modified":"2024-03-02T00:29:47","modified_gmt":"2024-03-02T03:29:47","slug":"evento-sistema-fecomercio-mg-na-rua-movimenta-paracatu-em-marco","status":"publish","type":"post","link":"https:\/\/diariotribuna.com.br\/?p=23622","title":{"rendered":"Evento Sistema Fecom\u00e9rcio MG na Rua movimenta Paracatu em mar\u00e7o"},"content":{"rendered":"\n<figure class=\"wp-block-image size-full is-resized is-style-default\"><img loading=\"lazy\" decoding=\"async\" width=\"700\" height=\"502\" src=\"https:\/\/diariotribuna.com.br\/wp-content\/uploads\/2024\/02\/1.png\" alt=\"\" class=\"wp-image-23632\" style=\"width:500px;height:auto\" srcset=\"https:\/\/diariotribuna.com.br\/wp-content\/uploads\/2024\/02\/1.png 700w, https:\/\/diariotribuna.com.br\/wp-content\/uploads\/2024\/02\/1-300x215.png 300w, https:\/\/diariotribuna.com.br\/wp-content\/uploads\/2024\/02\/1-696x499.png 696w, https:\/\/diariotribuna.com.br\/wp-content\/uploads\/2024\/02\/1-586x420.png 586w\" sizes=\"(max-width: 700px) 100vw, 700px\" \/><\/figure>\n\n\n\n<p>O Sistema Fecom\u00e9rcio MG na Rua, evento itinerante do Sistema Fecom\u00e9rcio MG, Sesc, Senac e Sindicatos Empresariais, chega a Paracatu no dia 21 de mar\u00e7o (quinta) e prossegue at\u00e9 o dia 24 (domingo). Mas, j\u00e1 no dia 18, os servi\u00e7os da carreta do Sesc com atendimentos oftalmol\u00f3gico e de nutri\u00e7\u00e3o gratuitos j\u00e1 estar\u00e3o \u00e0 disposi\u00e7\u00e3o da popula\u00e7\u00e3o da cidade.<\/p>\n\n\n\n<p>\u00c9 o segundo ano do projeto que, em 2023, visitou 14 cidades do interior de Minas Gerais. O Sistema Fecom\u00e9rcio MG na Rua acontece durante duas semanas ininterruptas em Paracatu, contando com a temporada de promo\u00e7\u00f5es do com\u00e9rcio que inicia antes do dia 21\/3 e avan\u00e7a depois do dia 24\/3.<\/p>\n\n\n\n<p>Antes do evento, representantes da Fecom\u00e9rcio MG fazem contato com os empres\u00e1rios do com\u00e9rcio que organizam uma temporada de promo\u00e7\u00f5es e liquida\u00e7\u00f5es. Desta forma, desde antes de o Sistema Fecom\u00e9rcio MG na Rua come\u00e7ar propriamente, ele j\u00e1 impulsiona o com\u00e9rcio local e proporciona o acesso da popula\u00e7\u00e3o de Paracatu a produtos e servi\u00e7os com pre\u00e7os diferenciados.<\/p>\n\n\n\n<p>Os comerciantes tamb\u00e9m contam com um momento dedicado a eles, com palestras e troca de conhecimentos sobre o varejo por meio do Inova Varejo, evento que integra a programa\u00e7\u00e3o do Fecom\u00e9rcio MG na Rua.<\/p>\n\n\n\n<p><strong>Carretas Sesc e Senac<\/strong> &#8211; Durante o Sistema Fecom\u00e9rcio MG na Rua, as carretas do Sesc e do Senac desempenham uma fun\u00e7\u00e3o importante que \u00e9 a de levar assist\u00eancia \u00e0 sa\u00fade, cultura e lazer, capacita\u00e7\u00e3o para o trabalho no com\u00e9rcio e oficinas de gastronomia. Todas as atividades das carretas s\u00e3o gratuitas e abertas ao p\u00fablico.<\/p>\n\n\n\n<pre class=\"wp-block-verse\"><strong><mark style=\"background-color:rgba(0, 0, 0, 0);color:#04639a\" class=\"has-inline-color\">Confira a programa\u00e7\u00e3o cultural, de atendimentos e de capacita\u00e7\u00e3o para o trabalho do Sistema Fecom\u00e9rcio MG na Rua em Paracatu:\u00a0\u00a0<\/mark><\/strong><\/pre>\n\n\n\n<p><strong>Quinta-feira (21)<\/strong><\/p>\n\n\n\n<p>&#8211; Atendimento Sa\u00fade:&nbsp; MedSesc Oftalmologia | OdontoSesc | Nutri\u00e7\u00e3o<\/p>\n\n\n\n<p>&#8211; Atividades de locu\u00e7\u00e3o no palco pocket<\/p>\n\n\n\n<p>&#8211; Atendimento Comercial e Rede de Carreiras<\/p>\n\n\n\n<p>&#8211; A\u00e7\u00e3o de Beleza e Bem-Estar (Glicemia, aferi\u00e7\u00e3o de press\u00e3o, corte de cabelo e quick massage)<\/p>\n\n\n\n<p>&#8211; Carreta de Gastronomia &#8211; Oficina 1 SALADA E MOLHOS<\/p>\n\n\n\n<p>&#8211; Carreta de Gastronomia &#8211; Oficina 2 BOMBOM<\/p>\n\n\n\n<p><strong>Sexta-feira (22)<\/strong><\/p>\n\n\n\n<p>&#8211; Atendimento Sa\u00fade:&nbsp; MedSesc Oftalmologia | OdontoSesc | Nutri\u00e7\u00e3o<\/p>\n\n\n\n<p>&#8211; Atividades de locu\u00e7\u00e3o no palco pocket<\/p>\n\n\n\n<p>&#8211; Atendimento Comercial e Rede de Carreiras<\/p>\n\n\n\n<p>&#8211; A\u00e7\u00e3o de Beleza e Bem-Estar (Glicemia, aferi\u00e7\u00e3o de press\u00e3o, corte de cabelo e quick massage)<\/p>\n\n\n\n<p>&#8211; Carreta de Gastronomia &#8211; Oficina 1 MASSA<\/p>\n\n\n\n<p>&#8211; Carreta de Gastronomia &#8211; Oficina 2 BOMBOM<\/p>\n\n\n\n<p>&#8211; Show no Palco Sistema Fecom\u00e9rcio MG na Rua<\/p>\n\n\n\n<p><strong>S\u00e1bado (23)<\/strong><\/p>\n\n\n\n<p>&#8211; Atividades Recreativas no palco pocket<\/p>\n\n\n\n<p>&#8211; Atendimento Comercial e Rede de Carreiras<\/p>\n\n\n\n<p>&#8211; A\u00e7\u00e3o de Beleza e Bem-Estar (Glicemia, aferi\u00e7\u00e3o de press\u00e3o, corte de cabelo e quick massage)<\/p>\n\n\n\n<p>&#8211; Espa\u00e7o de Lazer<\/p>\n\n\n\n<p>&#8211; Carreta de Gastronomia &#8211; Oficina 1 SALADA E MOLHOS<\/p>\n\n\n\n<p>&#8211; Carreta de Gastronomia &#8211; Oficina 2 BOMBOM<\/p>\n\n\n\n<p>&#8211; Atra\u00e7\u00e3o cultural &#8211; Artes c\u00eanicas (circo, teatro ou dan\u00e7a)<\/p>\n\n\n\n<p><strong>Domingo (24)<\/strong><\/p>\n\n\n\n<p>&#8211; Atividades Recreativas no palco pocket<\/p>\n\n\n\n<p>&#8211; Atendimento Comercial e Rede de Carreiras<\/p>\n\n\n\n<p>&#8211; A\u00e7\u00e3o de Beleza e Bem-Estar (Glicemia, aferi\u00e7\u00e3o de press\u00e3o, corte de cabelo e quick massage)<\/p>\n\n\n\n<p>&#8211; Espa\u00e7o de Lazer<\/p>\n\n\n\n<p>&#8211; Carreta de Gastronomia &#8211; Oficina 1 MASSA<\/p>\n\n\n\n<p>&#8211; Atra\u00e7\u00e3o cultural 1 &#8211; Artes c\u00eanicas (circo, teatro ou dan\u00e7a)<\/p>\n\n\n\n<p>&#8211; Sorteios Sesc e Senac<\/p>\n\n\n\n<p>&#8211; Carreta de Gastronomia &#8211; Oficina 2 BOMBOM<\/p>\n\n\n\n<p>&#8211; Atra\u00e7\u00e3o cultural 2 &#8211; Artes c\u00eanicas (circo, teatro ou dan\u00e7a)<\/p>\n","protected":false},"excerpt":{"rendered":"<p>O Sistema Fecom\u00e9rcio MG na Rua, evento itinerante do Sistema Fecom\u00e9rcio MG, Sesc, Senac e Sindicatos Empresariais, chega a Paracatu no dia 21 de mar\u00e7o (quinta) e prossegue at\u00e9 o dia 24 (domingo). Mas, j\u00e1 no dia 18, os servi\u00e7os da carreta do Sesc com atendimentos oftalmol\u00f3gico e de nutri\u00e7\u00e3o gratuitos j\u00e1 estar\u00e3o \u00e0 disposi\u00e7\u00e3o [&hellip;]<\/p>\n","protected":false},"author":1,"featured_media":23632,"comment_status":"open","ping_status":"open","sticky":false,"template":"","format":"standard","meta":{"rop_custom_images_group":[],"rop_custom_messages_group":[],"rop_publish_now":"initial","rop_publish_now_accounts":[],"rop_publish_now_history":[],"rop_publish_now_status":"pending","footnotes":""},"categories":[19],"tags":[5229,4233,6099,5648,2879],"class_list":["post-23622","post","type-post","status-publish","format-standard","has-post-thumbnail","hentry","category-gerais","tag-fecomercio-mg-na-rua","tag-marco","tag-paracatu","tag-senac","tag-sesc"],"_links":{"self":[{"href":"https:\/\/diariotribuna.com.br\/index.php?rest_route=\/wp\/v2\/posts\/23622"}],"collection":[{"href":"https:\/\/diariotribuna.com.br\/index.php?rest_route=\/wp\/v2\/posts"}],"about":[{"href":"https:\/\/diariotribuna.com.br\/index.php?rest_route=\/wp\/v2\/types\/post"}],"author":[{"embeddable":true,"href":"https:\/\/diariotribuna.com.br\/index.php?rest_route=\/wp\/v2\/users\/1"}],"replies":[{"embeddable":true,"href":"https:\/\/diariotribuna.com.br\/index.php?rest_route=%2Fwp%2Fv2%2Fcomments&post=23622"}],"version-history":[{"count":6,"href":"https:\/\/diariotribuna.com.br\/index.php?rest_route=\/wp\/v2\/posts\/23622\/revisions"}],"predecessor-version":[{"id":23634,"href":"https:\/\/diariotribuna.com.br\/index.php?rest_route=\/wp\/v2\/posts\/23622\/revisions\/23634"}],"wp:featuredmedia":[{"embeddable":true,"href":"https:\/\/diariotribuna.com.br\/index.php?rest_route=\/wp\/v2\/media\/23632"}],"wp:attachment":[{"href":"https:\/\/diariotribuna.com.br\/index.php?rest_route=%2Fwp%2Fv2%2Fmedia&parent=23622"}],"wp:term":[{"taxonomy":"category","embeddable":true,"href":"https:\/\/diariotribuna.com.br\/index.php?rest_route=%2Fwp%2Fv2%2Fcategories&post=23622"},{"taxonomy":"post_tag","embeddable":true,"href":"https:\/\/diariotribuna.com.br\/index.php?rest_route=%2Fwp%2Fv2%2Ftags&post=23622"}],"curies":[{"name":"wp","href":"https:\/\/api.w.org\/{rel}","templated":true}]}}