{"id":23635,"date":"2024-02-29T22:21:14","date_gmt":"2024-03-01T01:21:14","guid":{"rendered":"https:\/\/diariotribuna.com.br\/?p=23635"},"modified":"2024-03-01T00:18:54","modified_gmt":"2024-03-01T03:18:54","slug":"comandante-do-19o-bpm-participa-de-instrucao-a-tropa-da-232a-cia-em-novo-cruzeiro","status":"publish","type":"post","link":"https:\/\/diariotribuna.com.br\/?p=23635","title":{"rendered":"Comandante do 19\u00ba BPM participa de instru\u00e7\u00e3o \u00e0 tropa da 232\u00aa Cia, em Novo Cruzeiro"},"content":{"rendered":"\n<figure class=\"wp-block-image size-full is-resized is-style-default\"><img loading=\"lazy\" decoding=\"async\" width=\"700\" height=\"438\" src=\"https:\/\/diariotribuna.com.br\/wp-content\/uploads\/2024\/02\/89812d76-9270-4777-be2c-401d26b7d46b.jpg\" alt=\"\" class=\"wp-image-23636\" style=\"width:492px;height:auto\" srcset=\"https:\/\/diariotribuna.com.br\/wp-content\/uploads\/2024\/02\/89812d76-9270-4777-be2c-401d26b7d46b.jpg 700w, https:\/\/diariotribuna.com.br\/wp-content\/uploads\/2024\/02\/89812d76-9270-4777-be2c-401d26b7d46b-300x188.jpg 300w, https:\/\/diariotribuna.com.br\/wp-content\/uploads\/2024\/02\/89812d76-9270-4777-be2c-401d26b7d46b-696x435.jpg 696w, https:\/\/diariotribuna.com.br\/wp-content\/uploads\/2024\/02\/89812d76-9270-4777-be2c-401d26b7d46b-671x420.jpg 671w\" sizes=\"(max-width: 700px) 100vw, 700px\" \/><\/figure>\n\n\n\n<p>O comandante do 19\u00ba Batalh\u00e3o de Pol\u00edcia Militar, tenente coronel Welington da Silva Campos visitou a cidade de Novo Cruzeiro, na ter\u00e7a-feira (27\/2), onde participou de uma instru\u00e7\u00e3o \u00e0 tropa da 232\u00aa Companhia, composta pelos militares de Novo Cruzeiro e todos os comandantes das Fra\u00e7\u00f5es que integram esta importante SubUnidade, quais sejam, Novo Cruzeiro, Cara\u00ed, Catuji, Itaip\u00e9, Malacacheta, Setubinha, Francisc\u00f3polis, Pot\u00e9 e Ladainha.<\/p>\n\n\n\n<p>Durante a instru\u00e7\u00e3o, foram tratados sobre o Plano Estrat\u00e9gico da Pol\u00edcia Militar de Minas Gerais, que consiste num instrumento fundamental para o direcionamento institucional convergente com os objetivos do estado de Minas, e tamb\u00e9m sobre o Plano de A\u00e7\u00e3o do 19\u00ba Batalh\u00e3o, que contempla as a\u00e7\u00f5es e medidas do comando para o alcance dos resultados da Gest\u00e3o do Desempenho Operacional (GDO), com foco na preven\u00e7\u00e3o criminal.<\/p>\n\n\n\n<figure class=\"wp-block-gallery has-nested-images columns-2 is-cropped wp-block-gallery-1 is-layout-flex wp-block-gallery-is-layout-flex\">\n<figure class=\"wp-block-image size-large is-style-default\"><img loading=\"lazy\" decoding=\"async\" width=\"600\" height=\"359\" data-id=\"23642\" src=\"https:\/\/diariotribuna.com.br\/wp-content\/uploads\/2024\/03\/4ea6b149-cc87-4f3e-9964-7770aa1da139.jpg\" alt=\"\" class=\"wp-image-23642\" srcset=\"https:\/\/diariotribuna.com.br\/wp-content\/uploads\/2024\/03\/4ea6b149-cc87-4f3e-9964-7770aa1da139.jpg 600w, https:\/\/diariotribuna.com.br\/wp-content\/uploads\/2024\/03\/4ea6b149-cc87-4f3e-9964-7770aa1da139-300x180.jpg 300w\" sizes=\"(max-width: 600px) 100vw, 600px\" \/><\/figure>\n\n\n\n<figure class=\"wp-block-image size-large is-style-default\"><img loading=\"lazy\" decoding=\"async\" width=\"600\" height=\"390\" data-id=\"23641\" src=\"https:\/\/diariotribuna.com.br\/wp-content\/uploads\/2024\/03\/8ccabab1-695d-417b-8a7f-301d524214d6.jpg\" alt=\"\" class=\"wp-image-23641\" srcset=\"https:\/\/diariotribuna.com.br\/wp-content\/uploads\/2024\/03\/8ccabab1-695d-417b-8a7f-301d524214d6.jpg 600w, https:\/\/diariotribuna.com.br\/wp-content\/uploads\/2024\/03\/8ccabab1-695d-417b-8a7f-301d524214d6-300x195.jpg 300w\" sizes=\"(max-width: 600px) 100vw, 600px\" \/><\/figure>\n\n\n\n<figure class=\"wp-block-image size-large is-style-default\"><img loading=\"lazy\" decoding=\"async\" width=\"600\" height=\"366\" data-id=\"23643\" src=\"https:\/\/diariotribuna.com.br\/wp-content\/uploads\/2024\/03\/1.jpg\" alt=\"\" class=\"wp-image-23643\" srcset=\"https:\/\/diariotribuna.com.br\/wp-content\/uploads\/2024\/03\/1.jpg 600w, https:\/\/diariotribuna.com.br\/wp-content\/uploads\/2024\/03\/1-300x183.jpg 300w\" sizes=\"(max-width: 600px) 100vw, 600px\" \/><\/figure>\n\n\n\n<figure class=\"wp-block-image size-large is-style-default\"><img loading=\"lazy\" decoding=\"async\" width=\"600\" height=\"389\" data-id=\"23640\" src=\"https:\/\/diariotribuna.com.br\/wp-content\/uploads\/2024\/03\/949eb82d-0a73-43e4-821b-c1f17f90ce05.jpg\" alt=\"\" class=\"wp-image-23640\" srcset=\"https:\/\/diariotribuna.com.br\/wp-content\/uploads\/2024\/03\/949eb82d-0a73-43e4-821b-c1f17f90ce05.jpg 600w, https:\/\/diariotribuna.com.br\/wp-content\/uploads\/2024\/03\/949eb82d-0a73-43e4-821b-c1f17f90ce05-300x195.jpg 300w\" sizes=\"(max-width: 600px) 100vw, 600px\" \/><\/figure>\n<\/figure>\n\n\n\n<p>O tenente coronel Campos expressou a sua gratid\u00e3o pela dedica\u00e7\u00e3o e profissionalismo dos militares da 232\u00aa Cia, ressaltando a import\u00e2ncia do trabalho em equipe e da comunica\u00e7\u00e3o eficiente para o sucesso das opera\u00e7\u00f5es policiais. Al\u00e9m disso, enfatizou a necessidade de fortalecer a parceria com a comunidade local, promovendo a integra\u00e7\u00e3o e o di\u00e1logo como ferramentas essenciais para a constru\u00e7\u00e3o de uma sociedade mais segura e justa.<\/p>\n\n\n\n<p>A troca de experi\u00eancias e ideias durante a reuni\u00e3o foi fundamental para o desenvolvimento de estrat\u00e9gias inovadoras e eficazes na \u00e1rea da seguran\u00e7a p\u00fablica. O comandante do 19\u00ba BPM reafirmou o seu compromisso em apoiar e capacitar os policiais locais, visando sempre a melhoria cont\u00ednua dos servi\u00e7os prestados \u00e0 popula\u00e7\u00e3o da regi\u00e3o. Em seguida, ele se reuniu com autoridades na C\u00e2mara Municipal, visando o fortalecimento da integra\u00e7\u00e3o entre as institui\u00e7\u00f5es e o desenvolvimento de estrat\u00e9gias para a melhoria da seguran\u00e7a p\u00fablica na Comarca de Novo Cruzeiro.<\/p>\n\n\n\n<p>O evento contou com a presen\u00e7a do comandante da 232\u00aa Companhia, Capit\u00e3o C\u00e9sar; comandante do 1\u00ba Pelot\u00e3o em Novo Cruzeiro, tenente Thalles; comandante do 2\u00ba Pelot\u00e3o em Cara\u00ed, tenente Paulo Viana; o chefe da Divis\u00e3o de Tr\u00e2nsito, Wilson; representando o prefeito Nem Capot\u00e3o; o vereador e presidente da C\u00e2mara Municipal, Arnaldo; Promotor de Justi\u00e7a, dr. Henrique; Defensor P\u00fablico, dr. Lucas; delegado de Pol\u00edcia Civil, dr. Richard; diretor do Pres\u00eddio, Bruno; todos da Comarca de Novo Cruzeiro; presidente da 28\u00aa Subse\u00e7\u00e3o da OAB em Novo Cruzeiro, dr. Elson; advogada e presidente do CONSEP de Novo Cruzeiro, dra. S\u00f4nia; e outros convidados.<\/p>\n\n\n\n<p>Segundo o tenente coronel Campos, esse modelo \u00e9 essencial para aprimorar a seguran\u00e7a p\u00fablica na regi\u00e3o e garantir um melhor atendimento \u00e0 popula\u00e7\u00e3o do nordeste mineiro. Ao final, agradeceu a presen\u00e7a das autoridades, colocando a Pol\u00edcia Militar \u00e0 disposi\u00e7\u00e3o. (Informa\u00e7\u00f5es\/Fotos: tenente Thalles Dohler Schutte, comandante do 1\u00ba Pelot\u00e3o da 232\u00aa Cia PM).<\/p>\n","protected":false},"excerpt":{"rendered":"<p>O comandante do 19\u00ba Batalh\u00e3o de Pol\u00edcia Militar, tenente coronel Welington da Silva Campos visitou a cidade de Novo Cruzeiro, na ter\u00e7a-feira (27\/2), onde participou de uma instru\u00e7\u00e3o \u00e0 tropa da 232\u00aa Companhia, composta pelos militares de Novo Cruzeiro e todos os comandantes das Fra\u00e7\u00f5es que integram esta importante SubUnidade, quais sejam, Novo Cruzeiro, Cara\u00ed, [&hellip;]<\/p>\n","protected":false},"author":1,"featured_media":23636,"comment_status":"open","ping_status":"open","sticky":false,"template":"","format":"standard","meta":{"rop_custom_images_group":[],"rop_custom_messages_group":[],"rop_publish_now":"initial","rop_publish_now_accounts":[],"rop_publish_now_history":[],"rop_publish_now_status":"pending","footnotes":""},"categories":[20],"tags":[941,6100,6102,149,76,75,6101],"class_list":["post-23635","post","type-post","status-publish","format-standard","has-post-thumbnail","hentry","category-policia","tag-19o-batalhao","tag-comando","tag-instrucao","tag-novo-cruzeiro","tag-policia-militar","tag-teofilo-otoni","tag-tropa"],"_links":{"self":[{"href":"https:\/\/diariotribuna.com.br\/index.php?rest_route=\/wp\/v2\/posts\/23635"}],"collection":[{"href":"https:\/\/diariotribuna.com.br\/index.php?rest_route=\/wp\/v2\/posts"}],"about":[{"href":"https:\/\/diariotribuna.com.br\/index.php?rest_route=\/wp\/v2\/types\/post"}],"author":[{"embeddable":true,"href":"https:\/\/diariotribuna.com.br\/index.php?rest_route=\/wp\/v2\/users\/1"}],"replies":[{"embeddable":true,"href":"https:\/\/diariotribuna.com.br\/index.php?rest_route=%2Fwp%2Fv2%2Fcomments&post=23635"}],"version-history":[{"count":3,"href":"https:\/\/diariotribuna.com.br\/index.php?rest_route=\/wp\/v2\/posts\/23635\/revisions"}],"predecessor-version":[{"id":23644,"href":"https:\/\/diariotribuna.com.br\/index.php?rest_route=\/wp\/v2\/posts\/23635\/revisions\/23644"}],"wp:featuredmedia":[{"embeddable":true,"href":"https:\/\/diariotribuna.com.br\/index.php?rest_route=\/wp\/v2\/media\/23636"}],"wp:attachment":[{"href":"https:\/\/diariotribuna.com.br\/index.php?rest_route=%2Fwp%2Fv2%2Fmedia&parent=23635"}],"wp:term":[{"taxonomy":"category","embeddable":true,"href":"https:\/\/diariotribuna.com.br\/index.php?rest_route=%2Fwp%2Fv2%2Fcategories&post=23635"},{"taxonomy":"post_tag","embeddable":true,"href":"https:\/\/diariotribuna.com.br\/index.php?rest_route=%2Fwp%2Fv2%2Ftags&post=23635"}],"curies":[{"name":"wp","href":"https:\/\/api.w.org\/{rel}","templated":true}]}}