{"id":23770,"date":"2024-03-11T23:45:38","date_gmt":"2024-03-12T02:45:38","guid":{"rendered":"https:\/\/diariotribuna.com.br\/?p=23770"},"modified":"2024-03-11T23:50:26","modified_gmt":"2024-03-12T02:50:26","slug":"apos-denuncia-pm-prende-dois-homens-e-apreende-submetralhadora-municoes-e-drogas","status":"publish","type":"post","link":"https:\/\/diariotribuna.com.br\/?p=23770","title":{"rendered":"Ap\u00f3s den\u00fancia PM prende dois homens e apreende submetralhadora, muni\u00e7\u00f5es e drogas"},"content":{"rendered":"\n<figure class=\"wp-block-image size-full is-resized is-style-default\"><img loading=\"lazy\" decoding=\"async\" width=\"700\" height=\"467\" src=\"https:\/\/diariotribuna.com.br\/wp-content\/uploads\/2024\/03\/dd1c2b4b-5f2d-4944-82c1-14811fbb95ce.jpg\" alt=\"\" class=\"wp-image-23771\" style=\"width:393px;height:auto\" srcset=\"https:\/\/diariotribuna.com.br\/wp-content\/uploads\/2024\/03\/dd1c2b4b-5f2d-4944-82c1-14811fbb95ce.jpg 700w, https:\/\/diariotribuna.com.br\/wp-content\/uploads\/2024\/03\/dd1c2b4b-5f2d-4944-82c1-14811fbb95ce-300x200.jpg 300w, https:\/\/diariotribuna.com.br\/wp-content\/uploads\/2024\/03\/dd1c2b4b-5f2d-4944-82c1-14811fbb95ce-696x464.jpg 696w, https:\/\/diariotribuna.com.br\/wp-content\/uploads\/2024\/03\/dd1c2b4b-5f2d-4944-82c1-14811fbb95ce-630x420.jpg 630w\" sizes=\"(max-width: 700px) 100vw, 700px\" \/><\/figure>\n\n\n\n<p><strong>Jequitinhonha &#8211;<\/strong> Uma opera\u00e7\u00e3o de combate \u00e0 criminalidade realizada pela Pol\u00edcia Militar, na noite de domingo (10\/3), em Jequitinhonha, resultou na pris\u00e3o de dois homens de 22 e 27 anos, e na apreens\u00e3o de uma submetralhadora artesanal calibre 9mm, muni\u00e7\u00f5es, drogas e materiais usados para o tr\u00e1fico de drogas, segundo a PM.<\/p>\n\n\n\n<p>Os militares do T\u00e1tico M\u00f3vel do 44\u00ba Batalh\u00e3o e da 153\u00aa Companhia PM em Jequitinhonha realizavam a opera\u00e7\u00e3o quando receberam den\u00fancia informando sobre poss\u00edvel tr\u00e1fico de drogas que estaria ocorrendo no bairro S\u00e3o Miguel. O suspeito denunciado foi localizado e tentou fugir ao avistar a viatura se aproximando, mas foi contido e abordado, e com ele, foram apreendidas 25 pedras de crack.<\/p>\n\n\n\n<p>Outras den\u00fancias apontavam ainda locais onde o suspeito escondia material il\u00edcito, sendo encontrada a submetralhadora artesanal 9mm e 54 muni\u00e7\u00f5es do mesmo calibre. A PM ainda encontrou 40 muni\u00e7\u00f5es calibre 38, balan\u00e7a de precis\u00e3o e pinos vazios para embalar coca\u00edna. Outro suspeito foi preso durante a opera\u00e7\u00e3o. A dupla foi encaminhada para a delegacia de Pol\u00edcia Civil para as medidas de pol\u00edcia judici\u00e1ria. (Informa\u00e7\u00f5es\/Foto: assessoria de comunica\u00e7\u00e3o do 44\u00ba BPM\/ Almenara).<\/p>\n","protected":false},"excerpt":{"rendered":"<p>Jequitinhonha &#8211; Uma opera\u00e7\u00e3o de combate \u00e0 criminalidade realizada pela Pol\u00edcia Militar, na noite de domingo (10\/3), em Jequitinhonha, resultou na pris\u00e3o de dois homens de 22 e 27 anos, e na apreens\u00e3o de uma submetralhadora artesanal calibre 9mm, muni\u00e7\u00f5es, drogas e materiais usados para o tr\u00e1fico de drogas, segundo a PM. Os militares do [&hellip;]<\/p>\n","protected":false},"author":1,"featured_media":23771,"comment_status":"open","ping_status":"open","sticky":false,"template":"","format":"standard","meta":{"rop_custom_images_group":[],"rop_custom_messages_group":[],"rop_publish_now":"initial","rop_publish_now_accounts":[],"rop_publish_now_history":[],"rop_publish_now_status":"pending","footnotes":""},"categories":[25,20],"tags":[1734,174,207,297,205,76,3669],"class_list":["post-23770","post","type-post","status-publish","format-standard","has-post-thumbnail","hentry","category-destaque","category-policia","tag-2-presos","tag-44o-bpm","tag-drogas","tag-jequitinhonha","tag-municoes","tag-policia-militar","tag-submetralhadora"],"_links":{"self":[{"href":"https:\/\/diariotribuna.com.br\/index.php?rest_route=\/wp\/v2\/posts\/23770"}],"collection":[{"href":"https:\/\/diariotribuna.com.br\/index.php?rest_route=\/wp\/v2\/posts"}],"about":[{"href":"https:\/\/diariotribuna.com.br\/index.php?rest_route=\/wp\/v2\/types\/post"}],"author":[{"embeddable":true,"href":"https:\/\/diariotribuna.com.br\/index.php?rest_route=\/wp\/v2\/users\/1"}],"replies":[{"embeddable":true,"href":"https:\/\/diariotribuna.com.br\/index.php?rest_route=%2Fwp%2Fv2%2Fcomments&post=23770"}],"version-history":[{"count":1,"href":"https:\/\/diariotribuna.com.br\/index.php?rest_route=\/wp\/v2\/posts\/23770\/revisions"}],"predecessor-version":[{"id":23772,"href":"https:\/\/diariotribuna.com.br\/index.php?rest_route=\/wp\/v2\/posts\/23770\/revisions\/23772"}],"wp:featuredmedia":[{"embeddable":true,"href":"https:\/\/diariotribuna.com.br\/index.php?rest_route=\/wp\/v2\/media\/23771"}],"wp:attachment":[{"href":"https:\/\/diariotribuna.com.br\/index.php?rest_route=%2Fwp%2Fv2%2Fmedia&parent=23770"}],"wp:term":[{"taxonomy":"category","embeddable":true,"href":"https:\/\/diariotribuna.com.br\/index.php?rest_route=%2Fwp%2Fv2%2Fcategories&post=23770"},{"taxonomy":"post_tag","embeddable":true,"href":"https:\/\/diariotribuna.com.br\/index.php?rest_route=%2Fwp%2Fv2%2Ftags&post=23770"}],"curies":[{"name":"wp","href":"https:\/\/api.w.org\/{rel}","templated":true}]}}