{"id":23781,"date":"2024-03-13T20:53:12","date_gmt":"2024-03-13T23:53:12","guid":{"rendered":"https:\/\/diariotribuna.com.br\/?p=23781"},"modified":"2024-03-13T20:56:43","modified_gmt":"2024-03-13T23:56:43","slug":"policia-civil-cumpre-mandado-judicial-em-nanuque-alvo-reage-e-atira-contra-a-equipe-que-revidou-e-ele-morreu-no-confronto","status":"publish","type":"post","link":"https:\/\/diariotribuna.com.br\/?p=23781","title":{"rendered":"Pol\u00edcia Civil cumpre mandado judicial em Nanuque, alvo reage e atira contra a equipe, que revidou, e ele morreu no confronto"},"content":{"rendered":"\n<figure class=\"wp-block-image size-full is-resized is-style-default\"><img loading=\"lazy\" decoding=\"async\" width=\"676\" height=\"403\" src=\"https:\/\/diariotribuna.com.br\/wp-content\/uploads\/2024\/03\/1-5.jpg\" alt=\"\" class=\"wp-image-23782\" style=\"width:486px;height:auto\" srcset=\"https:\/\/diariotribuna.com.br\/wp-content\/uploads\/2024\/03\/1-5.jpg 676w, https:\/\/diariotribuna.com.br\/wp-content\/uploads\/2024\/03\/1-5-300x179.jpg 300w\" sizes=\"(max-width: 676px) 100vw, 676px\" \/><figcaption class=\"wp-element-caption\"><strong>Delegado de Pol\u00edcia Civil, dr. Luiz Bernardo est\u00e1 \u00e0 frente das investiga\u00e7\u00f5es<\/strong><\/figcaption><\/figure>\n\n\n\n<p>A Pol\u00edcia Civil deflagrou uma opera\u00e7\u00e3o na manh\u00e3 desta quarta-feira (13\/3) para dar cumprimento a um mandado de pris\u00e3o na zona urbana de Nanuque, no bairro Santa Helena. As equipes foram recebidas a tiros pelo alvo. Os policiais revidaram ao ataque, o alvo morreu no local e outro foi preso. A a\u00e7\u00e3o da pol\u00edcia resultou na apreens\u00e3o de armas de fogo e grande quantidade de drogas e outros materiais il\u00edcitos.<\/p>\n\n\n\n<p>O delegado Luiz Bernardo disse que a Pol\u00edcia Civil iniciou esta semana com as investiga\u00e7\u00f5es relativas a um suposto atentado que seria cometido contra o F\u00f3rum da comarca de Nanuque. \u201cA situa\u00e7\u00e3o envolvia o julgamento de uma mulher. Ela \u00e9 esposa do l\u00edder de uma fac\u00e7\u00e3o criminosa estabelecida em Nanuque, \u201cTerceiro Comando Puro (TCP)\u201d ou \u201cTudo3\u201d, est\u00e1 presa por crime de homic\u00eddio\u201d, disse dr. Luiz.<\/p>\n\n\n\n<figure class=\"wp-block-gallery has-nested-images columns-default is-cropped wp-block-gallery-1 is-layout-flex wp-block-gallery-is-layout-flex\">\n<figure class=\"wp-block-image size-large is-style-default\"><img loading=\"lazy\" decoding=\"async\" width=\"600\" height=\"375\" data-id=\"23783\" src=\"https:\/\/diariotribuna.com.br\/wp-content\/uploads\/2024\/03\/3-2.jpg\" alt=\"\" class=\"wp-image-23783\" srcset=\"https:\/\/diariotribuna.com.br\/wp-content\/uploads\/2024\/03\/3-2.jpg 600w, https:\/\/diariotribuna.com.br\/wp-content\/uploads\/2024\/03\/3-2-300x188.jpg 300w\" sizes=\"(max-width: 600px) 100vw, 600px\" \/><\/figure>\n\n\n\n<figure class=\"wp-block-image size-large is-style-default\"><img loading=\"lazy\" decoding=\"async\" width=\"720\" height=\"437\" data-id=\"23784\" src=\"https:\/\/diariotribuna.com.br\/wp-content\/uploads\/2024\/03\/2-5.jpg\" alt=\"\" class=\"wp-image-23784\" srcset=\"https:\/\/diariotribuna.com.br\/wp-content\/uploads\/2024\/03\/2-5.jpg 720w, https:\/\/diariotribuna.com.br\/wp-content\/uploads\/2024\/03\/2-5-300x182.jpg 300w, https:\/\/diariotribuna.com.br\/wp-content\/uploads\/2024\/03\/2-5-696x422.jpg 696w, https:\/\/diariotribuna.com.br\/wp-content\/uploads\/2024\/03\/2-5-692x420.jpg 692w\" sizes=\"(max-width: 720px) 100vw, 720px\" \/><\/figure>\n<figcaption class=\"blocks-gallery-caption wp-element-caption\"><strong>Durante a opera\u00e7\u00e3o a PCMG apreendeu armas de fogo, muni\u00e7\u00f5es e drogas<\/strong><\/figcaption><\/figure>\n\n\n\n<p>O delegado disse, que o marido dela encontra-se foragido h\u00e1 aproximadamente 2 anos, e de longe acaba por orquestrar v\u00e1rios ataques e homic\u00eddios em Nanuque. Ressalta que os policiais civis foram informados que os criminosos tentariam atacar o F\u00f3rum na tentativa de obter o resgate da pessoa, que seria julgada nesta quinta-feira (14\/4). \u201cN\u00f3s iniciamos as investiga\u00e7\u00f5es e acabamos por descobrir que v\u00e1rios indiv\u00edduos que s\u00e3o foragidos da justi\u00e7a, estariam homiziados, e conseguimos um mandado de busca e apreens\u00e3o para a localidade. Esses indiv\u00edduos s\u00e3o de alt\u00edssima periculosidade social, integrantes do TCP\u201d, informou.<\/p>\n\n\n\n<p>Nesta quarta-feira, segundo o delegado, quando ele e equipe foram para o cumprimento do mandado judicial, o alvo reagiu \u00e0 pris\u00e3o, chegando a atirar contra os policiais, que revidaram, e ele foi alvejado e morreu no confronto. O local onde o alvo estava, os policiais apreenderam uma pistola 9mm com carregador, uma submetralhadora 9mm, grande quantidade de drogas. \u201cNa kitnet ao lado foi localizado outro indiv\u00edduo, tamb\u00e9m integrante da organiza\u00e7\u00e3o criminosa, que foi preso com uma pistola, v\u00e1rios carregadores alongados para pistola e submetralhadora, e tamb\u00e9m grande quantidade de entorpecentes\u201d. Ele foi conduzido \u00e0 delegacia e teve a pris\u00e3o ratificada em flagrante.<\/p>\n\n\n\n<p>O dr&nbsp;Luiz Bernardo disse que obteve a confirma\u00e7\u00e3o de que esses indiv\u00edduos realmente seriam os respons\u00e1veis pelo suposto ataque que aconteceria no F\u00f3rum de Nanuque nesta quinta-feira (14). Disse que s\u00e3o pessoas que possuem hist\u00f3rico de extrema viol\u00eancia na cidade. \u201cO indiv\u00edduo que reagiu hoje \u00e0 pris\u00e3o, e foi morto pelos policiais civis, tem um hist\u00f3rico de ter cometido ao menos 12 homic\u00eddios nesta cidade. A comunidade vai se recordar de um homic\u00eddio b\u00e1rbaro que aconteceu em torno de um m\u00eas, quando a v\u00edtima Aline foi morta junto com seu filho, Gabriel que se apresentava como Sofia, com uma quantidade absurda de disparos na cena criminosa\u201d, ressaltou o delegado, sobre esse crime que chocou a cidade.<\/p>\n","protected":false},"excerpt":{"rendered":"<p>A Pol\u00edcia Civil deflagrou uma opera\u00e7\u00e3o na manh\u00e3 desta quarta-feira (13\/3) para dar cumprimento a um mandado de pris\u00e3o na zona urbana de Nanuque, no bairro Santa Helena. As equipes foram recebidas a tiros pelo alvo. Os policiais revidaram ao ataque, o alvo morreu no local e outro foi preso. A a\u00e7\u00e3o da pol\u00edcia resultou [&hellip;]<\/p>\n","protected":false},"author":1,"featured_media":23782,"comment_status":"open","ping_status":"open","sticky":false,"template":"","format":"standard","meta":{"rop_custom_images_group":[],"rop_custom_messages_group":[],"rop_publish_now":"initial","rop_publish_now_accounts":[],"rop_publish_now_history":[],"rop_publish_now_status":"pending","footnotes":""},"categories":[25,20],"tags":[4445,122,80,292,6130],"class_list":["post-23781","post","type-post","status-publish","format-standard","has-post-thumbnail","hentry","category-destaque","category-policia","tag-confronto","tag-nanuque","tag-operacao","tag-policia-civil","tag-um-morto"],"_links":{"self":[{"href":"https:\/\/diariotribuna.com.br\/index.php?rest_route=\/wp\/v2\/posts\/23781"}],"collection":[{"href":"https:\/\/diariotribuna.com.br\/index.php?rest_route=\/wp\/v2\/posts"}],"about":[{"href":"https:\/\/diariotribuna.com.br\/index.php?rest_route=\/wp\/v2\/types\/post"}],"author":[{"embeddable":true,"href":"https:\/\/diariotribuna.com.br\/index.php?rest_route=\/wp\/v2\/users\/1"}],"replies":[{"embeddable":true,"href":"https:\/\/diariotribuna.com.br\/index.php?rest_route=%2Fwp%2Fv2%2Fcomments&post=23781"}],"version-history":[{"count":3,"href":"https:\/\/diariotribuna.com.br\/index.php?rest_route=\/wp\/v2\/posts\/23781\/revisions"}],"predecessor-version":[{"id":23787,"href":"https:\/\/diariotribuna.com.br\/index.php?rest_route=\/wp\/v2\/posts\/23781\/revisions\/23787"}],"wp:featuredmedia":[{"embeddable":true,"href":"https:\/\/diariotribuna.com.br\/index.php?rest_route=\/wp\/v2\/media\/23782"}],"wp:attachment":[{"href":"https:\/\/diariotribuna.com.br\/index.php?rest_route=%2Fwp%2Fv2%2Fmedia&parent=23781"}],"wp:term":[{"taxonomy":"category","embeddable":true,"href":"https:\/\/diariotribuna.com.br\/index.php?rest_route=%2Fwp%2Fv2%2Fcategories&post=23781"},{"taxonomy":"post_tag","embeddable":true,"href":"https:\/\/diariotribuna.com.br\/index.php?rest_route=%2Fwp%2Fv2%2Ftags&post=23781"}],"curies":[{"name":"wp","href":"https:\/\/api.w.org\/{rel}","templated":true}]}}