{"id":23792,"date":"2024-03-14T12:08:57","date_gmt":"2024-03-14T15:08:57","guid":{"rendered":"https:\/\/diariotribuna.com.br\/?p=23792"},"modified":"2024-03-14T12:10:03","modified_gmt":"2024-03-14T15:10:03","slug":"operacao-conjunta-da-pmmg-e-pcmg-prende-autor-de-homicidio-e-apreende-arma-de-fogo-e-droga-em-jequitinhonha","status":"publish","type":"post","link":"https:\/\/diariotribuna.com.br\/?p=23792","title":{"rendered":"Opera\u00e7\u00e3o conjunta da PMMG e PCMG prende autor de homic\u00eddio e apreende arma de fogo e droga, em Jequitinhonha"},"content":{"rendered":"\n<figure class=\"wp-block-image size-full is-resized is-style-default\"><img loading=\"lazy\" decoding=\"async\" width=\"700\" height=\"394\" src=\"https:\/\/diariotribuna.com.br\/wp-content\/uploads\/2024\/03\/b1fb8f4f-be1c-4d81-924c-8b1eb9f980c6.jpg\" alt=\"\" class=\"wp-image-23793\" style=\"width:459px;height:auto\" srcset=\"https:\/\/diariotribuna.com.br\/wp-content\/uploads\/2024\/03\/b1fb8f4f-be1c-4d81-924c-8b1eb9f980c6.jpg 700w, https:\/\/diariotribuna.com.br\/wp-content\/uploads\/2024\/03\/b1fb8f4f-be1c-4d81-924c-8b1eb9f980c6-300x169.jpg 300w, https:\/\/diariotribuna.com.br\/wp-content\/uploads\/2024\/03\/b1fb8f4f-be1c-4d81-924c-8b1eb9f980c6-696x392.jpg 696w\" sizes=\"(max-width: 700px) 100vw, 700px\" \/><\/figure>\n\n\n\n<p>Durante opera\u00e7\u00e3o conjunta realizada pela PMMG e a PCMG na zona rural de Jequitinhonha, nesta quinta-feira (14\/3), os policiais conseguiram localizar e prender O.P.S.N., que havia um mandado de pris\u00e3o em aberto contra ele, segundo a pol\u00edcia, em virtude de sua participa\u00e7\u00e3o no crime de homic\u00eddio ocorrido na cidade de Jequitinhonha, no dia 14 de fevereiro do corrente ano.<\/p>\n\n\n\n<figure class=\"wp-block-image size-full is-resized is-style-default\"><img loading=\"lazy\" decoding=\"async\" width=\"600\" height=\"352\" src=\"https:\/\/diariotribuna.com.br\/wp-content\/uploads\/2024\/03\/af7312ae-9ef8-4a60-a851-8a0fde63afae.jpg\" alt=\"\" class=\"wp-image-23794\" style=\"width:432px;height:auto\" srcset=\"https:\/\/diariotribuna.com.br\/wp-content\/uploads\/2024\/03\/af7312ae-9ef8-4a60-a851-8a0fde63afae.jpg 600w, https:\/\/diariotribuna.com.br\/wp-content\/uploads\/2024\/03\/af7312ae-9ef8-4a60-a851-8a0fde63afae-300x176.jpg 300w\" sizes=\"(max-width: 600px) 100vw, 600px\" \/><\/figure>\n\n\n\n<p>Em posse do desfavorecido tamb\u00e9m foram encontrados um rev\u00f3lver calibre 32 e um tablete de maconha. Ele foi conduzido \u00e0 delegacia de Pol\u00edcia Civil para os procedimentos de pol\u00edcia judici\u00e1ria, posteriormente encaminhado ao pres\u00eddio local, onde ficou \u00e0 disposi\u00e7\u00e3o da justi\u00e7a.<\/p>\n\n\n\n<p><strong>Equipe PMMG<\/strong>: tenente Frederico, sargentos Warley, Edmar, Deilson, Stoni, Celso Mendes e Eduardo, cabo Leandro. <strong>Equipe PCMG<\/strong>: delegado, dr. Diogo Quaresma, investigadores Renan Pereira da Silva e Josefino Andr\u00e9, escriv\u00e3o Henrique de Oliveira. (Informa\u00e7\u00f5es\/Fotos: tenente Frederico).<\/p>\n\n\n\n<pre class=\"wp-block-verse\"><strong>Pol\u00edcia Militar de Minas Gerais, 248 anos, compromisso com a seguran\u00e7a<\/strong>.<\/pre>\n","protected":false},"excerpt":{"rendered":"<p>Durante opera\u00e7\u00e3o conjunta realizada pela PMMG e a PCMG na zona rural de Jequitinhonha, nesta quinta-feira (14\/3), os policiais conseguiram localizar e prender O.P.S.N., que havia um mandado de pris\u00e3o em aberto contra ele, segundo a pol\u00edcia, em virtude de sua participa\u00e7\u00e3o no crime de homic\u00eddio ocorrido na cidade de Jequitinhonha, no dia 14 de [&hellip;]<\/p>\n","protected":false},"author":1,"featured_media":23793,"comment_status":"open","ping_status":"open","sticky":false,"template":"","format":"standard","meta":{"rop_custom_images_group":[],"rop_custom_messages_group":[],"rop_publish_now":"initial","rop_publish_now_accounts":[],"rop_publish_now_history":[],"rop_publish_now_status":"pending","footnotes":""},"categories":[25,20],"tags":[],"class_list":["post-23792","post","type-post","status-publish","format-standard","has-post-thumbnail","hentry","category-destaque","category-policia"],"_links":{"self":[{"href":"https:\/\/diariotribuna.com.br\/index.php?rest_route=\/wp\/v2\/posts\/23792"}],"collection":[{"href":"https:\/\/diariotribuna.com.br\/index.php?rest_route=\/wp\/v2\/posts"}],"about":[{"href":"https:\/\/diariotribuna.com.br\/index.php?rest_route=\/wp\/v2\/types\/post"}],"author":[{"embeddable":true,"href":"https:\/\/diariotribuna.com.br\/index.php?rest_route=\/wp\/v2\/users\/1"}],"replies":[{"embeddable":true,"href":"https:\/\/diariotribuna.com.br\/index.php?rest_route=%2Fwp%2Fv2%2Fcomments&post=23792"}],"version-history":[{"count":1,"href":"https:\/\/diariotribuna.com.br\/index.php?rest_route=\/wp\/v2\/posts\/23792\/revisions"}],"predecessor-version":[{"id":23795,"href":"https:\/\/diariotribuna.com.br\/index.php?rest_route=\/wp\/v2\/posts\/23792\/revisions\/23795"}],"wp:featuredmedia":[{"embeddable":true,"href":"https:\/\/diariotribuna.com.br\/index.php?rest_route=\/wp\/v2\/media\/23793"}],"wp:attachment":[{"href":"https:\/\/diariotribuna.com.br\/index.php?rest_route=%2Fwp%2Fv2%2Fmedia&parent=23792"}],"wp:term":[{"taxonomy":"category","embeddable":true,"href":"https:\/\/diariotribuna.com.br\/index.php?rest_route=%2Fwp%2Fv2%2Fcategories&post=23792"},{"taxonomy":"post_tag","embeddable":true,"href":"https:\/\/diariotribuna.com.br\/index.php?rest_route=%2Fwp%2Fv2%2Ftags&post=23792"}],"curies":[{"name":"wp","href":"https:\/\/api.w.org\/{rel}","templated":true}]}}