{"id":23802,"date":"2024-03-15T11:12:40","date_gmt":"2024-03-15T14:12:40","guid":{"rendered":"https:\/\/diariotribuna.com.br\/?p=23802"},"modified":"2024-03-18T10:32:35","modified_gmt":"2024-03-18T13:32:35","slug":"diario-tribuna-15-de-marco-de-2024-teofilo-otoni-mg","status":"publish","type":"post","link":"https:\/\/diariotribuna.com.br\/?p=23802","title":{"rendered":"Di\u00e1rio Tribuna, 15 de Mar\u00e7o de 2024, Te\u00f3filo Otoni &#8211; MG"},"content":{"rendered":"\n<figure class=\"wp-block-image size-full is-resized is-style-default\"><img loading=\"lazy\" decoding=\"async\" width=\"699\" height=\"997\" src=\"https:\/\/diariotribuna.com.br\/wp-content\/uploads\/2024\/03\/a429100e-52da-4b55-85ae-41c02abd1257.jpg\" alt=\"\" class=\"wp-image-23806\" style=\"width:373px;height:auto\" srcset=\"https:\/\/diariotribuna.com.br\/wp-content\/uploads\/2024\/03\/a429100e-52da-4b55-85ae-41c02abd1257.jpg 699w, https:\/\/diariotribuna.com.br\/wp-content\/uploads\/2024\/03\/a429100e-52da-4b55-85ae-41c02abd1257-210x300.jpg 210w, https:\/\/diariotribuna.com.br\/wp-content\/uploads\/2024\/03\/a429100e-52da-4b55-85ae-41c02abd1257-696x993.jpg 696w, https:\/\/diariotribuna.com.br\/wp-content\/uploads\/2024\/03\/a429100e-52da-4b55-85ae-41c02abd1257-294x420.jpg 294w\" sizes=\"(max-width: 699px) 100vw, 699px\" \/><\/figure>\n\n\n\n<h2 class=\"wp-block-heading\"><strong><strong><mark style=\"background-color:rgba(0, 0, 0, 0)\" class=\"has-inline-color has-vivid-red-color\">Acesse o link abaixo e veja a edi\u00e7\u00e3o completa do Di\u00e1rio Tribuna desta sexta-feira (15\/3)<\/mark><\/strong><\/strong><\/h2>\n\n\n\n<h2 class=\"wp-block-heading\"><a href=\"https:\/\/diariotribuna.com.br\/wp-content\/uploads\/2024\/03\/DIARIO-TRIBUNA-54-ANOS-15-MARCO-2024.pdf\"><strong><mark style=\"background-color:rgba(0, 0, 0, 0)\" class=\"has-inline-color has-vivid-red-color\">https:\/\/diariotribuna.com.br\/wp-content\/uploads\/2024\/03\/DIARIO-TRIBUNA-54-ANOS-15-MARCO-2024.pdf<\/mark><\/strong><\/a><\/h2>\n","protected":false},"excerpt":{"rendered":"<p>Acesse o link abaixo e veja a edi\u00e7\u00e3o completa do Di\u00e1rio Tribuna desta sexta-feira (15\/3) https:\/\/diariotribuna.com.br\/wp-content\/uploads\/2024\/03\/DIARIO-TRIBUNA-54-ANOS-15-MARCO-2024.pdf<\/p>\n","protected":false},"author":1,"featured_media":23806,"comment_status":"open","ping_status":"open","sticky":false,"template":"","format":"standard","meta":{"rop_custom_images_group":[],"rop_custom_messages_group":[],"rop_publish_now":"initial","rop_publish_now_accounts":[],"rop_publish_now_history":[],"rop_publish_now_status":"pending","footnotes":""},"categories":[17,23],"tags":[6133,42,1010,75,867],"class_list":["post-23802","post","type-post","status-publish","format-standard","has-post-thumbnail","hentry","category-teofilootoni","category-ultimaedicao","tag-15-3-2024","tag-diario-tribuna","tag-nordeste-mineiro","tag-teofilo-otoni","tag-vale-do-mucuri"],"_links":{"self":[{"href":"https:\/\/diariotribuna.com.br\/index.php?rest_route=\/wp\/v2\/posts\/23802"}],"collection":[{"href":"https:\/\/diariotribuna.com.br\/index.php?rest_route=\/wp\/v2\/posts"}],"about":[{"href":"https:\/\/diariotribuna.com.br\/index.php?rest_route=\/wp\/v2\/types\/post"}],"author":[{"embeddable":true,"href":"https:\/\/diariotribuna.com.br\/index.php?rest_route=\/wp\/v2\/users\/1"}],"replies":[{"embeddable":true,"href":"https:\/\/diariotribuna.com.br\/index.php?rest_route=%2Fwp%2Fv2%2Fcomments&post=23802"}],"version-history":[{"count":1,"href":"https:\/\/diariotribuna.com.br\/index.php?rest_route=\/wp\/v2\/posts\/23802\/revisions"}],"predecessor-version":[{"id":23807,"href":"https:\/\/diariotribuna.com.br\/index.php?rest_route=\/wp\/v2\/posts\/23802\/revisions\/23807"}],"wp:featuredmedia":[{"embeddable":true,"href":"https:\/\/diariotribuna.com.br\/index.php?rest_route=\/wp\/v2\/media\/23806"}],"wp:attachment":[{"href":"https:\/\/diariotribuna.com.br\/index.php?rest_route=%2Fwp%2Fv2%2Fmedia&parent=23802"}],"wp:term":[{"taxonomy":"category","embeddable":true,"href":"https:\/\/diariotribuna.com.br\/index.php?rest_route=%2Fwp%2Fv2%2Fcategories&post=23802"},{"taxonomy":"post_tag","embeddable":true,"href":"https:\/\/diariotribuna.com.br\/index.php?rest_route=%2Fwp%2Fv2%2Ftags&post=23802"}],"curies":[{"name":"wp","href":"https:\/\/api.w.org\/{rel}","templated":true}]}}