{"id":23808,"date":"2024-03-15T12:37:14","date_gmt":"2024-03-15T15:37:14","guid":{"rendered":"https:\/\/diariotribuna.com.br\/?p=23808"},"modified":"2024-03-15T12:37:15","modified_gmt":"2024-03-15T15:37:15","slug":"manifestacoes-de-apoio-ao-desenvolvimento-do-vale-do-jequitinhonha-recebem-a-comitiva-do-governo-federal","status":"publish","type":"post","link":"https:\/\/diariotribuna.com.br\/?p=23808","title":{"rendered":"Manifesta\u00e7\u00f5es de apoio ao desenvolvimento do Vale do Jequitinhonha recebem a comitiva do Governo Federal"},"content":{"rendered":"\n<figure class=\"wp-block-image size-full is-resized is-style-default\"><img loading=\"lazy\" decoding=\"async\" width=\"640\" height=\"408\" src=\"https:\/\/diariotribuna.com.br\/wp-content\/uploads\/2024\/03\/14032404_sig_2.jpg\" alt=\"\" class=\"wp-image-23809\" style=\"width:511px;height:auto\" srcset=\"https:\/\/diariotribuna.com.br\/wp-content\/uploads\/2024\/03\/14032404_sig_2.jpg 640w, https:\/\/diariotribuna.com.br\/wp-content\/uploads\/2024\/03\/14032404_sig_2-300x191.jpg 300w\" sizes=\"(max-width: 640px) 100vw, 640px\" \/><\/figure>\n\n\n\n<p>Comunidades e prefeituras do Vale do Jequitinhonha \u2013 Salinas, Ara\u00e7ua\u00ed e Itinga &#8211; foram visitadas pela comitiva da Secretaria Nacional de Di\u00e1logos Sociais e Articula\u00e7\u00e3o de Pol\u00edticas P\u00fablicas da Presid\u00eancia da Rep\u00fablica, nos dias 11 e 15 de mar\u00e7o. A comitiva deu in\u00edcio \u00e0s atividades de nova rodada de escuta do territ\u00f3rio pelo Governo Federal para embasar novas pol\u00edticas p\u00fablicas na regi\u00e3o e um processo de escuta.<\/p>\n\n\n\n<p>A atua\u00e7\u00e3o das empresas de prospec\u00e7\u00e3o e beneficiamento de l\u00edtio sem barragem de rejeitos e zero carbono vem pautando debates sobre a relev\u00e2ncia do Brasil na transi\u00e7\u00e3o energ\u00e9tica mundial e trazendo novas aten\u00e7\u00f5es para o Vale.<\/p>\n\n\n\n<p>A Sigma Lithium, maior produtora brasileira de insumo industrializado de l\u00edtio, opera na regi\u00e3o e \u00e9 reconhecida mundialmente por sua sustentabilidade socioambiental e coloca\u00e7\u00e3o do seu \u201cl\u00edtio verde\u201d no mercado global. Considerada uma das maiores empregadoras do m\u00e9dio Jequitinhonha, al\u00e9m dos mil empregos diretos e treze mil indiretos, a empresa \u00e9 hoje uma refer\u00eancia no microempreendedorismo feminino com iniciativas como o Fundo Dona de Mim, com aproximadamente 1700 mulheres j\u00e1 beneficiadas e pretende alcan\u00e7ar mais 8300 no curto prazo. Dentre as a\u00e7\u00f5es contra a seca, foram doadas 3000 caixas d\u2019\u00e1gua para as fam\u00edlias bem como foram realizadas 1400 das 2000 estruturas de irriga\u00e7\u00e3o para agricultura familiar.<\/p>\n\n\n\n<p>Segundo a empresa, em sua atua\u00e7\u00e3o de amplo di\u00e1logo com o Poder P\u00fablico, suas lideran\u00e7as j\u00e1 estiveram com oito dos Minist\u00e9rios que comp\u00f5em o grupo de trabalho do Governo Federal, apresentando sua opera\u00e7\u00e3o de ind\u00fastria verde do l\u00edtio, que hoje j\u00e1 \u00e9 a maior do Brasil e a \u00fanica zero carbono no mercado global. \u201cO Presidente Lula veio ao Vale lan\u00e7ar o Fome Zero em 2003 e agora recebemos no Vale uma incr\u00edvel iniciativa multiministerial que vem testemunhar o desenvolvimento social e econ\u00f4mico sustent\u00e1vel ocorrido e ouvir o territ\u00f3rio. H\u00e1 muitos relatos de esperan\u00e7a e tamb\u00e9m demandas de prosperidade. O governo mostrou-se \u00e1gil em sua coordena\u00e7\u00e3o transversal para atender as expectativas do Vale do Jequitinhonha sobre o desenvolvimento\u201d, disse Ligia Pinto, VP de Rela\u00e7\u00f5es Governamentais.<\/p>\n\n\n\n<figure class=\"wp-block-image size-full is-resized is-style-default\"><img loading=\"lazy\" decoding=\"async\" width=\"640\" height=\"351\" src=\"https:\/\/diariotribuna.com.br\/wp-content\/uploads\/2024\/03\/sig-1-1.jpg\" alt=\"\" class=\"wp-image-23811\" style=\"width:474px;height:auto\" srcset=\"https:\/\/diariotribuna.com.br\/wp-content\/uploads\/2024\/03\/sig-1-1.jpg 640w, https:\/\/diariotribuna.com.br\/wp-content\/uploads\/2024\/03\/sig-1-1-300x165.jpg 300w\" sizes=\"(max-width: 640px) 100vw, 640px\" \/><\/figure>\n\n\n\n<p>Durante a visita do governo, apoiadores da atua\u00e7\u00e3o da Sigma Lithium, mulheres beneficiadas pelo programa de microcr\u00e9dito e 170 de seus colaboradores realizaram uma manifesta\u00e7\u00e3o de apoio \u00e0s atividades da empresa, levantando cartazes sobre as conquistas advindas dos investimentos realizados ao longo dos \u00faltimos anos. As prefeituras tamb\u00e9m receberam a comitiva e apresentaram seus planos, demandas e a\u00e7\u00f5es, especialmente quanto \u00e0s condi\u00e7\u00f5es da estrada federal, educa\u00e7\u00e3o e sa\u00fade.<\/p>\n","protected":false},"excerpt":{"rendered":"<p>Comunidades e prefeituras do Vale do Jequitinhonha \u2013 Salinas, Ara\u00e7ua\u00ed e Itinga &#8211; foram visitadas pela comitiva da Secretaria Nacional de Di\u00e1logos Sociais e Articula\u00e7\u00e3o de Pol\u00edticas P\u00fablicas da Presid\u00eancia da Rep\u00fablica, nos dias 11 e 15 de mar\u00e7o. A comitiva deu in\u00edcio \u00e0s atividades de nova rodada de escuta do territ\u00f3rio pelo Governo Federal [&hellip;]<\/p>\n","protected":false},"author":1,"featured_media":23809,"comment_status":"open","ping_status":"open","sticky":false,"template":"","format":"standard","meta":{"rop_custom_images_group":[],"rop_custom_messages_group":[],"rop_publish_now":"initial","rop_publish_now_accounts":[],"rop_publish_now_history":[],"rop_publish_now_status":"pending","footnotes":""},"categories":[19],"tags":[3870,6134,1259,297,5063,5594],"class_list":["post-23808","post","type-post","status-publish","format-standard","has-post-thumbnail","hentry","category-gerais","tag-apoio","tag-desenvolvimento","tag-governo-federal","tag-jequitinhonha","tag-manifestacoes","tag-sigma-lithium"],"_links":{"self":[{"href":"https:\/\/diariotribuna.com.br\/index.php?rest_route=\/wp\/v2\/posts\/23808"}],"collection":[{"href":"https:\/\/diariotribuna.com.br\/index.php?rest_route=\/wp\/v2\/posts"}],"about":[{"href":"https:\/\/diariotribuna.com.br\/index.php?rest_route=\/wp\/v2\/types\/post"}],"author":[{"embeddable":true,"href":"https:\/\/diariotribuna.com.br\/index.php?rest_route=\/wp\/v2\/users\/1"}],"replies":[{"embeddable":true,"href":"https:\/\/diariotribuna.com.br\/index.php?rest_route=%2Fwp%2Fv2%2Fcomments&post=23808"}],"version-history":[{"count":1,"href":"https:\/\/diariotribuna.com.br\/index.php?rest_route=\/wp\/v2\/posts\/23808\/revisions"}],"predecessor-version":[{"id":23812,"href":"https:\/\/diariotribuna.com.br\/index.php?rest_route=\/wp\/v2\/posts\/23808\/revisions\/23812"}],"wp:featuredmedia":[{"embeddable":true,"href":"https:\/\/diariotribuna.com.br\/index.php?rest_route=\/wp\/v2\/media\/23809"}],"wp:attachment":[{"href":"https:\/\/diariotribuna.com.br\/index.php?rest_route=%2Fwp%2Fv2%2Fmedia&parent=23808"}],"wp:term":[{"taxonomy":"category","embeddable":true,"href":"https:\/\/diariotribuna.com.br\/index.php?rest_route=%2Fwp%2Fv2%2Fcategories&post=23808"},{"taxonomy":"post_tag","embeddable":true,"href":"https:\/\/diariotribuna.com.br\/index.php?rest_route=%2Fwp%2Fv2%2Ftags&post=23808"}],"curies":[{"name":"wp","href":"https:\/\/api.w.org\/{rel}","templated":true}]}}