{"id":23944,"date":"2024-03-24T23:14:41","date_gmt":"2024-03-25T02:14:41","guid":{"rendered":"https:\/\/diariotribuna.com.br\/?p=23944"},"modified":"2024-03-28T23:39:19","modified_gmt":"2024-03-29T02:39:19","slug":"a-29a-feira-do-peixe-comeca-nesta-segunda-feira-25-em-teofilo-otoni","status":"publish","type":"post","link":"https:\/\/diariotribuna.com.br\/?p=23944","title":{"rendered":"A 29\u00aa Feira do Peixe come\u00e7ou na segunda-feira (25) em Te\u00f3filo Otoni"},"content":{"rendered":"\n<figure class=\"wp-block-image size-full is-resized is-style-default\"><img loading=\"lazy\" decoding=\"async\" width=\"700\" height=\"350\" src=\"https:\/\/diariotribuna.com.br\/wp-content\/uploads\/2024\/03\/65676343-21d7-47b8-8110-ba0062198352.jpg\" alt=\"\" class=\"wp-image-23946\" style=\"width:506px;height:auto\" srcset=\"https:\/\/diariotribuna.com.br\/wp-content\/uploads\/2024\/03\/65676343-21d7-47b8-8110-ba0062198352.jpg 700w, https:\/\/diariotribuna.com.br\/wp-content\/uploads\/2024\/03\/65676343-21d7-47b8-8110-ba0062198352-300x150.jpg 300w, https:\/\/diariotribuna.com.br\/wp-content\/uploads\/2024\/03\/65676343-21d7-47b8-8110-ba0062198352-696x348.jpg 696w\" sizes=\"(max-width: 700px) 100vw, 700px\" \/><\/figure>\n\n\n\n<p>A 29\u00aa Feira do Peixe, evento tradicional em Te\u00f3filo Otoni, ser\u00e1 realizada de 25 a 29 de mar\u00e7o, na Rua Marcelo Guedes, centro, pr\u00f3ximo \u00e0 rodovi\u00e1ria. Os produtores ir\u00e3o comercializar diversas variedades de peixes vivos, e a popula\u00e7\u00e3o ainda vai encontrar artesanatos, produtos de P\u00e1scoa, como chocolates, cestas para presentes, tudo feito no capricho pelos empreendedores locais.<\/p>\n\n\n\n<p>Tamb\u00e9m ser\u00e3o vendidos temperos, verduras, ingredientes para canjica, v\u00e1rios produtos da agricultura familiar, e os participantes tamb\u00e9m v\u00e3o curtir m\u00fasica ao vivo e degustar as del\u00edcias da gastronomia com pratos t\u00edpicos desta ocasi\u00e3o. O secret\u00e1rio municipal de Agropecu\u00e1ria, S\u00e9rgio Franca disse que est\u00e1 tudo organizado, tudo pronto, e destaca que \u00e9 um momento de gerar neg\u00f3cios, reencontrar os amigos, e convida a popula\u00e7\u00e3o para prestigiar o evento.<\/p>\n\n\n\n<p>S\u00e9rgio Franca informa que j\u00e1 foram realizadas algumas reuni\u00f5es com os expositores que est\u00e3o com boas expectativas de realizarem grandes neg\u00f3cios, atendendo muito bem aos consumidores. \u201cO mercado est\u00e1 aquecido, dinheiro na pra\u00e7a, e com certeza a expectativa \u00e9 de boas vendas, e \u00e9 isso que n\u00f3s acreditamos\u201d, disse o secret\u00e1rio.<\/p>\n\n\n\n<figure class=\"wp-block-image size-full is-resized is-style-default\"><img loading=\"lazy\" decoding=\"async\" width=\"700\" height=\"991\" src=\"https:\/\/diariotribuna.com.br\/wp-content\/uploads\/2024\/03\/ae2256c6-12d9-4026-bb31-c2ac103415a9.jpg\" alt=\"\" class=\"wp-image-23945\" style=\"width:398px;height:auto\" srcset=\"https:\/\/diariotribuna.com.br\/wp-content\/uploads\/2024\/03\/ae2256c6-12d9-4026-bb31-c2ac103415a9.jpg 700w, https:\/\/diariotribuna.com.br\/wp-content\/uploads\/2024\/03\/ae2256c6-12d9-4026-bb31-c2ac103415a9-212x300.jpg 212w, https:\/\/diariotribuna.com.br\/wp-content\/uploads\/2024\/03\/ae2256c6-12d9-4026-bb31-c2ac103415a9-696x985.jpg 696w, https:\/\/diariotribuna.com.br\/wp-content\/uploads\/2024\/03\/ae2256c6-12d9-4026-bb31-c2ac103415a9-297x420.jpg 297w\" sizes=\"(max-width: 700px) 100vw, 700px\" \/><\/figure>\n","protected":false},"excerpt":{"rendered":"<p>A 29\u00aa Feira do Peixe, evento tradicional em Te\u00f3filo Otoni, ser\u00e1 realizada de 25 a 29 de mar\u00e7o, na Rua Marcelo Guedes, centro, pr\u00f3ximo \u00e0 rodovi\u00e1ria. Os produtores ir\u00e3o comercializar diversas variedades de peixes vivos, e a popula\u00e7\u00e3o ainda vai encontrar artesanatos, produtos de P\u00e1scoa, como chocolates, cestas para presentes, tudo feito no capricho pelos [&hellip;]<\/p>\n","protected":false},"author":1,"featured_media":23946,"comment_status":"open","ping_status":"open","sticky":false,"template":"","format":"standard","meta":{"rop_custom_images_group":[],"rop_custom_messages_group":[],"rop_publish_now":"initial","rop_publish_now_accounts":[],"rop_publish_now_history":[],"rop_publish_now_status":"pending","footnotes":""},"categories":[17],"tags":[5443,6159,75],"class_list":["post-23944","post","type-post","status-publish","format-standard","has-post-thumbnail","hentry","category-teofilootoni","tag-5443","tag-feira-do-peixe","tag-teofilo-otoni"],"_links":{"self":[{"href":"https:\/\/diariotribuna.com.br\/index.php?rest_route=\/wp\/v2\/posts\/23944"}],"collection":[{"href":"https:\/\/diariotribuna.com.br\/index.php?rest_route=\/wp\/v2\/posts"}],"about":[{"href":"https:\/\/diariotribuna.com.br\/index.php?rest_route=\/wp\/v2\/types\/post"}],"author":[{"embeddable":true,"href":"https:\/\/diariotribuna.com.br\/index.php?rest_route=\/wp\/v2\/users\/1"}],"replies":[{"embeddable":true,"href":"https:\/\/diariotribuna.com.br\/index.php?rest_route=%2Fwp%2Fv2%2Fcomments&post=23944"}],"version-history":[{"count":3,"href":"https:\/\/diariotribuna.com.br\/index.php?rest_route=\/wp\/v2\/posts\/23944\/revisions"}],"predecessor-version":[{"id":23969,"href":"https:\/\/diariotribuna.com.br\/index.php?rest_route=\/wp\/v2\/posts\/23944\/revisions\/23969"}],"wp:featuredmedia":[{"embeddable":true,"href":"https:\/\/diariotribuna.com.br\/index.php?rest_route=\/wp\/v2\/media\/23946"}],"wp:attachment":[{"href":"https:\/\/diariotribuna.com.br\/index.php?rest_route=%2Fwp%2Fv2%2Fmedia&parent=23944"}],"wp:term":[{"taxonomy":"category","embeddable":true,"href":"https:\/\/diariotribuna.com.br\/index.php?rest_route=%2Fwp%2Fv2%2Fcategories&post=23944"},{"taxonomy":"post_tag","embeddable":true,"href":"https:\/\/diariotribuna.com.br\/index.php?rest_route=%2Fwp%2Fv2%2Ftags&post=23944"}],"curies":[{"name":"wp","href":"https:\/\/api.w.org\/{rel}","templated":true}]}}