{"id":23954,"date":"2024-03-25T12:59:45","date_gmt":"2024-03-25T15:59:45","guid":{"rendered":"https:\/\/diariotribuna.com.br\/?p=23954"},"modified":"2024-03-25T12:59:46","modified_gmt":"2024-03-25T15:59:46","slug":"desembargadores-e-juizes-fazem-visita-de-cortesia-a-policia-civil-em-teofilo-otoni","status":"publish","type":"post","link":"https:\/\/diariotribuna.com.br\/?p=23954","title":{"rendered":"Desembargadores e Ju\u00edzes fazem visita de cortesia \u00e0 Pol\u00edcia Civil em Te\u00f3filo Otoni"},"content":{"rendered":"\n<p><strong>Na oportunidade falaram a respeito da seguran\u00e7a p\u00fablica dos Vales do Mucuri e Jequitinhonha<\/strong><\/p>\n\n\n\n<figure class=\"wp-block-image size-full is-resized is-style-default\"><img loading=\"lazy\" decoding=\"async\" width=\"700\" height=\"435\" src=\"https:\/\/diariotribuna.com.br\/wp-content\/uploads\/2024\/03\/930f82b9-964e-4508-a40c-6a4235c59a0e.jpg\" alt=\"\" class=\"wp-image-23955\" style=\"width:451px;height:auto\" srcset=\"https:\/\/diariotribuna.com.br\/wp-content\/uploads\/2024\/03\/930f82b9-964e-4508-a40c-6a4235c59a0e.jpg 700w, https:\/\/diariotribuna.com.br\/wp-content\/uploads\/2024\/03\/930f82b9-964e-4508-a40c-6a4235c59a0e-300x186.jpg 300w, https:\/\/diariotribuna.com.br\/wp-content\/uploads\/2024\/03\/930f82b9-964e-4508-a40c-6a4235c59a0e-356x220.jpg 356w, https:\/\/diariotribuna.com.br\/wp-content\/uploads\/2024\/03\/930f82b9-964e-4508-a40c-6a4235c59a0e-696x433.jpg 696w, https:\/\/diariotribuna.com.br\/wp-content\/uploads\/2024\/03\/930f82b9-964e-4508-a40c-6a4235c59a0e-676x420.jpg 676w\" sizes=\"(max-width: 700px) 100vw, 700px\" \/><\/figure>\n\n\n\n<p>O chefe do 15\u00ba Departamento de Pol\u00edcia Civil de Te\u00f3filo Otoni, R\u00f4mulo Quintino da Silva, recebeu a visita dos desembargadores Wanderley Paiva, Renato Dresch, Osvaldo Oliveira Araujo Firmo, dos Ju\u00edzes Carlos M\u00e1rcio Macedo, Robert Lopes de Almeida e do delegado de Nanuque, Luiz Bernardo de Moraes, na sexta-feira (22\/3).<\/p>\n\n\n\n<p>A visita foi de cortesia, e na oportunidade falaram a respeito da seguran\u00e7a p\u00fablica dos Vales do Mucuri e Jequitinhonha, em especial do excelente trabalho realizado pelo dr. Luiz Bernardo de Moraes e sua equipe, que agiram firmemente frustrando um poss\u00edvel ataque ao F\u00f3rum de Nanuque.<\/p>\n\n\n\n<p>O ataque ao F\u00f3rum teria o objetivo de fazer o resgate de uma detenta que iria a j\u00fari popular no dia 14\/3. Mas a a\u00e7\u00e3o da Pol\u00edcia Civil ocorreu rapidamente um dia antes. Segundo a PCMG, a detenta faz parte do Terceiro Comando Puro (TCP) do Estado do Rio de Janeiro, e \u00e9 esposa de um dos l\u00edderes da referida fac\u00e7\u00e3o na cidade de Nanuque. (Informa\u00e7\u00f5es\/Foto: assessoria de comunica\u00e7\u00e3o da PCMG\/ Te\u00f3filo Otoni).<\/p>\n","protected":false},"excerpt":{"rendered":"<p>Na oportunidade falaram a respeito da seguran\u00e7a p\u00fablica dos Vales do Mucuri e Jequitinhonha O chefe do 15\u00ba Departamento de Pol\u00edcia Civil de Te\u00f3filo Otoni, R\u00f4mulo Quintino da Silva, recebeu a visita dos desembargadores Wanderley Paiva, Renato Dresch, Osvaldo Oliveira Araujo Firmo, dos Ju\u00edzes Carlos M\u00e1rcio Macedo, Robert Lopes de Almeida e do delegado de [&hellip;]<\/p>\n","protected":false},"author":1,"featured_media":23955,"comment_status":"open","ping_status":"open","sticky":false,"template":"","format":"standard","meta":{"rop_custom_images_group":[],"rop_custom_messages_group":[],"rop_publish_now":"initial","rop_publish_now_accounts":[],"rop_publish_now_history":[],"rop_publish_now_status":"pending","footnotes":""},"categories":[19],"tags":[6161,6162,292,75,691],"class_list":["post-23954","post","type-post","status-publish","format-standard","has-post-thumbnail","hentry","category-gerais","tag-desembargadores","tag-juizes","tag-policia-civil","tag-teofilo-otoni","tag-visita"],"_links":{"self":[{"href":"https:\/\/diariotribuna.com.br\/index.php?rest_route=\/wp\/v2\/posts\/23954"}],"collection":[{"href":"https:\/\/diariotribuna.com.br\/index.php?rest_route=\/wp\/v2\/posts"}],"about":[{"href":"https:\/\/diariotribuna.com.br\/index.php?rest_route=\/wp\/v2\/types\/post"}],"author":[{"embeddable":true,"href":"https:\/\/diariotribuna.com.br\/index.php?rest_route=\/wp\/v2\/users\/1"}],"replies":[{"embeddable":true,"href":"https:\/\/diariotribuna.com.br\/index.php?rest_route=%2Fwp%2Fv2%2Fcomments&post=23954"}],"version-history":[{"count":1,"href":"https:\/\/diariotribuna.com.br\/index.php?rest_route=\/wp\/v2\/posts\/23954\/revisions"}],"predecessor-version":[{"id":23956,"href":"https:\/\/diariotribuna.com.br\/index.php?rest_route=\/wp\/v2\/posts\/23954\/revisions\/23956"}],"wp:featuredmedia":[{"embeddable":true,"href":"https:\/\/diariotribuna.com.br\/index.php?rest_route=\/wp\/v2\/media\/23955"}],"wp:attachment":[{"href":"https:\/\/diariotribuna.com.br\/index.php?rest_route=%2Fwp%2Fv2%2Fmedia&parent=23954"}],"wp:term":[{"taxonomy":"category","embeddable":true,"href":"https:\/\/diariotribuna.com.br\/index.php?rest_route=%2Fwp%2Fv2%2Fcategories&post=23954"},{"taxonomy":"post_tag","embeddable":true,"href":"https:\/\/diariotribuna.com.br\/index.php?rest_route=%2Fwp%2Fv2%2Ftags&post=23954"}],"curies":[{"name":"wp","href":"https:\/\/api.w.org\/{rel}","templated":true}]}}