{"id":23970,"date":"2024-03-26T22:03:40","date_gmt":"2024-03-27T01:03:40","guid":{"rendered":"https:\/\/diariotribuna.com.br\/?p=23970"},"modified":"2024-03-28T23:23:33","modified_gmt":"2024-03-29T02:23:33","slug":"policiais-lotados-no-15o-departamento-de-policia-civil-de-teofilo-otoni-participam-de-treinamento-em-manejo-e-emprego-de-pistolas-9mm-e-40","status":"publish","type":"post","link":"https:\/\/diariotribuna.com.br\/?p=23970","title":{"rendered":"Policiais lotados no 15\u00ba Departamento de Pol\u00edcia Civil de Te\u00f3filo Otoni participam de treinamento em manejo e emprego de pistolas 9mm e .40"},"content":{"rendered":"\n<figure class=\"wp-block-image size-full is-resized is-style-default\"><img loading=\"lazy\" decoding=\"async\" width=\"700\" height=\"420\" src=\"https:\/\/diariotribuna.com.br\/wp-content\/uploads\/2024\/03\/e93d9d06-effe-441f-b2cf-3c9c4255846f.jpg\" alt=\"\" class=\"wp-image-23971\" style=\"width:506px;height:auto\" srcset=\"https:\/\/diariotribuna.com.br\/wp-content\/uploads\/2024\/03\/e93d9d06-effe-441f-b2cf-3c9c4255846f.jpg 700w, https:\/\/diariotribuna.com.br\/wp-content\/uploads\/2024\/03\/e93d9d06-effe-441f-b2cf-3c9c4255846f-300x180.jpg 300w, https:\/\/diariotribuna.com.br\/wp-content\/uploads\/2024\/03\/e93d9d06-effe-441f-b2cf-3c9c4255846f-696x418.jpg 696w\" sizes=\"(max-width: 700px) 100vw, 700px\" \/><\/figure>\n\n\n\n<p>A Academia de Pol\u00edcia Civil de Minas Gerais (ACADEPOL) est\u00e1 ministrando Curso de Aprimoramento de tiros com pistolas calibres 9mm e .40, para servidores do 15\u00ba Departamento de Pol\u00edcia Civil de Te\u00f3filo Otoni, regi\u00e3o dos Vales do Jequitinhonha e Mucuri, sendo Investigadores, Escriv\u00e3es e Delegados.<\/p>\n\n\n\n<p>A ACADEPOL enviou instrutores do MEAF &#8211; Manejo e Emprego de Arma de Fogo, e o curso est\u00e1 sendo realizado, nesta ter\u00e7a e quarta-feira, 26 e 27 de mar\u00e7o, no Clube de Tiro Colt, localizado na regi\u00e3o do Cedro, zona rural da cidade. O treinamento, foi uma solicita\u00e7\u00e3o do Chefe do 15\u00ba Departamento de Pol\u00edcia Civil, dr. R\u00f4mulo Quintino da Silva, e a Delegada-Geral de Pol\u00edcia, Diretora da Academia de Pol\u00edcia Civil de Minas Gerais, dra. Yukari Miyata, atendeu prontamente.<\/p>\n\n\n\n<figure class=\"wp-block-gallery has-nested-images columns-default is-cropped wp-block-gallery-1 is-layout-flex wp-block-gallery-is-layout-flex\">\n<figure class=\"wp-block-image size-large is-style-default\"><img loading=\"lazy\" decoding=\"async\" width=\"700\" height=\"402\" data-id=\"23972\" src=\"https:\/\/diariotribuna.com.br\/wp-content\/uploads\/2024\/03\/d1020585-059d-41e7-836f-4eb719aed645.jpg\" alt=\"\" class=\"wp-image-23972\" srcset=\"https:\/\/diariotribuna.com.br\/wp-content\/uploads\/2024\/03\/d1020585-059d-41e7-836f-4eb719aed645.jpg 700w, https:\/\/diariotribuna.com.br\/wp-content\/uploads\/2024\/03\/d1020585-059d-41e7-836f-4eb719aed645-300x172.jpg 300w, https:\/\/diariotribuna.com.br\/wp-content\/uploads\/2024\/03\/d1020585-059d-41e7-836f-4eb719aed645-696x400.jpg 696w\" sizes=\"(max-width: 700px) 100vw, 700px\" \/><\/figure>\n\n\n\n<figure class=\"wp-block-image size-large is-style-default\"><img loading=\"lazy\" decoding=\"async\" width=\"700\" height=\"420\" data-id=\"23973\" src=\"https:\/\/diariotribuna.com.br\/wp-content\/uploads\/2024\/03\/7b064f05-6078-412a-a70f-0c8f62ef3c42.jpg\" alt=\"\" class=\"wp-image-23973\" srcset=\"https:\/\/diariotribuna.com.br\/wp-content\/uploads\/2024\/03\/7b064f05-6078-412a-a70f-0c8f62ef3c42.jpg 700w, https:\/\/diariotribuna.com.br\/wp-content\/uploads\/2024\/03\/7b064f05-6078-412a-a70f-0c8f62ef3c42-300x180.jpg 300w, https:\/\/diariotribuna.com.br\/wp-content\/uploads\/2024\/03\/7b064f05-6078-412a-a70f-0c8f62ef3c42-696x418.jpg 696w\" sizes=\"(max-width: 700px) 100vw, 700px\" \/><\/figure>\n<\/figure>\n\n\n\n<p>Ressalta-se que, ficou acertada a realiza\u00e7\u00e3o de treinamentos peri\u00f3dicos para os policiais desta regi\u00e3o. O Chefe do 15\u00ba Departamento de Pol\u00edcia Civil, Dr. R\u00f4mulo Quintino, destaca a import\u00e2ncia da vinda dos instrutores de Belo Horizonte a Te\u00f3filo Otoni, devido a quest\u00f5es de log\u00edstica, pois nem sempre os policiais podem se deslocar at\u00e9 a capital, pontuando a relev\u00e2ncia do treinamento e aprimoramento constantes. (Informa\u00e7\u00f5es\/Fotos: assessoria de comunica\u00e7\u00e3o da PCMG\/ Te\u00f3filo Otoni).<\/p>\n","protected":false},"excerpt":{"rendered":"<p>A Academia de Pol\u00edcia Civil de Minas Gerais (ACADEPOL) est\u00e1 ministrando Curso de Aprimoramento de tiros com pistolas calibres 9mm e .40, para servidores do 15\u00ba Departamento de Pol\u00edcia Civil de Te\u00f3filo Otoni, regi\u00e3o dos Vales do Jequitinhonha e Mucuri, sendo Investigadores, Escriv\u00e3es e Delegados. A ACADEPOL enviou instrutores do MEAF &#8211; Manejo e Emprego [&hellip;]<\/p>\n","protected":false},"author":1,"featured_media":23971,"comment_status":"open","ping_status":"open","sticky":false,"template":"","format":"standard","meta":{"rop_custom_images_group":[],"rop_custom_messages_group":[],"rop_publish_now":"initial","rop_publish_now_accounts":[],"rop_publish_now_history":[],"rop_publish_now_status":"pending","footnotes":""},"categories":[25,19],"tags":[3296,3014,292,75,1628],"class_list":["post-23970","post","type-post","status-publish","format-standard","has-post-thumbnail","hentry","category-destaque","category-gerais","tag-acadepol","tag-curso","tag-policia-civil","tag-teofilo-otoni","tag-treinamento"],"_links":{"self":[{"href":"https:\/\/diariotribuna.com.br\/index.php?rest_route=\/wp\/v2\/posts\/23970"}],"collection":[{"href":"https:\/\/diariotribuna.com.br\/index.php?rest_route=\/wp\/v2\/posts"}],"about":[{"href":"https:\/\/diariotribuna.com.br\/index.php?rest_route=\/wp\/v2\/types\/post"}],"author":[{"embeddable":true,"href":"https:\/\/diariotribuna.com.br\/index.php?rest_route=\/wp\/v2\/users\/1"}],"replies":[{"embeddable":true,"href":"https:\/\/diariotribuna.com.br\/index.php?rest_route=%2Fwp%2Fv2%2Fcomments&post=23970"}],"version-history":[{"count":1,"href":"https:\/\/diariotribuna.com.br\/index.php?rest_route=\/wp\/v2\/posts\/23970\/revisions"}],"predecessor-version":[{"id":23974,"href":"https:\/\/diariotribuna.com.br\/index.php?rest_route=\/wp\/v2\/posts\/23970\/revisions\/23974"}],"wp:featuredmedia":[{"embeddable":true,"href":"https:\/\/diariotribuna.com.br\/index.php?rest_route=\/wp\/v2\/media\/23971"}],"wp:attachment":[{"href":"https:\/\/diariotribuna.com.br\/index.php?rest_route=%2Fwp%2Fv2%2Fmedia&parent=23970"}],"wp:term":[{"taxonomy":"category","embeddable":true,"href":"https:\/\/diariotribuna.com.br\/index.php?rest_route=%2Fwp%2Fv2%2Fcategories&post=23970"},{"taxonomy":"post_tag","embeddable":true,"href":"https:\/\/diariotribuna.com.br\/index.php?rest_route=%2Fwp%2Fv2%2Ftags&post=23970"}],"curies":[{"name":"wp","href":"https:\/\/api.w.org\/{rel}","templated":true}]}}