{"id":23975,"date":"2024-03-27T00:29:05","date_gmt":"2024-03-27T03:29:05","guid":{"rendered":"https:\/\/diariotribuna.com.br\/?p=23975"},"modified":"2024-03-27T00:29:06","modified_gmt":"2024-03-27T03:29:06","slug":"policia-militar-captura-foragido-da-justica-em-via-publica-de-jequitinhonha","status":"publish","type":"post","link":"https:\/\/diariotribuna.com.br\/?p=23975","title":{"rendered":"Pol\u00edcia Militar captura foragido da justi\u00e7a em via p\u00fablica de Jequitinhonha"},"content":{"rendered":"\n<figure class=\"wp-block-image size-full is-resized is-style-default\"><img loading=\"lazy\" decoding=\"async\" width=\"700\" height=\"425\" src=\"https:\/\/diariotribuna.com.br\/wp-content\/uploads\/2024\/03\/1_giroflex_sirene_viatura-20601771.jpg\" alt=\"\" class=\"wp-image-23976\" style=\"width:384px;height:auto\" srcset=\"https:\/\/diariotribuna.com.br\/wp-content\/uploads\/2024\/03\/1_giroflex_sirene_viatura-20601771.jpg 700w, https:\/\/diariotribuna.com.br\/wp-content\/uploads\/2024\/03\/1_giroflex_sirene_viatura-20601771-300x182.jpg 300w, https:\/\/diariotribuna.com.br\/wp-content\/uploads\/2024\/03\/1_giroflex_sirene_viatura-20601771-696x423.jpg 696w, https:\/\/diariotribuna.com.br\/wp-content\/uploads\/2024\/03\/1_giroflex_sirene_viatura-20601771-692x420.jpg 692w\" sizes=\"(max-width: 700px) 100vw, 700px\" \/><\/figure>\n\n\n\n<p>A Pol\u00edcia Militar fazia patrulhamento e algumas abordagens na cidade de Jequitinhonha, nesta ter\u00e7a-feira (26\/3), quando os militares da 153\u00aa Cia PM abordaram um homem de iniciais P.A.J., de 40 anos, em via p\u00fablica, na regi\u00e3o conhecida como Baixada Corintiana, no bairro S\u00e3o Miguel. Ao fazerem a consulta nos sistemas informatizados da PMMG, os militares constataram que havia um mandado de pris\u00e3o em aberto contra ele, por posse ilegal de arma de fogo.<\/p>\n\n\n\n<p>Segundo a pol\u00edcia, o foragido possu\u00ed registros policiais anteriores pela pr\u00e1tica dos crimes de furto e porte ilegal de arma de fogo, e estava numa regi\u00e3o onde ocorre tr\u00e1fico de drogas. Ele foi conduzido para a delegacia de Pol\u00edcia Civil local para os procedimentos de pol\u00edcia judici\u00e1ria. Equipes: sargentos Lemos, Mendes e Viana, cabos Lucas e Novais. (Informa\u00e7\u00f5es: PMMG).<\/p>\n","protected":false},"excerpt":{"rendered":"<p>A Pol\u00edcia Militar fazia patrulhamento e algumas abordagens na cidade de Jequitinhonha, nesta ter\u00e7a-feira (26\/3), quando os militares da 153\u00aa Cia PM abordaram um homem de iniciais P.A.J., de 40 anos, em via p\u00fablica, na regi\u00e3o conhecida como Baixada Corintiana, no bairro S\u00e3o Miguel. Ao fazerem a consulta nos sistemas informatizados da PMMG, os militares [&hellip;]<\/p>\n","protected":false},"author":1,"featured_media":23976,"comment_status":"open","ping_status":"open","sticky":false,"template":"","format":"standard","meta":{"rop_custom_images_group":[],"rop_custom_messages_group":[],"rop_publish_now":"initial","rop_publish_now_accounts":[],"rop_publish_now_history":[],"rop_publish_now_status":"pending","footnotes":""},"categories":[20],"tags":[5926,81,297,76],"class_list":["post-23975","post","type-post","status-publish","format-standard","has-post-thumbnail","hentry","category-policia","tag-capturado","tag-foragido","tag-jequitinhonha","tag-policia-militar"],"_links":{"self":[{"href":"https:\/\/diariotribuna.com.br\/index.php?rest_route=\/wp\/v2\/posts\/23975"}],"collection":[{"href":"https:\/\/diariotribuna.com.br\/index.php?rest_route=\/wp\/v2\/posts"}],"about":[{"href":"https:\/\/diariotribuna.com.br\/index.php?rest_route=\/wp\/v2\/types\/post"}],"author":[{"embeddable":true,"href":"https:\/\/diariotribuna.com.br\/index.php?rest_route=\/wp\/v2\/users\/1"}],"replies":[{"embeddable":true,"href":"https:\/\/diariotribuna.com.br\/index.php?rest_route=%2Fwp%2Fv2%2Fcomments&post=23975"}],"version-history":[{"count":1,"href":"https:\/\/diariotribuna.com.br\/index.php?rest_route=\/wp\/v2\/posts\/23975\/revisions"}],"predecessor-version":[{"id":23977,"href":"https:\/\/diariotribuna.com.br\/index.php?rest_route=\/wp\/v2\/posts\/23975\/revisions\/23977"}],"wp:featuredmedia":[{"embeddable":true,"href":"https:\/\/diariotribuna.com.br\/index.php?rest_route=\/wp\/v2\/media\/23976"}],"wp:attachment":[{"href":"https:\/\/diariotribuna.com.br\/index.php?rest_route=%2Fwp%2Fv2%2Fmedia&parent=23975"}],"wp:term":[{"taxonomy":"category","embeddable":true,"href":"https:\/\/diariotribuna.com.br\/index.php?rest_route=%2Fwp%2Fv2%2Fcategories&post=23975"},{"taxonomy":"post_tag","embeddable":true,"href":"https:\/\/diariotribuna.com.br\/index.php?rest_route=%2Fwp%2Fv2%2Ftags&post=23975"}],"curies":[{"name":"wp","href":"https:\/\/api.w.org\/{rel}","templated":true}]}}