{"id":24057,"date":"2024-04-04T18:46:20","date_gmt":"2024-04-04T21:46:20","guid":{"rendered":"https:\/\/diariotribuna.com.br\/?p=24057"},"modified":"2024-04-04T19:16:56","modified_gmt":"2024-04-04T22:16:56","slug":"continuam-internados-em-belo-horizonte-o-tenente-coronel-welvisson-e-seu-filho-pedro-vitimas-de-acidente-na-mgc-418-em-teofilo-otoni","status":"publish","type":"post","link":"https:\/\/diariotribuna.com.br\/?p=24057","title":{"rendered":"Continuam internados em Belo Horizonte, o tenente coronel Welvisson e seu filho Pedro, v\u00edtimas de acidente na MGC 418, em Te\u00f3filo Otoni"},"content":{"rendered":"\n<h3 class=\"wp-block-heading\"><strong><em>Veja informa\u00e7\u00f5es atualizadas do quadro cl\u00ednico dos dois<\/em><\/strong><\/h3>\n\n\n\n<figure class=\"wp-block-image size-full is-style-default\"><img loading=\"lazy\" decoding=\"async\" width=\"700\" height=\"307\" src=\"https:\/\/diariotribuna.com.br\/wp-content\/uploads\/2024\/04\/31aaa228-6b82-4bb1-b9eb-456450b85be9.jpg\" alt=\"\" class=\"wp-image-24058\" srcset=\"https:\/\/diariotribuna.com.br\/wp-content\/uploads\/2024\/04\/31aaa228-6b82-4bb1-b9eb-456450b85be9.jpg 700w, https:\/\/diariotribuna.com.br\/wp-content\/uploads\/2024\/04\/31aaa228-6b82-4bb1-b9eb-456450b85be9-300x132.jpg 300w, https:\/\/diariotribuna.com.br\/wp-content\/uploads\/2024\/04\/31aaa228-6b82-4bb1-b9eb-456450b85be9-696x305.jpg 696w\" sizes=\"(max-width: 700px) 100vw, 700px\" \/><figcaption class=\"wp-element-caption\"><strong>O tenente coronel Welvisson est\u00e1 internado em hospital de Belo Horizonte, bem como o seu filho Pedro<\/strong><\/figcaption><\/figure>\n\n\n\n<p>O tenente coronel da Pol\u00edcia Militar de Minas Gerais, Welvisson Gomes Brand\u00e3o, de 48 anos, lotado em Belo Horizonte, e seu filho Pedro, foram os que mais se feriram em uma grave colis\u00e3o entre o ve\u00edculo do militar, SUV Mitsubishi de cor preta, e um caminh\u00e3o de transporte de carne (frios), no Km 165 da MGC 418, em Te\u00f3filo Otoni, na manh\u00e3 de segunda-feira (1\u00ba\/4). A Pol\u00edcia Militar Rodovi\u00e1ria registrou a ocorr\u00eancia, na descida pr\u00f3ximo \u00e0 Pedreira, aproximadamente 9 quil\u00f4metros saindo para Nanuque.&nbsp;O militar e o filho Pedro foram encaminhados ao Hospital Santa Ros\u00e1lia, em estado grave, posteriormente eles foram encaminhados de helic\u00f3ptero para hospital em Belo Horizonte. No carro ainda estavam outros dois filhos do militar, que felizmente est\u00e3o bem.<\/p>\n\n\n\n<p>O motorista do caminh\u00e3o. H.E.L.L., de 28 anos, disse que trafegava sentido a Nanuque em velocidade compat\u00edvel com a via, estava chovendo e a pista escorregadia, quando percebeu um bambu envergado sobre a pista, a uma altura que ele imaginou que pudesse atingir o ba\u00fa. Nesse momento ele pisou no freio para reduzir a velocidade, por\u00e9m devido \u00e0 pavimenta\u00e7\u00e3o escorregadia o caminh\u00e3o perdeu o controle, invadiu a contram\u00e3o e atingiu o carro do militar, que trafegava sentido contr\u00e1rio. Ele n\u00e3o sofreu les\u00f5es. A per\u00edcia t\u00e9cnica da Pol\u00edcia Civil fez os trabalhos que devem ajudar a esclarecer as causas e circunst\u00e2ncias desse lament\u00e1vel e grave acidente de tr\u00e2nsito. O tenente-coronel Welvisson, natural de Carlos Chagas, j\u00e1 trabalhou nesta regi\u00e3o de Te\u00f3filo Otoni, pessoa muito querida, bem como a sua esposa, sargento Nayana, e esse lament\u00e1vel acidente causou muita tristeza e preocupa\u00e7\u00e3o aos amigos e familiares.<\/p>\n\n\n\n<p><strong>Atualiza\u00e7\u00e3o do quadro cl\u00ednico das v\u00edtimas:<\/strong>\u00a0Na manh\u00e3 de quarta-feira (3\/4), a m\u00e3e de Pedro, a sargento Nayana atualizou as informa\u00e7\u00f5es sobre a situa\u00e7\u00e3o cl\u00ednica dele, dizendo: \u201camigos, a noite foi longa por aqui. O Pedro est\u00e1 com um dreno no pulm\u00e3o esquerdo devido uma perfura\u00e7\u00e3o, mas ontem foram retirados os aparelhos e ele j\u00e1 respira sozinho. Estamos aguardando o restabelecimento do f\u00edgado, porque, devido ao impacto, sofreu algumas les\u00f5es. Ele sofreu um traumatismo craniano e estava com um sangramento no c\u00e9rebro que ser\u00e1 reavaliado.<\/p>\n\n\n\n<p>Nas fraturas no rosto ser\u00e1 necess\u00e1rio uma cirurgia, mas num pr\u00f3ximo momento, porque agora est\u00e3o tratando o que \u00e9 mais urgente. Pedro j\u00e1 abre os olhos.\u00a0<strong>O estado do Welvisson<\/strong>\u00a0\u00e9 grave, mas est\u00e1vel. H\u00e1 quest\u00f5es neurol\u00f3gicas muito s\u00e9rias que est\u00e3o sendo cuidadas nesse momento. Pe\u00e7o que intensifiquem as ora\u00e7\u00f5es pela vida dele. Arthur come\u00e7ar\u00e1 acompanhamento com a psic\u00f3loga hoje. Ele \u00e9 o nosso pequeno grande her\u00f3i que pediu socorro para toda fam\u00edlia. Helena est\u00e1 \u00f3tima. <strong>N\u00e3o deixem de rezar. A ora\u00e7\u00e3o de voc\u00eas tem chegado at\u00e9 n\u00f3s, e aos c\u00e9us<\/strong>\u201d.<\/p>\n\n\n\n<p><strong>Logo mais, ainda nesta quarta-feira, felizmente sargento Nayana informou atualiza\u00e7\u00e3o com not\u00edcias de melhoras do filho: <\/strong>\u201cOs pulm\u00f5es do Pedro est\u00e3o\u00a0respondendo muito bem. Tiraram todos os aparelhos, o\u00a0dreno, e ele respira sozinho. Todos os exames de sangue sem\u00a0altera\u00e7\u00e3o.\u00a0Ele est\u00e1 fazendo uso de morfina\u00a0por isso fica mais sonolento. Mas\u00a0est\u00e1 mexendo todas as partes do\u00a0corpo. Conseguiu sentar na\u00a0cama, sorriu e est\u00e1 reagindo\u00a0muito\u00a0r\u00e1pido ao tratamento. As ora\u00e7\u00f5es est\u00e3o curando meu filho, e eu estou tendo o grande privil\u00e9gio de estar sendo\u00a0testemunha\u00a0disso. N\u00e3o parem\u00a0de rezar\u201d. <\/p>\n\n\n\n<p><strong>E, ao final da tarde de quarta-feira, sargento Nayana atualizou o quadro de Pedro, felizmente com boas not\u00edcias, dizendo que ele havia deixado o CTI<\/strong>. \u201cTodos os exames sem altera\u00e7\u00e3o, sem sangramentos, sem anemia, pulm\u00f5es e f\u00edgado em plena recupera\u00e7\u00e3o. Pedro acordou, sentou na cama e j\u00e1 fica em p\u00e9. Tchau CTI, nosso lugar n\u00e3o \u00e9 aqui. Acabamos de receber alta e estamos em dire\u00e7\u00e3o ao novo quartel general levando conosco as ora\u00e7\u00f5es de voc\u00eas. <strong>Welvisson permanece sedado e fazendo muitos exames. Contando muito com a ora\u00e7\u00e3o de voc\u00eas\u201d<\/strong>, disse. <em>N\u00f3s, equipe do Di\u00e1rio Tribuna, estamos torcendo pela plena recupera\u00e7\u00e3o do tenente coronel Welvisson e do filho Pedro.<\/em><\/p>\n","protected":false},"excerpt":{"rendered":"<p>Veja informa\u00e7\u00f5es atualizadas do quadro cl\u00ednico dos dois O tenente coronel da Pol\u00edcia Militar de Minas Gerais, Welvisson Gomes Brand\u00e3o, de 48 anos, lotado em Belo Horizonte, e seu filho Pedro, foram os que mais se feriram em uma grave colis\u00e3o entre o ve\u00edculo do militar, SUV Mitsubishi de cor preta, e um caminh\u00e3o de [&hellip;]<\/p>\n","protected":false},"author":1,"featured_media":24058,"comment_status":"open","ping_status":"open","sticky":false,"template":"","format":"standard","meta":{"rop_custom_images_group":[],"rop_custom_messages_group":[],"rop_publish_now":"initial","rop_publish_now_accounts":[],"rop_publish_now_history":[],"rop_publish_now_status":"pending","footnotes":""},"categories":[25,19,1],"tags":[1436,125,735,6185,75],"class_list":["post-24057","post","type-post","status-publish","format-standard","has-post-thumbnail","hentry","category-destaque","category-gerais","category-sem-categoria","tag-15a-cia-pm-rv","tag-acidente","tag-mgc-418","tag-ten-cel-welvisson","tag-teofilo-otoni"],"_links":{"self":[{"href":"https:\/\/diariotribuna.com.br\/index.php?rest_route=\/wp\/v2\/posts\/24057"}],"collection":[{"href":"https:\/\/diariotribuna.com.br\/index.php?rest_route=\/wp\/v2\/posts"}],"about":[{"href":"https:\/\/diariotribuna.com.br\/index.php?rest_route=\/wp\/v2\/types\/post"}],"author":[{"embeddable":true,"href":"https:\/\/diariotribuna.com.br\/index.php?rest_route=\/wp\/v2\/users\/1"}],"replies":[{"embeddable":true,"href":"https:\/\/diariotribuna.com.br\/index.php?rest_route=%2Fwp%2Fv2%2Fcomments&post=24057"}],"version-history":[{"count":1,"href":"https:\/\/diariotribuna.com.br\/index.php?rest_route=\/wp\/v2\/posts\/24057\/revisions"}],"predecessor-version":[{"id":24059,"href":"https:\/\/diariotribuna.com.br\/index.php?rest_route=\/wp\/v2\/posts\/24057\/revisions\/24059"}],"wp:featuredmedia":[{"embeddable":true,"href":"https:\/\/diariotribuna.com.br\/index.php?rest_route=\/wp\/v2\/media\/24058"}],"wp:attachment":[{"href":"https:\/\/diariotribuna.com.br\/index.php?rest_route=%2Fwp%2Fv2%2Fmedia&parent=24057"}],"wp:term":[{"taxonomy":"category","embeddable":true,"href":"https:\/\/diariotribuna.com.br\/index.php?rest_route=%2Fwp%2Fv2%2Fcategories&post=24057"},{"taxonomy":"post_tag","embeddable":true,"href":"https:\/\/diariotribuna.com.br\/index.php?rest_route=%2Fwp%2Fv2%2Ftags&post=24057"}],"curies":[{"name":"wp","href":"https:\/\/api.w.org\/{rel}","templated":true}]}}