{"id":24145,"date":"2024-04-11T22:31:56","date_gmt":"2024-04-12T01:31:56","guid":{"rendered":"https:\/\/diariotribuna.com.br\/?p=24145"},"modified":"2024-04-15T22:58:20","modified_gmt":"2024-04-16T01:58:20","slug":"policias-civil-e-militar-reforcam-estrategias-para-manter-a-ordem-e-a-paz-em-teofilo-otoni","status":"publish","type":"post","link":"https:\/\/diariotribuna.com.br\/?p=24145","title":{"rendered":"Pol\u00edcias Civil e Militar refor\u00e7am estrat\u00e9gias para manter a ordem e a paz em Te\u00f3filo Otoni"},"content":{"rendered":"\n<figure class=\"wp-block-image size-full is-resized is-style-default\"><img loading=\"lazy\" decoding=\"async\" width=\"650\" height=\"317\" src=\"https:\/\/diariotribuna.com.br\/wp-content\/uploads\/2024\/04\/3f465c35-db22-4c7a-a420-0504f51538ad.jpg\" alt=\"\" class=\"wp-image-24146\" style=\"width:503px;height:auto\" srcset=\"https:\/\/diariotribuna.com.br\/wp-content\/uploads\/2024\/04\/3f465c35-db22-4c7a-a420-0504f51538ad.jpg 650w, https:\/\/diariotribuna.com.br\/wp-content\/uploads\/2024\/04\/3f465c35-db22-4c7a-a420-0504f51538ad-300x146.jpg 300w, https:\/\/diariotribuna.com.br\/wp-content\/uploads\/2024\/04\/3f465c35-db22-4c7a-a420-0504f51538ad-533x261.jpg 533w\" sizes=\"(max-width: 650px) 100vw, 650px\" \/><\/figure>\n\n\n\n<p>Representantes das pol\u00edcias Civil e Militar de Minas Gerais se reuniram, na quarta-feira (10\/4), para tra\u00e7ar estrat\u00e9gias de enfrentamento a fac\u00e7\u00f5es criminosas que vem atuando em Te\u00f3filo Otoni, e nesta quinta-feira, a Pol\u00edcia Civil concedeu entrevista coletiva para falar das a\u00e7\u00f5es voltadas \u00e0 promo\u00e7\u00e3o da ordem e da paz nesta regi\u00e3o. Entre as a\u00e7\u00f5es definidas est\u00e3o a realiza\u00e7\u00e3o de diversas opera\u00e7\u00f5es de cunho preventivo e repressivo, com utiliza\u00e7\u00e3o de aeronaves e tecnologias, tropas especializadas de Belo Horizonte, al\u00e9m do monitoramento de pessoas contumazes em atividades criminosas.<\/p>\n\n\n\n<p>O Delegado Regional de Te\u00f3filo Otoni, dr. Amaury Tomaz fez um balan\u00e7o do que j\u00e1 foi feito, e falou da reuni\u00e3o realizada na quarta-feira entre as for\u00e7as de seguran\u00e7a do Estado, para alinhavar a\u00e7\u00f5es a serem executadas nos pr\u00f3ximos dias, segundo o delegado, para o enfrentamento das fac\u00e7\u00f5es criminosas que tentam se estabelecer em Minas Gerais, e nesta regi\u00e3o. Inclusive, a chefe da Pol\u00edcia Civil do Estado, dra, Let\u00edcia Gamboge manifestou interesse em voltar a Te\u00f3filo Otoni para acompanhar de perto as a\u00e7\u00f5es de pol\u00edcia judici\u00e1ria local, no enfrentamento ao Comando Vermelho e PCC.<\/p>\n\n\n\n<p>\u201cN\u00e3o se deixe iludir por esse barulho. Essas fac\u00e7\u00f5es est\u00e3o sofrendo duros golpes da Pol\u00edcia Civil e da Pol\u00edcia Militar. Fazem esse barulho tentando amedrontar a popula\u00e7\u00e3o, tentando cortar o elo de comunica\u00e7\u00e3o da popula\u00e7\u00e3o com a Pol\u00edcia Civil. N\u00e3o se deixe amedrontar, as for\u00e7as de seguran\u00e7a garantem, com tropas especializadas que est\u00e3o na nossa regi\u00e3o, o direito de ir e vir, o direito de trabalhar, o direito de ter as suas tarefas rotineiras normais\u201d, disse o dr. Amaury, enfatizando que: \u201cseguran\u00e7a p\u00fablica \u00e9 corresponsabilidade de todos, e essas fac\u00e7\u00f5es est\u00e3o enfraquecidas, fazendo barulho, cooptando menores, enquanto suas lideran\u00e7as est\u00e3o escondidas no Rio de Janeiro. N\u00e3o tem coragem de descer dos morros porque sabem que l\u00e1 embaixo ter\u00e3o que enfrentar as for\u00e7as de seguran\u00e7a do Rio de Janeiro ou de Minas Gerais. Eles ficam escondidos levando uma vida boa e ficam cooptando menores por 200 ou 250 reais, que muitas vezes acabam mortos em confronto com as for\u00e7as de seguran\u00e7a\u201d.<\/p>\n","protected":false},"excerpt":{"rendered":"<p>Representantes das pol\u00edcias Civil e Militar de Minas Gerais se reuniram, na quarta-feira (10\/4), para tra\u00e7ar estrat\u00e9gias de enfrentamento a fac\u00e7\u00f5es criminosas que vem atuando em Te\u00f3filo Otoni, e nesta quinta-feira, a Pol\u00edcia Civil concedeu entrevista coletiva para falar das a\u00e7\u00f5es voltadas \u00e0 promo\u00e7\u00e3o da ordem e da paz nesta regi\u00e3o. Entre as a\u00e7\u00f5es definidas [&hellip;]<\/p>\n","protected":false},"author":1,"featured_media":24146,"comment_status":"open","ping_status":"open","sticky":false,"template":"","format":"standard","meta":{"rop_custom_images_group":[],"rop_custom_messages_group":[],"rop_publish_now":"initial","rop_publish_now_accounts":[],"rop_publish_now_history":[],"rop_publish_now_status":"pending","footnotes":""},"categories":[20],"tags":[6203,4148,1081,292,76,75],"class_list":["post-24145","post","type-post","status-publish","format-standard","has-post-thumbnail","hentry","category-policia","tag-acoes-conjuntas","tag-combate-ao-crime-organizado","tag-operacoes","tag-policia-civil","tag-policia-militar","tag-teofilo-otoni"],"_links":{"self":[{"href":"https:\/\/diariotribuna.com.br\/index.php?rest_route=\/wp\/v2\/posts\/24145"}],"collection":[{"href":"https:\/\/diariotribuna.com.br\/index.php?rest_route=\/wp\/v2\/posts"}],"about":[{"href":"https:\/\/diariotribuna.com.br\/index.php?rest_route=\/wp\/v2\/types\/post"}],"author":[{"embeddable":true,"href":"https:\/\/diariotribuna.com.br\/index.php?rest_route=\/wp\/v2\/users\/1"}],"replies":[{"embeddable":true,"href":"https:\/\/diariotribuna.com.br\/index.php?rest_route=%2Fwp%2Fv2%2Fcomments&post=24145"}],"version-history":[{"count":1,"href":"https:\/\/diariotribuna.com.br\/index.php?rest_route=\/wp\/v2\/posts\/24145\/revisions"}],"predecessor-version":[{"id":24147,"href":"https:\/\/diariotribuna.com.br\/index.php?rest_route=\/wp\/v2\/posts\/24145\/revisions\/24147"}],"wp:featuredmedia":[{"embeddable":true,"href":"https:\/\/diariotribuna.com.br\/index.php?rest_route=\/wp\/v2\/media\/24146"}],"wp:attachment":[{"href":"https:\/\/diariotribuna.com.br\/index.php?rest_route=%2Fwp%2Fv2%2Fmedia&parent=24145"}],"wp:term":[{"taxonomy":"category","embeddable":true,"href":"https:\/\/diariotribuna.com.br\/index.php?rest_route=%2Fwp%2Fv2%2Fcategories&post=24145"},{"taxonomy":"post_tag","embeddable":true,"href":"https:\/\/diariotribuna.com.br\/index.php?rest_route=%2Fwp%2Fv2%2Ftags&post=24145"}],"curies":[{"name":"wp","href":"https:\/\/api.w.org\/{rel}","templated":true}]}}