{"id":24164,"date":"2024-04-13T00:31:23","date_gmt":"2024-04-13T03:31:23","guid":{"rendered":"https:\/\/diariotribuna.com.br\/?p=24164"},"modified":"2024-04-16T23:22:11","modified_gmt":"2024-04-17T02:22:11","slug":"policia-civil-prende-suspeito-de-incendiar-conselho-tutelar-de-itaobim","status":"publish","type":"post","link":"https:\/\/diariotribuna.com.br\/?p=24164","title":{"rendered":"Pol\u00edcia Civil prende suspeito de incendiar Conselho Tutelar de Itaobim"},"content":{"rendered":"\n<figure class=\"wp-block-image size-full is-resized is-style-default\"><img loading=\"lazy\" decoding=\"async\" width=\"700\" height=\"526\" src=\"https:\/\/diariotribuna.com.br\/wp-content\/uploads\/2024\/04\/incendioconselhotutelar.jpg\" alt=\"\" class=\"wp-image-24165\" style=\"width:466px;height:auto\" srcset=\"https:\/\/diariotribuna.com.br\/wp-content\/uploads\/2024\/04\/incendioconselhotutelar.jpg 700w, https:\/\/diariotribuna.com.br\/wp-content\/uploads\/2024\/04\/incendioconselhotutelar-300x225.jpg 300w, https:\/\/diariotribuna.com.br\/wp-content\/uploads\/2024\/04\/incendioconselhotutelar-80x60.jpg 80w, https:\/\/diariotribuna.com.br\/wp-content\/uploads\/2024\/04\/incendioconselhotutelar-265x198.jpg 265w, https:\/\/diariotribuna.com.br\/wp-content\/uploads\/2024\/04\/incendioconselhotutelar-696x523.jpg 696w, https:\/\/diariotribuna.com.br\/wp-content\/uploads\/2024\/04\/incendioconselhotutelar-559x420.jpg 559w\" sizes=\"(max-width: 700px) 100vw, 700px\" \/><\/figure>\n\n\n\n\n\n<p>A Pol\u00edcia Civil de Minas Gerais (PCMG) concluiu a investiga\u00e7\u00e3o e prendeu, na manh\u00e3 de quinta-feira (11\/4), um homem suspeito de causar o inc\u00eandio que destruiu as instala\u00e7\u00f5es do Conselho Tutelar de Itaobim, regi\u00e3o do Jequitinhonha, no dia 21 de mar\u00e7o. Durante as investiga\u00e7\u00f5es, a equipe de per\u00edcia da Delegacia Regional em Pedra Azul, em conjunto com policiais da Delegacia de Pol\u00edcia Civil em Itaobim, levantou ind\u00edcios de inc\u00eandio criminoso no local, al\u00e9m da constata\u00e7\u00e3o da perda de todos os documentos do Conselho, al\u00e9m de computadores, telefones, entre outros equipamentos.<\/p>\n\n\n\n<p>Em continuidade \u00e0s investiga\u00e7\u00f5es, a Pol\u00edcia Civil obteve v\u00eddeos de c\u00e2meras de monitoramento das proximidades e chegou a um suspeito. O indiv\u00edduo foi identificado por duas testemunhas e, ainda, quando encontrado pelos policiais, estava com os mesmos cal\u00e7ados utilizados quando o crime foi praticado. A Pol\u00edcia Civil apurou que o indiv\u00edduo incendiou as instala\u00e7\u00f5es do \u00f3rg\u00e3o movido por descontentamento com atua\u00e7\u00e3o do Conselho em caso que envolveu den\u00fancia de agress\u00f5es do suspeito contra suas filhas. As crian\u00e7as tinham sido entregues \u00e0 av\u00f3 pelo \u00f3rg\u00e3o.<\/p>\n\n\n\n<p>\u201cReunidos ent\u00e3o os elementos de prova, foi interposta representa\u00e7\u00e3o ao Poder Judici\u00e1rio pela pris\u00e3o preventiva do autor que, ap\u00f3s parecer positivo do Minist\u00e9rio P\u00fablico, deferiu o pedido\u201d, explicou o delegado respons\u00e1vel, Paulo Sobrinho. Nesta quinta-feira (11), a equipe de policiais civis cumpriu a ordem judicial de pris\u00e3o, comunicando o ato ao Poder Judici\u00e1rio local juntamente ao envio do inqu\u00e9rito policial conclu\u00eddo com indiciamento pelo crime previsto no art. 250 do C\u00f3digo Penal. (Informa\u00e7\u00f5es\/Foto: assessoria de comunica\u00e7\u00e3o\/ PCMG).<\/p>\n","protected":false},"excerpt":{"rendered":"<p>A Pol\u00edcia Civil de Minas Gerais (PCMG) concluiu a investiga\u00e7\u00e3o e prendeu, na manh\u00e3 de quinta-feira (11\/4), um homem suspeito de causar o inc\u00eandio que destruiu as instala\u00e7\u00f5es do Conselho Tutelar de Itaobim, regi\u00e3o do Jequitinhonha, no dia 21 de mar\u00e7o. Durante as investiga\u00e7\u00f5es, a equipe de per\u00edcia da Delegacia Regional em Pedra Azul, em [&hellip;]<\/p>\n","protected":false},"author":1,"featured_media":24165,"comment_status":"open","ping_status":"open","sticky":false,"template":"","format":"standard","meta":{"rop_custom_images_group":[],"rop_custom_messages_group":[],"rop_publish_now":"initial","rop_publish_now_accounts":[],"rop_publish_now_history":[],"rop_publish_now_status":"pending","footnotes":""},"categories":[20],"tags":[6210,6211,387,292,6212],"class_list":["post-24164","post","type-post","status-publish","format-standard","has-post-thumbnail","hentry","category-policia","tag-conselho-tutelar","tag-incendio-criminoso","tag-itaobim","tag-policia-civil","tag-preso-autor"],"_links":{"self":[{"href":"https:\/\/diariotribuna.com.br\/index.php?rest_route=\/wp\/v2\/posts\/24164"}],"collection":[{"href":"https:\/\/diariotribuna.com.br\/index.php?rest_route=\/wp\/v2\/posts"}],"about":[{"href":"https:\/\/diariotribuna.com.br\/index.php?rest_route=\/wp\/v2\/types\/post"}],"author":[{"embeddable":true,"href":"https:\/\/diariotribuna.com.br\/index.php?rest_route=\/wp\/v2\/users\/1"}],"replies":[{"embeddable":true,"href":"https:\/\/diariotribuna.com.br\/index.php?rest_route=%2Fwp%2Fv2%2Fcomments&post=24164"}],"version-history":[{"count":1,"href":"https:\/\/diariotribuna.com.br\/index.php?rest_route=\/wp\/v2\/posts\/24164\/revisions"}],"predecessor-version":[{"id":24166,"href":"https:\/\/diariotribuna.com.br\/index.php?rest_route=\/wp\/v2\/posts\/24164\/revisions\/24166"}],"wp:featuredmedia":[{"embeddable":true,"href":"https:\/\/diariotribuna.com.br\/index.php?rest_route=\/wp\/v2\/media\/24165"}],"wp:attachment":[{"href":"https:\/\/diariotribuna.com.br\/index.php?rest_route=%2Fwp%2Fv2%2Fmedia&parent=24164"}],"wp:term":[{"taxonomy":"category","embeddable":true,"href":"https:\/\/diariotribuna.com.br\/index.php?rest_route=%2Fwp%2Fv2%2Fcategories&post=24164"},{"taxonomy":"post_tag","embeddable":true,"href":"https:\/\/diariotribuna.com.br\/index.php?rest_route=%2Fwp%2Fv2%2Ftags&post=24164"}],"curies":[{"name":"wp","href":"https:\/\/api.w.org\/{rel}","templated":true}]}}