{"id":24167,"date":"2024-04-13T23:52:36","date_gmt":"2024-04-14T02:52:36","guid":{"rendered":"https:\/\/diariotribuna.com.br\/?p=24167"},"modified":"2024-04-15T11:06:29","modified_gmt":"2024-04-15T14:06:29","slug":"policia-investiga-crime-de-homicidio-ocorrido-na-area-central-de-teofilo-otoni","status":"publish","type":"post","link":"https:\/\/diariotribuna.com.br\/?p=24167","title":{"rendered":"Pol\u00edcia investiga crime de homic\u00eddio ocorrido na \u00e1rea central de Te\u00f3filo Otoni"},"content":{"rendered":"\n<p><em><strong>O crime ocorreu em via p\u00fablica, em local de grande circula\u00e7\u00e3o de pessoas e ve\u00edculos, pr\u00f3ximo \u00e0 rodovi\u00e1ria<\/strong><\/em><\/p>\n\n\n\n<figure class=\"wp-block-image size-full is-resized is-style-default\"><img loading=\"lazy\" decoding=\"async\" width=\"700\" height=\"364\" src=\"https:\/\/diariotribuna.com.br\/wp-content\/uploads\/2024\/04\/Captura-de-tela-2024-04-13-235909.png\" alt=\"\" class=\"wp-image-24169\" style=\"width:526px;height:auto\" srcset=\"https:\/\/diariotribuna.com.br\/wp-content\/uploads\/2024\/04\/Captura-de-tela-2024-04-13-235909.png 700w, https:\/\/diariotribuna.com.br\/wp-content\/uploads\/2024\/04\/Captura-de-tela-2024-04-13-235909-300x156.png 300w, https:\/\/diariotribuna.com.br\/wp-content\/uploads\/2024\/04\/Captura-de-tela-2024-04-13-235909-696x362.png 696w\" sizes=\"(max-width: 700px) 100vw, 700px\" \/><\/figure>\n\n\n\n<p>O crime ocorreu ao final da tarde de sexta-feira (12\/4), na\u00a0 Avenida Alberto Laender, bairro S\u00e3o Diogo, pr\u00f3ximo \u00e0 rodovi\u00e1ria de Te\u00f3filo Otoni. Equipes da Pol\u00edcia Militar foram ao local, onde depararam com um homem ca\u00eddo ao ch\u00e3o, v\u00edtima de disparos de arma de fogo, sem consci\u00eancia, e v\u00e1rios pedestres e ve\u00edculos em circula\u00e7\u00e3o, por ser uma via de grande movimenta\u00e7\u00e3o. Uma equipe do Samu atestou o \u00f3bito no local.<\/p>\n\n\n\n<p>Enquanto atendiam a ocorr\u00eancia, os militares foram informados que dois autores do crime fugiram sentido \u00e0 rodovi\u00e1ria, um deles havia abordado um motociclista e subtra\u00eddo a motocicleta, e o outro havia fugido na garupa de outra motocicleta, em que o condutor trajava colete de moto-t\u00e1xi. Minutos depois, receberam novas informa\u00e7\u00f5es, que o autor que subtraiu a motocicleta para a fuga, teria se envolvido em um acidente na rodovia BR-116, pr\u00f3ximo ao centro de choferes, abandonado o ve\u00edculo e fugido a p\u00e9, sentido \u00e0 rua Conc\u00f3rdia.<\/p>\n\n\n\n<p>Essa ocorr\u00eancia foi registrada pela Pol\u00edcia Rodovi\u00e1ria Federal, que acionou o guincho para remo\u00e7\u00e3o da motocicleta para um p\u00e1tio conveniado ao Detran. A v\u00edtima foi identificada como sendo <strong>Luiz Felipe Evangelista da Silva, de 21 anos<\/strong>, funcion\u00e1rio de uma loja, que fica em frente ao local do crime. Ap\u00f3s os trabalhos da per\u00edcia t\u00e9cnica da Pol\u00edcia Civil, o corpo foi removido ao IML para a necropsia. O perito recolheu 11 estojos de muni\u00e7\u00e3o calibre 380, e constatou 4 perfura\u00e7\u00f5es provenientes de disparos de arma de fogo, na cabe\u00e7a, n\u00e1degas e nas costas.<\/p>\n\n\n\n<p>A pol\u00edcia teve informa\u00e7\u00f5es que antes, os autores tiveram no estabelecimento onde Luiz Felipe trabalhava, procurando por ele, que n\u00e3o estava, ent\u00e3o os autores o esperaram nas proximidades, quando ele se aproximou, os autores come\u00e7aram a atirar, tendo ele corrido em dire\u00e7\u00e3o ao posto de combust\u00edveis, o atirador correu atr\u00e1s e efetuou novos disparos, fugindo em seguida. A Pol\u00edcia Civil investiga o caso.<\/p>\n","protected":false},"excerpt":{"rendered":"<p>O crime ocorreu em via p\u00fablica, em local de grande circula\u00e7\u00e3o de pessoas e ve\u00edculos, pr\u00f3ximo \u00e0 rodovi\u00e1ria O crime ocorreu ao final da tarde de sexta-feira (12\/4), na\u00a0 Avenida Alberto Laender, bairro S\u00e3o Diogo, pr\u00f3ximo \u00e0 rodovi\u00e1ria de Te\u00f3filo Otoni. Equipes da Pol\u00edcia Militar foram ao local, onde depararam com um homem ca\u00eddo ao [&hellip;]<\/p>\n","protected":false},"author":1,"featured_media":24169,"comment_status":"open","ping_status":"open","sticky":false,"template":"","format":"standard","meta":{"rop_custom_images_group":[],"rop_custom_messages_group":[],"rop_publish_now":"initial","rop_publish_now_accounts":[],"rop_publish_now_history":[],"rop_publish_now_status":"pending","footnotes":""},"categories":[20],"tags":[1127,107,455,75,4278],"class_list":["post-24167","post","type-post","status-publish","format-standard","has-post-thumbnail","hentry","category-policia","tag-centro","tag-homicidio","tag-luiz-felipe","tag-teofilo-otoni","tag-via-publica"],"_links":{"self":[{"href":"https:\/\/diariotribuna.com.br\/index.php?rest_route=\/wp\/v2\/posts\/24167"}],"collection":[{"href":"https:\/\/diariotribuna.com.br\/index.php?rest_route=\/wp\/v2\/posts"}],"about":[{"href":"https:\/\/diariotribuna.com.br\/index.php?rest_route=\/wp\/v2\/types\/post"}],"author":[{"embeddable":true,"href":"https:\/\/diariotribuna.com.br\/index.php?rest_route=\/wp\/v2\/users\/1"}],"replies":[{"embeddable":true,"href":"https:\/\/diariotribuna.com.br\/index.php?rest_route=%2Fwp%2Fv2%2Fcomments&post=24167"}],"version-history":[{"count":3,"href":"https:\/\/diariotribuna.com.br\/index.php?rest_route=\/wp\/v2\/posts\/24167\/revisions"}],"predecessor-version":[{"id":24173,"href":"https:\/\/diariotribuna.com.br\/index.php?rest_route=\/wp\/v2\/posts\/24167\/revisions\/24173"}],"wp:featuredmedia":[{"embeddable":true,"href":"https:\/\/diariotribuna.com.br\/index.php?rest_route=\/wp\/v2\/media\/24169"}],"wp:attachment":[{"href":"https:\/\/diariotribuna.com.br\/index.php?rest_route=%2Fwp%2Fv2%2Fmedia&parent=24167"}],"wp:term":[{"taxonomy":"category","embeddable":true,"href":"https:\/\/diariotribuna.com.br\/index.php?rest_route=%2Fwp%2Fv2%2Fcategories&post=24167"},{"taxonomy":"post_tag","embeddable":true,"href":"https:\/\/diariotribuna.com.br\/index.php?rest_route=%2Fwp%2Fv2%2Ftags&post=24167"}],"curies":[{"name":"wp","href":"https:\/\/api.w.org\/{rel}","templated":true}]}}