{"id":24209,"date":"2024-04-15T23:47:50","date_gmt":"2024-04-16T02:47:50","guid":{"rendered":"https:\/\/diariotribuna.com.br\/?p=24209"},"modified":"2024-04-15T23:57:02","modified_gmt":"2024-04-16T02:57:02","slug":"unicred-tres-vales-inaugura-nova-sede-moderna-ampla-e-confortavel-em-teofilo-otoni","status":"publish","type":"post","link":"https:\/\/diariotribuna.com.br\/?p=24209","title":{"rendered":"Unicred Tr\u00eas Vales inaugura nova sede moderna, ampla e confort\u00e1vel em Te\u00f3filo Otoni"},"content":{"rendered":"\n<h3 class=\"wp-block-heading\"><strong><em>Com 27 anos em Te\u00f3filo Otoni, a Unicred ganhou nova sede como ag\u00eancia premium, do jeito que o cooperado merece<\/em><\/strong><\/h3>\n\n\n\n<figure class=\"wp-block-image size-full is-resized is-style-default\"><img loading=\"lazy\" decoding=\"async\" width=\"700\" height=\"464\" src=\"https:\/\/diariotribuna.com.br\/wp-content\/uploads\/2024\/04\/2-3.jpg\" alt=\"\" class=\"wp-image-24210\" style=\"width:616px;height:auto\" srcset=\"https:\/\/diariotribuna.com.br\/wp-content\/uploads\/2024\/04\/2-3.jpg 700w, https:\/\/diariotribuna.com.br\/wp-content\/uploads\/2024\/04\/2-3-300x199.jpg 300w, https:\/\/diariotribuna.com.br\/wp-content\/uploads\/2024\/04\/2-3-696x461.jpg 696w, https:\/\/diariotribuna.com.br\/wp-content\/uploads\/2024\/04\/2-3-634x420.jpg 634w\" sizes=\"(max-width: 700px) 100vw, 700px\" \/><figcaption class=\"wp-element-caption\"><strong>Presidente da Unicred Tr\u00eas Vales, Dr. Guilherme Carvalho; Primeiro Vice-Presidente, Dr. Jos\u00e9 Ant\u00f4nio; Segundo Vice-Presidente, Dr. Hemann Marx; diretores e funcion\u00e1rios<\/strong><\/figcaption><\/figure>\n\n\n\n<p>A Unicred Tr\u00eas Vales inaugurou na noite de quinta-feira, dia 11 de abril, sua nova sede na \u00e1rea central de Te\u00f3filo Otoni, numa solenidade bastante prestigiada, com coquetel de confraterniza\u00e7\u00e3o, ao som de musicistas que interpretaram lindas can\u00e7\u00f5es instrumentais. O espa\u00e7o recebeu as b\u00ean\u00e7\u00e3os do padre Ramon Vila\u00e7a. A nova ag\u00eancia j\u00e1 est\u00e1 de portas abertas ao p\u00fablico, a partir de segunda-feira (15).<\/p>\n\n\n\n<p><strong>A nova estrutura da Unicred \u2013<\/strong> institui\u00e7\u00e3o financeira cooperativa, sempre respaldada nos preceitos do cooperativismo, \u00e9 ampla, moderna e confort\u00e1vel, com ambiente climatizado, e est\u00e1 localizada na Rua Desembargador Eust\u00e1quio Peixoto, 20, centro, no trevo que segue para a rodovi\u00e1ria com estacionamento, boa visibilidade, com uma equipe profissional para melhor atender aos associados.<\/p>\n\n\n\n<p>A solenidade, bastante prestigiada, contou com a presen\u00e7a de diversas autoridades da cidade, da regi\u00e3o e do Estado. O diretor da Unicred de Governador Valadares, diretores da Unicred Central Multirregional de Belo Horizonte, representantes da classe m\u00e9dica e demais \u00e1reas de sa\u00fade, representantes das entidades de classe, de hospitais, e de \u00f3rg\u00e3os de seguran\u00e7a p\u00fablica, empres\u00e1rios, dentre outros convidados. <\/p>\n\n\n\n<p><strong>O presidente do Conselho de Administra\u00e7\u00e3o da Unicred Tr\u00eas Vales, Dr. Guilherme de Carvalho<\/strong>, falou da sua alegria e satisfa\u00e7\u00e3o, por terminar a reforma de uma nova sede da Unicred, uma ag\u00eancia Premium. \u201cA gente fica numa satisfa\u00e7\u00e3o muito grande. \u00c9 uma vit\u00f3ria de todos os cooperados, e estamos prontos para receber todos da comunidade. Convocamos a todos que se interessarem a se filiar conosco e desfrutar dos nossos produtos e servi\u00e7os\u201d, disse.<\/p>\n\n\n\n<figure class=\"wp-block-gallery has-nested-images columns-default is-cropped wp-block-gallery-1 is-layout-flex wp-block-gallery-is-layout-flex\">\n<figure class=\"wp-block-image size-large is-style-default\"><img loading=\"lazy\" decoding=\"async\" width=\"600\" height=\"376\" data-id=\"24211\" src=\"https:\/\/diariotribuna.com.br\/wp-content\/uploads\/2024\/04\/4-3.jpg\" alt=\"\" class=\"wp-image-24211\" srcset=\"https:\/\/diariotribuna.com.br\/wp-content\/uploads\/2024\/04\/4-3.jpg 600w, https:\/\/diariotribuna.com.br\/wp-content\/uploads\/2024\/04\/4-3-300x188.jpg 300w\" sizes=\"(max-width: 600px) 100vw, 600px\" \/><\/figure>\n\n\n\n<figure class=\"wp-block-image size-large is-style-default\"><img loading=\"lazy\" decoding=\"async\" width=\"600\" height=\"398\" data-id=\"24213\" src=\"https:\/\/diariotribuna.com.br\/wp-content\/uploads\/2024\/04\/1-2.jpg\" alt=\"\" class=\"wp-image-24213\" srcset=\"https:\/\/diariotribuna.com.br\/wp-content\/uploads\/2024\/04\/1-2.jpg 600w, https:\/\/diariotribuna.com.br\/wp-content\/uploads\/2024\/04\/1-2-300x199.jpg 300w\" sizes=\"(max-width: 600px) 100vw, 600px\" \/><\/figure>\n\n\n\n<figure class=\"wp-block-image size-large is-style-default\"><img loading=\"lazy\" decoding=\"async\" width=\"600\" height=\"398\" data-id=\"24212\" src=\"https:\/\/diariotribuna.com.br\/wp-content\/uploads\/2024\/04\/3-3.jpg\" alt=\"\" class=\"wp-image-24212\" srcset=\"https:\/\/diariotribuna.com.br\/wp-content\/uploads\/2024\/04\/3-3.jpg 600w, https:\/\/diariotribuna.com.br\/wp-content\/uploads\/2024\/04\/3-3-300x199.jpg 300w\" sizes=\"(max-width: 600px) 100vw, 600px\" \/><\/figure>\n<\/figure>\n\n\n\n<p><strong>Ag\u00eancia Premium \u2013 <\/strong>\u00c9 a que segue um modelo de maior conforto, moderna, com estilo mais requintado, e, o Dr. Guilherme ressalta que as pessoas de Te\u00f3filo Otoni e regi\u00e3o merecem esse conforto. \u201cE o Sistema Unicred que ocupa esse nicho das cooperativas de cr\u00e9dito premium. Fizemos uma ag\u00eancia nesse modelo para atender a nossa comunidade\u201d.<\/p>\n\n\n\n<p>Na oportunidade, o Dr. Guilherme Carvalho destacou a equipe da Unicred Tr\u00eas Vales, que passa por treinamento di\u00e1rio, com v\u00e1rias modalidades de atendimento ao p\u00fablico, acolhimento ao cooperado, para fazer o que tem de melhor, para atender de pessoa para pessoa, entendendo a necessidade do cooperado. <strong>A Unicred completa 28 anos de exist\u00eancia em Te\u00f3filo Otoni, no pr\u00f3ximo m\u00eas de outubro<\/strong>, e as comemora\u00e7\u00f5es j\u00e1 come\u00e7aram com a inaugura\u00e7\u00e3o desta linda sede.<\/p>\n\n\n\n<p><strong>O Dr. Guilherme fez agradecimentos aos cooperados que acreditam na cooperativa<\/strong>, ao Conselho de Administra\u00e7\u00e3o que est\u00e1 sempre presente, \u00e0s diretoras, ao Conselho Fiscal que atua de maneira a sinalizar para que nenhum risco aconte\u00e7a, aos colaboradores, todo o time da Fam\u00edlia Unicred, e principalmente a Deus por esse momento t\u00e3o importante que est\u00e1 vivendo. Hoje, <strong>o Sistema Unicred possui mais de 300 mil cooperados, 4 Centrais, 28 Cooperativas, e 373 Unidades de Neg\u00f3cios, e integra um dos mais importantes sistemas de cooperativas de cr\u00e9dito do Brasil.<\/strong><\/p>\n\n\n\n<figure class=\"wp-block-gallery has-nested-images columns-default is-cropped wp-block-gallery-2 is-layout-flex wp-block-gallery-is-layout-flex\">\n<figure class=\"wp-block-image size-large is-style-default\"><img loading=\"lazy\" decoding=\"async\" width=\"600\" height=\"398\" data-id=\"24216\" src=\"https:\/\/diariotribuna.com.br\/wp-content\/uploads\/2024\/04\/10-1.jpg\" alt=\"\" class=\"wp-image-24216\" srcset=\"https:\/\/diariotribuna.com.br\/wp-content\/uploads\/2024\/04\/10-1.jpg 600w, https:\/\/diariotribuna.com.br\/wp-content\/uploads\/2024\/04\/10-1-300x199.jpg 300w\" sizes=\"(max-width: 600px) 100vw, 600px\" \/><\/figure>\n\n\n\n<figure class=\"wp-block-image size-large is-style-default\"><img loading=\"lazy\" decoding=\"async\" width=\"600\" height=\"398\" data-id=\"24214\" src=\"https:\/\/diariotribuna.com.br\/wp-content\/uploads\/2024\/04\/12-1.jpg\" alt=\"\" class=\"wp-image-24214\" srcset=\"https:\/\/diariotribuna.com.br\/wp-content\/uploads\/2024\/04\/12-1.jpg 600w, https:\/\/diariotribuna.com.br\/wp-content\/uploads\/2024\/04\/12-1-300x199.jpg 300w\" sizes=\"(max-width: 600px) 100vw, 600px\" \/><\/figure>\n\n\n\n<figure class=\"wp-block-image size-large is-style-default\"><img loading=\"lazy\" decoding=\"async\" width=\"600\" height=\"375\" data-id=\"24219\" src=\"https:\/\/diariotribuna.com.br\/wp-content\/uploads\/2024\/04\/7-1.jpg\" alt=\"\" class=\"wp-image-24219\" srcset=\"https:\/\/diariotribuna.com.br\/wp-content\/uploads\/2024\/04\/7-1.jpg 600w, https:\/\/diariotribuna.com.br\/wp-content\/uploads\/2024\/04\/7-1-300x188.jpg 300w\" sizes=\"(max-width: 600px) 100vw, 600px\" \/><\/figure>\n\n\n\n<figure class=\"wp-block-image size-large is-style-default\"><img loading=\"lazy\" decoding=\"async\" width=\"600\" height=\"356\" data-id=\"24218\" src=\"https:\/\/diariotribuna.com.br\/wp-content\/uploads\/2024\/04\/8-1.jpg\" alt=\"\" class=\"wp-image-24218\" srcset=\"https:\/\/diariotribuna.com.br\/wp-content\/uploads\/2024\/04\/8-1.jpg 600w, https:\/\/diariotribuna.com.br\/wp-content\/uploads\/2024\/04\/8-1-300x178.jpg 300w\" sizes=\"(max-width: 600px) 100vw, 600px\" \/><\/figure>\n\n\n\n<figure class=\"wp-block-image size-large is-style-default\"><img loading=\"lazy\" decoding=\"async\" width=\"600\" height=\"372\" data-id=\"24215\" src=\"https:\/\/diariotribuna.com.br\/wp-content\/uploads\/2024\/04\/9-1.jpg\" alt=\"\" class=\"wp-image-24215\" srcset=\"https:\/\/diariotribuna.com.br\/wp-content\/uploads\/2024\/04\/9-1.jpg 600w, https:\/\/diariotribuna.com.br\/wp-content\/uploads\/2024\/04\/9-1-300x186.jpg 300w, https:\/\/diariotribuna.com.br\/wp-content\/uploads\/2024\/04\/9-1-356x220.jpg 356w\" sizes=\"(max-width: 600px) 100vw, 600px\" \/><\/figure>\n\n\n\n<figure class=\"wp-block-image size-large is-style-default\"><img loading=\"lazy\" decoding=\"async\" width=\"600\" height=\"362\" data-id=\"24221\" src=\"https:\/\/diariotribuna.com.br\/wp-content\/uploads\/2024\/04\/21.jpg\" alt=\"\" class=\"wp-image-24221\" srcset=\"https:\/\/diariotribuna.com.br\/wp-content\/uploads\/2024\/04\/21.jpg 600w, https:\/\/diariotribuna.com.br\/wp-content\/uploads\/2024\/04\/21-300x181.jpg 300w\" sizes=\"(max-width: 600px) 100vw, 600px\" \/><\/figure>\n\n\n\n<figure class=\"wp-block-image size-large is-style-default\"><img loading=\"lazy\" decoding=\"async\" width=\"600\" height=\"398\" data-id=\"24220\" src=\"https:\/\/diariotribuna.com.br\/wp-content\/uploads\/2024\/04\/11-1.jpg\" alt=\"\" class=\"wp-image-24220\" srcset=\"https:\/\/diariotribuna.com.br\/wp-content\/uploads\/2024\/04\/11-1.jpg 600w, https:\/\/diariotribuna.com.br\/wp-content\/uploads\/2024\/04\/11-1-300x199.jpg 300w\" sizes=\"(max-width: 600px) 100vw, 600px\" \/><\/figure>\n\n\n\n<figure class=\"wp-block-image size-large is-style-default\"><img loading=\"lazy\" decoding=\"async\" width=\"600\" height=\"385\" data-id=\"24217\" src=\"https:\/\/diariotribuna.com.br\/wp-content\/uploads\/2024\/04\/6-2.jpg\" alt=\"\" class=\"wp-image-24217\" srcset=\"https:\/\/diariotribuna.com.br\/wp-content\/uploads\/2024\/04\/6-2.jpg 600w, https:\/\/diariotribuna.com.br\/wp-content\/uploads\/2024\/04\/6-2-300x193.jpg 300w\" sizes=\"(max-width: 600px) 100vw, 600px\" \/><\/figure>\n<\/figure>\n\n\n\n<p><strong>O Dr. Rimack Ant\u00f4nio Rosa Almeida, do Conselho de Administra\u00e7\u00e3o da Unicred Alian\u00e7a<\/strong>, esteve presente na solenidade, e disse que veio prestigiar os amigos de Te\u00f3filo Otoni \u2013 da Unicred Tr\u00eas Vales \u2013 por ter amizades de muitos anos. \u201cA gente fica feliz com uma ag\u00eancia t\u00e3o bonita, que engrandece o nome da Unicred. Cada vez que abre uma Unicred, ela amplia, fica mais bonita, engrandece o nome da Unicred, que n\u00f3s temos uma afei\u00e7\u00e3o muito grande por essa cooperativa\u201d, disse o Dr. Rimack, acrescentando que amou a estrutura e seu desenho arquitet\u00f4nico, e muito funcional.<\/p>\n\n\n\n<p><strong>A Diretora-Superintendente da Unicred Central Multirregional, Ana Carolina Ramos,<\/strong> em seu pronunciamento, destacou que costuma dizer que uma cooperativa e outras institui\u00e7\u00f5es s\u00e3o feitas de pessoas, e \u00e9 ineg\u00e1vel o crescimento da Unicred Tr\u00eas Vales. \u201c\u00c9 admir\u00e1vel o trabalho que est\u00e1 sendo feito aqui. \u00c9 com muito orgulho que eu gostaria de falar para voc\u00eas, que a Unicred Tr\u00eas Vales foi a nossa cooperativa da multirregional que mais cresceu em resultado operacional no \u00faltimo ano. Voc\u00eas alcan\u00e7aram um crescimento de mais de 70%\u201d, disse, sob aplausos.<\/p>\n\n\n\n<p><strong>O presidente da Unimed Tr\u00eas Vales, Dr. Dionir Siqueira,<\/strong> muito emocionado, se referiu \u00e0 Unicred Tr\u00eas Vales como \u201ca sua segunda filha\u201d, que viu crescer, e como cresceu. Ressaltando que acabou de inaugurar \u201ca sua primeira filha\u201d \u2013 que foi sede do Hospital Unimed Tr\u00eas Vales. Recordou que come\u00e7ou h\u00e1 27 anos, a gest\u00e3o da Unimed estava com o Dr. Marcos Amaral, que deu todo apoio para que isso acontecesse. \u201cE a gente tem aqui a presen\u00e7a mais ilustre que eu vi na nossa forma\u00e7\u00e3o, que \u00e9 o Seu Marcos Miglio. E hoje eu estou vendo que cooperar \u00e9 a realidade, porque ningu\u00e9m podia imaginar que duas empresas que iniciaram t\u00e3o pequenas, chegassem nesse patamar que chegaram\u201d.<\/p>\n\n\n\n<p><strong>O Secret\u00e1rio Municipal de Sa\u00fade, Dr. Edil\u00e2nio Souza<\/strong>, cumprimentou a todos, em especial ao Dr. Guilherme Carvalho pelo brilhante trabalho que tem feito frente \u00e0 Unicred. Parabenizou toda diretoria, e os servidores em geral, destacando quem serve o cafezinho e cuida da limpeza. \u201cMerece o nosso aplauso e reconhecimento\u201d.<\/p>\n\n\n\n<pre class=\"wp-block-verse\"><strong>UNICRED TR\u00caS VALES: Presidente do Conselho de Administra\u00e7\u00e3o:<\/strong> Dr. Guilherme de Oliveira Carvalho; <strong>Primeiro Vice-Presidente:<\/strong> Dr. Jos\u00e9 Ant\u00f4nio de Carvalho Soares; <strong>Segundo Vice-Presidente:<\/strong> Dr. Hermann Paulo Marx. <strong>Conselho de Administra\u00e7\u00e3o:<\/strong> Doutores, Agildo Pereira Leal, Fausto Goulart Caminhas, Jos\u00e9 Fel\u00edcio R\u00eago, Marcelo Lopes Tomich, Nicolau Bracks Sobrinho e Wallacy Marcelo Bai\u00e3o Brumano. <strong>Conselho Fiscal:<\/strong> C\u00e1ssio Guimar\u00e3es, Marc\u00edlio Onofri J\u00fanior e Marinalva Augusta Pereira. <strong>Diretora Superintendente:<\/strong> C\u00e9lia Coelho Silva; <strong>Diretora de Opera\u00e7\u00f5es e Riscos:<\/strong> Edineide Eliote Lopes. <\/pre>\n\n\n\n<h3 class=\"wp-block-heading\"><strong>Unicred Tr\u00eas Vales: <\/strong>Rua Desembargador Eust\u00e1quio Peixoto, 20, Centro \u2013 Te\u00f3filo Otoni &#8211; Minas Gerais.<\/h3>\n\n\n\n<figure class=\"wp-block-gallery has-nested-images columns-default is-cropped wp-block-gallery-3 is-layout-flex wp-block-gallery-is-layout-flex\">\n<figure class=\"wp-block-image size-large is-style-default\"><img loading=\"lazy\" decoding=\"async\" width=\"600\" height=\"398\" data-id=\"24235\" src=\"https:\/\/diariotribuna.com.br\/wp-content\/uploads\/2024\/04\/13-1.jpg\" alt=\"\" class=\"wp-image-24235\" srcset=\"https:\/\/diariotribuna.com.br\/wp-content\/uploads\/2024\/04\/13-1.jpg 600w, https:\/\/diariotribuna.com.br\/wp-content\/uploads\/2024\/04\/13-1-300x199.jpg 300w\" sizes=\"(max-width: 600px) 100vw, 600px\" \/><\/figure>\n\n\n\n<figure class=\"wp-block-image size-large is-style-default\"><img loading=\"lazy\" decoding=\"async\" width=\"600\" height=\"398\" data-id=\"24229\" src=\"https:\/\/diariotribuna.com.br\/wp-content\/uploads\/2024\/04\/15-1.jpg\" alt=\"\" class=\"wp-image-24229\" srcset=\"https:\/\/diariotribuna.com.br\/wp-content\/uploads\/2024\/04\/15-1.jpg 600w, https:\/\/diariotribuna.com.br\/wp-content\/uploads\/2024\/04\/15-1-300x199.jpg 300w\" sizes=\"(max-width: 600px) 100vw, 600px\" \/><\/figure>\n\n\n\n<figure class=\"wp-block-image size-large is-style-default\"><img loading=\"lazy\" decoding=\"async\" width=\"600\" height=\"398\" data-id=\"24228\" src=\"https:\/\/diariotribuna.com.br\/wp-content\/uploads\/2024\/04\/14-1.jpg\" alt=\"\" class=\"wp-image-24228\" srcset=\"https:\/\/diariotribuna.com.br\/wp-content\/uploads\/2024\/04\/14-1.jpg 600w, https:\/\/diariotribuna.com.br\/wp-content\/uploads\/2024\/04\/14-1-300x199.jpg 300w\" sizes=\"(max-width: 600px) 100vw, 600px\" \/><\/figure>\n\n\n\n<figure class=\"wp-block-image size-large is-style-default\"><img loading=\"lazy\" decoding=\"async\" width=\"600\" height=\"389\" data-id=\"24233\" src=\"https:\/\/diariotribuna.com.br\/wp-content\/uploads\/2024\/04\/30.jpg\" alt=\"\" class=\"wp-image-24233\" srcset=\"https:\/\/diariotribuna.com.br\/wp-content\/uploads\/2024\/04\/30.jpg 600w, https:\/\/diariotribuna.com.br\/wp-content\/uploads\/2024\/04\/30-300x195.jpg 300w\" sizes=\"(max-width: 600px) 100vw, 600px\" \/><\/figure>\n\n\n\n<figure class=\"wp-block-image size-large is-style-default\"><img loading=\"lazy\" decoding=\"async\" width=\"600\" height=\"398\" data-id=\"24230\" src=\"https:\/\/diariotribuna.com.br\/wp-content\/uploads\/2024\/04\/16-1.jpg\" alt=\"\" class=\"wp-image-24230\" srcset=\"https:\/\/diariotribuna.com.br\/wp-content\/uploads\/2024\/04\/16-1.jpg 600w, https:\/\/diariotribuna.com.br\/wp-content\/uploads\/2024\/04\/16-1-300x199.jpg 300w\" sizes=\"(max-width: 600px) 100vw, 600px\" \/><\/figure>\n\n\n\n<figure class=\"wp-block-image size-large is-style-default\"><img loading=\"lazy\" decoding=\"async\" width=\"600\" height=\"397\" data-id=\"24240\" src=\"https:\/\/diariotribuna.com.br\/wp-content\/uploads\/2024\/04\/29.jpg\" alt=\"\" class=\"wp-image-24240\" srcset=\"https:\/\/diariotribuna.com.br\/wp-content\/uploads\/2024\/04\/29.jpg 600w, https:\/\/diariotribuna.com.br\/wp-content\/uploads\/2024\/04\/29-300x199.jpg 300w\" sizes=\"(max-width: 600px) 100vw, 600px\" \/><\/figure>\n\n\n\n<figure class=\"wp-block-image size-large is-style-default\"><img loading=\"lazy\" decoding=\"async\" width=\"600\" height=\"427\" data-id=\"24239\" src=\"https:\/\/diariotribuna.com.br\/wp-content\/uploads\/2024\/04\/28.jpg\" alt=\"\" class=\"wp-image-24239\" srcset=\"https:\/\/diariotribuna.com.br\/wp-content\/uploads\/2024\/04\/28.jpg 600w, https:\/\/diariotribuna.com.br\/wp-content\/uploads\/2024\/04\/28-300x214.jpg 300w, https:\/\/diariotribuna.com.br\/wp-content\/uploads\/2024\/04\/28-100x70.jpg 100w, https:\/\/diariotribuna.com.br\/wp-content\/uploads\/2024\/04\/28-590x420.jpg 590w\" sizes=\"(max-width: 600px) 100vw, 600px\" \/><\/figure>\n\n\n\n<figure class=\"wp-block-image size-large is-style-default\"><img loading=\"lazy\" decoding=\"async\" width=\"600\" height=\"398\" data-id=\"24227\" src=\"https:\/\/diariotribuna.com.br\/wp-content\/uploads\/2024\/04\/19.jpg\" alt=\"\" class=\"wp-image-24227\" srcset=\"https:\/\/diariotribuna.com.br\/wp-content\/uploads\/2024\/04\/19.jpg 600w, https:\/\/diariotribuna.com.br\/wp-content\/uploads\/2024\/04\/19-300x199.jpg 300w\" sizes=\"(max-width: 600px) 100vw, 600px\" \/><\/figure>\n\n\n\n<figure class=\"wp-block-image size-large is-style-default\"><img loading=\"lazy\" decoding=\"async\" width=\"600\" height=\"393\" data-id=\"24238\" src=\"https:\/\/diariotribuna.com.br\/wp-content\/uploads\/2024\/04\/18.jpg\" alt=\"\" class=\"wp-image-24238\" srcset=\"https:\/\/diariotribuna.com.br\/wp-content\/uploads\/2024\/04\/18.jpg 600w, https:\/\/diariotribuna.com.br\/wp-content\/uploads\/2024\/04\/18-300x197.jpg 300w\" sizes=\"(max-width: 600px) 100vw, 600px\" \/><\/figure>\n\n\n\n<figure class=\"wp-block-image size-large is-style-default\"><img loading=\"lazy\" decoding=\"async\" width=\"600\" height=\"398\" data-id=\"24234\" src=\"https:\/\/diariotribuna.com.br\/wp-content\/uploads\/2024\/04\/22.jpg\" alt=\"\" class=\"wp-image-24234\" srcset=\"https:\/\/diariotribuna.com.br\/wp-content\/uploads\/2024\/04\/22.jpg 600w, https:\/\/diariotribuna.com.br\/wp-content\/uploads\/2024\/04\/22-300x199.jpg 300w\" sizes=\"(max-width: 600px) 100vw, 600px\" \/><\/figure>\n\n\n\n<figure class=\"wp-block-image size-large is-style-default\"><img loading=\"lazy\" decoding=\"async\" width=\"600\" height=\"398\" data-id=\"24224\" src=\"https:\/\/diariotribuna.com.br\/wp-content\/uploads\/2024\/04\/20.jpg\" alt=\"\" class=\"wp-image-24224\" srcset=\"https:\/\/diariotribuna.com.br\/wp-content\/uploads\/2024\/04\/20.jpg 600w, https:\/\/diariotribuna.com.br\/wp-content\/uploads\/2024\/04\/20-300x199.jpg 300w\" sizes=\"(max-width: 600px) 100vw, 600px\" \/><\/figure>\n\n\n\n<figure class=\"wp-block-image size-large is-style-default\"><img loading=\"lazy\" decoding=\"async\" width=\"600\" height=\"398\" data-id=\"24226\" src=\"https:\/\/diariotribuna.com.br\/wp-content\/uploads\/2024\/04\/23.jpg\" alt=\"\" class=\"wp-image-24226\" srcset=\"https:\/\/diariotribuna.com.br\/wp-content\/uploads\/2024\/04\/23.jpg 600w, https:\/\/diariotribuna.com.br\/wp-content\/uploads\/2024\/04\/23-300x199.jpg 300w\" sizes=\"(max-width: 600px) 100vw, 600px\" \/><\/figure>\n\n\n\n<figure class=\"wp-block-image size-large is-style-default\"><img loading=\"lazy\" decoding=\"async\" width=\"600\" height=\"398\" data-id=\"24232\" src=\"https:\/\/diariotribuna.com.br\/wp-content\/uploads\/2024\/04\/25.jpg\" alt=\"\" class=\"wp-image-24232\" srcset=\"https:\/\/diariotribuna.com.br\/wp-content\/uploads\/2024\/04\/25.jpg 600w, https:\/\/diariotribuna.com.br\/wp-content\/uploads\/2024\/04\/25-300x199.jpg 300w\" sizes=\"(max-width: 600px) 100vw, 600px\" \/><\/figure>\n\n\n\n<figure class=\"wp-block-image size-large is-style-default\"><img loading=\"lazy\" decoding=\"async\" width=\"600\" height=\"398\" data-id=\"24236\" src=\"https:\/\/diariotribuna.com.br\/wp-content\/uploads\/2024\/04\/24.jpg\" alt=\"\" class=\"wp-image-24236\" srcset=\"https:\/\/diariotribuna.com.br\/wp-content\/uploads\/2024\/04\/24.jpg 600w, https:\/\/diariotribuna.com.br\/wp-content\/uploads\/2024\/04\/24-300x199.jpg 300w\" sizes=\"(max-width: 600px) 100vw, 600px\" \/><\/figure>\n\n\n\n<figure class=\"wp-block-image size-large is-style-default\"><img loading=\"lazy\" decoding=\"async\" width=\"600\" height=\"391\" data-id=\"24231\" src=\"https:\/\/diariotribuna.com.br\/wp-content\/uploads\/2024\/04\/27.jpg\" alt=\"\" class=\"wp-image-24231\" srcset=\"https:\/\/diariotribuna.com.br\/wp-content\/uploads\/2024\/04\/27.jpg 600w, https:\/\/diariotribuna.com.br\/wp-content\/uploads\/2024\/04\/27-300x196.jpg 300w\" sizes=\"(max-width: 600px) 100vw, 600px\" \/><\/figure>\n\n\n\n<figure class=\"wp-block-image size-large is-style-default\"><img loading=\"lazy\" decoding=\"async\" width=\"600\" height=\"398\" data-id=\"24237\" src=\"https:\/\/diariotribuna.com.br\/wp-content\/uploads\/2024\/04\/26.jpg\" alt=\"\" class=\"wp-image-24237\" srcset=\"https:\/\/diariotribuna.com.br\/wp-content\/uploads\/2024\/04\/26.jpg 600w, https:\/\/diariotribuna.com.br\/wp-content\/uploads\/2024\/04\/26-300x199.jpg 300w\" sizes=\"(max-width: 600px) 100vw, 600px\" \/><\/figure>\n\n\n\n<figure class=\"wp-block-image size-large is-style-default\"><img loading=\"lazy\" decoding=\"async\" width=\"600\" height=\"398\" data-id=\"24225\" src=\"https:\/\/diariotribuna.com.br\/wp-content\/uploads\/2024\/04\/17-2.jpg\" alt=\"\" class=\"wp-image-24225\" srcset=\"https:\/\/diariotribuna.com.br\/wp-content\/uploads\/2024\/04\/17-2.jpg 600w, https:\/\/diariotribuna.com.br\/wp-content\/uploads\/2024\/04\/17-2-300x199.jpg 300w\" sizes=\"(max-width: 600px) 100vw, 600px\" \/><\/figure>\n<\/figure>\n\n\n\n<h3 class=\"wp-block-heading\"><strong>(Texto\/Fotos-Cr\u00e9ditos: Di\u00e1rio Tribuna).<\/strong><\/h3>\n","protected":false},"excerpt":{"rendered":"<p>Com 27 anos em Te\u00f3filo Otoni, a Unicred ganhou nova sede como ag\u00eancia premium, do jeito que o cooperado merece A Unicred Tr\u00eas Vales inaugurou na noite de quinta-feira, dia 11 de abril, sua nova sede na \u00e1rea central de Te\u00f3filo Otoni, numa solenidade bastante prestigiada, com coquetel de confraterniza\u00e7\u00e3o, ao som de musicistas que [&hellip;]<\/p>\n","protected":false},"author":1,"featured_media":24210,"comment_status":"open","ping_status":"open","sticky":false,"template":"","format":"standard","meta":{"rop_custom_images_group":[],"rop_custom_messages_group":[],"rop_publish_now":"initial","rop_publish_now_accounts":[],"rop_publish_now_history":[],"rop_publish_now_status":"pending","footnotes":""},"categories":[25,17],"tags":[6214,6220,245,3495,75,6219],"class_list":["post-24209","post","type-post","status-publish","format-standard","has-post-thumbnail","hentry","category-destaque","category-teofilootoni","tag-agencia","tag-coquetel","tag-inauguracao","tag-nova-sede","tag-teofilo-otoni","tag-unicred-tres-vales"],"_links":{"self":[{"href":"https:\/\/diariotribuna.com.br\/index.php?rest_route=\/wp\/v2\/posts\/24209"}],"collection":[{"href":"https:\/\/diariotribuna.com.br\/index.php?rest_route=\/wp\/v2\/posts"}],"about":[{"href":"https:\/\/diariotribuna.com.br\/index.php?rest_route=\/wp\/v2\/types\/post"}],"author":[{"embeddable":true,"href":"https:\/\/diariotribuna.com.br\/index.php?rest_route=\/wp\/v2\/users\/1"}],"replies":[{"embeddable":true,"href":"https:\/\/diariotribuna.com.br\/index.php?rest_route=%2Fwp%2Fv2%2Fcomments&post=24209"}],"version-history":[{"count":8,"href":"https:\/\/diariotribuna.com.br\/index.php?rest_route=\/wp\/v2\/posts\/24209\/revisions"}],"predecessor-version":[{"id":24249,"href":"https:\/\/diariotribuna.com.br\/index.php?rest_route=\/wp\/v2\/posts\/24209\/revisions\/24249"}],"wp:featuredmedia":[{"embeddable":true,"href":"https:\/\/diariotribuna.com.br\/index.php?rest_route=\/wp\/v2\/media\/24210"}],"wp:attachment":[{"href":"https:\/\/diariotribuna.com.br\/index.php?rest_route=%2Fwp%2Fv2%2Fmedia&parent=24209"}],"wp:term":[{"taxonomy":"category","embeddable":true,"href":"https:\/\/diariotribuna.com.br\/index.php?rest_route=%2Fwp%2Fv2%2Fcategories&post=24209"},{"taxonomy":"post_tag","embeddable":true,"href":"https:\/\/diariotribuna.com.br\/index.php?rest_route=%2Fwp%2Fv2%2Ftags&post=24209"}],"curies":[{"name":"wp","href":"https:\/\/api.w.org\/{rel}","templated":true}]}}