{"id":24314,"date":"2024-04-20T23:42:10","date_gmt":"2024-04-21T02:42:10","guid":{"rendered":"https:\/\/diariotribuna.com.br\/?p=24314"},"modified":"2024-04-20T23:42:28","modified_gmt":"2024-04-21T02:42:28","slug":"motorista-morre-apos-colidir-seu-carro-em-caminhao-na-mgc-418-em-teofilo-otoni","status":"publish","type":"post","link":"https:\/\/diariotribuna.com.br\/?p=24314","title":{"rendered":"Motorista morre ap\u00f3s colidir seu carro em caminh\u00e3o, na MGC 418, em Te\u00f3filo Otoni"},"content":{"rendered":"\n<figure class=\"wp-block-gallery has-nested-images columns-default is-cropped wp-block-gallery-1 is-layout-flex wp-block-gallery-is-layout-flex\">\n<figure class=\"wp-block-image size-large is-style-default\"><img loading=\"lazy\" decoding=\"async\" width=\"700\" height=\"350\" data-id=\"24317\" src=\"https:\/\/diariotribuna.com.br\/wp-content\/uploads\/2024\/04\/389f1cea-473c-4f9f-831e-01253133e7a2.jpg\" alt=\"\" class=\"wp-image-24317\" srcset=\"https:\/\/diariotribuna.com.br\/wp-content\/uploads\/2024\/04\/389f1cea-473c-4f9f-831e-01253133e7a2.jpg 700w, https:\/\/diariotribuna.com.br\/wp-content\/uploads\/2024\/04\/389f1cea-473c-4f9f-831e-01253133e7a2-300x150.jpg 300w, https:\/\/diariotribuna.com.br\/wp-content\/uploads\/2024\/04\/389f1cea-473c-4f9f-831e-01253133e7a2-696x348.jpg 696w\" sizes=\"(max-width: 700px) 100vw, 700px\" \/><\/figure>\n\n\n\n<figure class=\"wp-block-image size-large is-style-default\"><img loading=\"lazy\" decoding=\"async\" width=\"700\" height=\"329\" data-id=\"24316\" src=\"https:\/\/diariotribuna.com.br\/wp-content\/uploads\/2024\/04\/73513833-7a1a-494f-82a7-c9a860367b75.jpg\" alt=\"\" class=\"wp-image-24316\" srcset=\"https:\/\/diariotribuna.com.br\/wp-content\/uploads\/2024\/04\/73513833-7a1a-494f-82a7-c9a860367b75.jpg 700w, https:\/\/diariotribuna.com.br\/wp-content\/uploads\/2024\/04\/73513833-7a1a-494f-82a7-c9a860367b75-300x141.jpg 300w, https:\/\/diariotribuna.com.br\/wp-content\/uploads\/2024\/04\/73513833-7a1a-494f-82a7-c9a860367b75-696x327.jpg 696w\" sizes=\"(max-width: 700px) 100vw, 700px\" \/><\/figure>\n\n\n\n<figure class=\"wp-block-image size-large is-style-default\"><img loading=\"lazy\" decoding=\"async\" width=\"700\" height=\"327\" data-id=\"24315\" src=\"https:\/\/diariotribuna.com.br\/wp-content\/uploads\/2024\/04\/776a026b-3d5d-4a94-b772-608d9d41f7cf.jpg\" alt=\"\" class=\"wp-image-24315\" srcset=\"https:\/\/diariotribuna.com.br\/wp-content\/uploads\/2024\/04\/776a026b-3d5d-4a94-b772-608d9d41f7cf.jpg 700w, https:\/\/diariotribuna.com.br\/wp-content\/uploads\/2024\/04\/776a026b-3d5d-4a94-b772-608d9d41f7cf-300x140.jpg 300w, https:\/\/diariotribuna.com.br\/wp-content\/uploads\/2024\/04\/776a026b-3d5d-4a94-b772-608d9d41f7cf-696x325.jpg 696w\" sizes=\"(max-width: 700px) 100vw, 700px\" \/><\/figure>\n<\/figure>\n\n\n\n<p>A Pol\u00edcia Militar Rodovi\u00e1ria foi acionada, na sexta-feira (19\/4), a comparecer na rodovia MGC 418, km 156, em Te\u00f3filo Otoni, na regi\u00e3o do conhecido &#8220;Curvou Parou&#8221;, para atender uma grave colis\u00e3o entre um autom\u00f3vel VW Gol branco, e um caminh\u00e3o Mercedes Benz vermelho, de Contagem\/MG. No local os militares depararam com uma cena muito triste, com o carro bastante danificado e o condutor aparentemente sem vida.&nbsp; A pista foi sinalizada para evitar novos acidentes.<\/p>\n\n\n\n<p>Na vers\u00e3o do caminhoneiro, ele trafegava sentido Te\u00f3filo Otoni, quando surgiu o VW Gol, invadiu a contram\u00e3o na curva e colidiu frontalmente no caminh\u00e3o. Com o impacto perdeu o controle e o caminh\u00e3o desceu um barranco \u00e0s margens da rodovia. Para sair precisou quebrar o vidro dianteiro. Devido \u00e0s fortes dores no t\u00f3rax e abd\u00f4men, foi socorrido pelo Samu e encaminhado \u00e0 Unidade de Pronto Atendimento (UPA), onde ficou sob observa\u00e7\u00e3o. Ele foi submetido ao teste do etil\u00f4metro\/baf\u00f4metro, com resultado negativo para o uso de \u00e1lcool.<\/p>\n\n\n\n<p>Segundo a PM Rodovi\u00e1ria, \u00b4pela din\u00e2mica do acidente o VW Gol saiu da pista, interditando parcialmente a via, o condutor de 30 anos foi ejetado para fora e lamentavelmente faleceu. A per\u00edcia t\u00e9cnica fez os seus trabalhos e removeu o corpo para o IML de Te\u00f3filo Otoni, para necropsia. As duas passageiras, m\u00e3e e a filha de 7 anos, que tiveram escoria\u00e7\u00f5es pelo corpo, foram socorridas por terceiros e tamb\u00e9m levadas \u00e0 UPA, antes da chegada dos policiais. A crian\u00e7a recebeu o primeiro atendimento na UPA e foi encaminhada ao hospital Santa Ros\u00e1lia.<\/p>\n\n\n\n<p>A passageira disse aos militares, que seria namorada do condutor do carro, que ele havia consumido bebida alco\u00f3lica, tomando v\u00e1rias latas de cerveja antes de viajarem, por\u00e9m n\u00e3o se recordava do acidente. \u201cMais uma vez alertamos que a mistura \u00e1lcool e dire\u00e7\u00e3o \u00e9 uma das principais causas de mortes no tr\u00e2nsito, pois o condutor perde e muito a capacidade de controle do ve\u00edculo\u201d, alerta o tenente Reinaldo.<\/p>\n\n\n\n<p>O tenente ressalta que, as causas ser\u00e3o esclarecidas no inqu\u00e9rito policial ou no processo para confirmar ou n\u00e3o a vers\u00e3o apresentada pelo caminhoneiro, mas tem recebido informa\u00e7\u00f5es de ve\u00edculos invadindo a contram\u00e3o nesse per\u00edodo de reforma da MGC 418. \u201cIsso tem acontecido tanto pela falta de sinaliza\u00e7\u00e3o horizontal em alguns trechos, quanto pelo excesso de velocidade de alguns condutores ap\u00f3s a melhoria da pavimenta\u00e7\u00e3o\u201d.<\/p>\n\n\n\n<p>Alerta mais vez aos motoristas quanto a necessidade de reduzirem a velocidade, devido a MGC 418 ser bastante sinuosa e com a pavimenta\u00e7\u00e3o nova e sem a sinaliza\u00e7\u00e3o horizontal, o excesso de velocidade tende a aumentar os riscos de invas\u00e3o da pista contr\u00e1ria, colis\u00f5es e capotamentos. \u201cInfelizmente perdemos duas vidas em dois dias, ambas em colis\u00f5es, sendo esta na MGC 418, e o idoso motociclista que atingiu a traseira do \u00f4nibus escolar na MG 217, em Pot\u00e9\u201d, lamentou. (Informa\u00e7\u00f5es\/Fotos: tenente Reinaldo Martins, comandante do 1\u00ba Pelot\u00e3o da 15\u00aa Cia PM Rodovi\u00e1ria).<\/p>\n","protected":false},"excerpt":{"rendered":"<p>A Pol\u00edcia Militar Rodovi\u00e1ria foi acionada, na sexta-feira (19\/4), a comparecer na rodovia MGC 418, km 156, em Te\u00f3filo Otoni, na regi\u00e3o do conhecido &#8220;Curvou Parou&#8221;, para atender uma grave colis\u00e3o entre um autom\u00f3vel VW Gol branco, e um caminh\u00e3o Mercedes Benz vermelho, de Contagem\/MG. No local os militares depararam com uma cena muito triste, [&hellip;]<\/p>\n","protected":false},"author":1,"featured_media":24317,"comment_status":"open","ping_status":"open","sticky":false,"template":"","format":"standard","meta":{"rop_custom_images_group":[],"rop_custom_messages_group":[],"rop_publish_now":"initial","rop_publish_now_accounts":[],"rop_publish_now_history":[],"rop_publish_now_status":"pending","footnotes":""},"categories":[25,19],"tags":[6039,1436,5176,688,735,75],"class_list":["post-24314","post","type-post","status-publish","format-standard","has-post-thumbnail","hentry","category-destaque","category-gerais","tag-1-fatal","tag-15a-cia-pm-rv","tag-carro-x-caminhao","tag-colisao","tag-mgc-418","tag-teofilo-otoni"],"_links":{"self":[{"href":"https:\/\/diariotribuna.com.br\/index.php?rest_route=\/wp\/v2\/posts\/24314"}],"collection":[{"href":"https:\/\/diariotribuna.com.br\/index.php?rest_route=\/wp\/v2\/posts"}],"about":[{"href":"https:\/\/diariotribuna.com.br\/index.php?rest_route=\/wp\/v2\/types\/post"}],"author":[{"embeddable":true,"href":"https:\/\/diariotribuna.com.br\/index.php?rest_route=\/wp\/v2\/users\/1"}],"replies":[{"embeddable":true,"href":"https:\/\/diariotribuna.com.br\/index.php?rest_route=%2Fwp%2Fv2%2Fcomments&post=24314"}],"version-history":[{"count":1,"href":"https:\/\/diariotribuna.com.br\/index.php?rest_route=\/wp\/v2\/posts\/24314\/revisions"}],"predecessor-version":[{"id":24318,"href":"https:\/\/diariotribuna.com.br\/index.php?rest_route=\/wp\/v2\/posts\/24314\/revisions\/24318"}],"wp:featuredmedia":[{"embeddable":true,"href":"https:\/\/diariotribuna.com.br\/index.php?rest_route=\/wp\/v2\/media\/24317"}],"wp:attachment":[{"href":"https:\/\/diariotribuna.com.br\/index.php?rest_route=%2Fwp%2Fv2%2Fmedia&parent=24314"}],"wp:term":[{"taxonomy":"category","embeddable":true,"href":"https:\/\/diariotribuna.com.br\/index.php?rest_route=%2Fwp%2Fv2%2Fcategories&post=24314"},{"taxonomy":"post_tag","embeddable":true,"href":"https:\/\/diariotribuna.com.br\/index.php?rest_route=%2Fwp%2Fv2%2Ftags&post=24314"}],"curies":[{"name":"wp","href":"https:\/\/api.w.org\/{rel}","templated":true}]}}