{"id":24322,"date":"2024-04-22T10:23:47","date_gmt":"2024-04-22T13:23:47","guid":{"rendered":"https:\/\/diariotribuna.com.br\/?p=24322"},"modified":"2024-04-23T09:25:06","modified_gmt":"2024-04-23T12:25:06","slug":"diario-tribuna-22-de-abril-de-2024-teofilo-otoni-mg","status":"publish","type":"post","link":"https:\/\/diariotribuna.com.br\/?p=24322","title":{"rendered":"Di\u00e1rio Tribuna, 22 de Abril de 2024, Te\u00f3filo Otoni &#8211; MG"},"content":{"rendered":"\n<figure class=\"wp-block-image size-full is-resized is-style-default\"><img loading=\"lazy\" decoding=\"async\" width=\"700\" height=\"996\" src=\"https:\/\/diariotribuna.com.br\/wp-content\/uploads\/2024\/04\/989014ad-01c6-42ac-95d0-5aacb7a23ac3.jpg\" alt=\"\" class=\"wp-image-24324\" style=\"width:381px;height:auto\" srcset=\"https:\/\/diariotribuna.com.br\/wp-content\/uploads\/2024\/04\/989014ad-01c6-42ac-95d0-5aacb7a23ac3.jpg 700w, https:\/\/diariotribuna.com.br\/wp-content\/uploads\/2024\/04\/989014ad-01c6-42ac-95d0-5aacb7a23ac3-211x300.jpg 211w, https:\/\/diariotribuna.com.br\/wp-content\/uploads\/2024\/04\/989014ad-01c6-42ac-95d0-5aacb7a23ac3-696x990.jpg 696w, https:\/\/diariotribuna.com.br\/wp-content\/uploads\/2024\/04\/989014ad-01c6-42ac-95d0-5aacb7a23ac3-295x420.jpg 295w\" sizes=\"(max-width: 700px) 100vw, 700px\" \/><\/figure>\n\n\n\n<h2 class=\"wp-block-heading\"><strong><strong><mark style=\"background-color:rgba(0, 0, 0, 0)\" class=\"has-inline-color has-vivid-red-color\">Acesse o link abaixo e veja a edi\u00e7\u00e3o completa do Di\u00e1rio Tribuna desta segunda-feira (22\/4)<\/mark><\/strong><\/strong><\/h2>\n\n\n\n<h2 class=\"wp-block-heading\"><a href=\"https:\/\/diariotribuna.com.br\/wp-content\/uploads\/2024\/04\/DIARIO-TRIBUNA-54-ANOS-22-ABRIL-2024.pdf\"><strong><mark style=\"background-color:rgba(0, 0, 0, 0)\" class=\"has-inline-color has-vivid-red-color\">https:\/\/diariotribuna.com.br\/wp-content\/uploads\/2024\/04\/DIARIO-TRIBUNA-54-ANOS-22-ABRIL-2024.pdf<\/mark><\/strong><\/a><\/h2>\n","protected":false},"excerpt":{"rendered":"<p>Acesse o link abaixo e veja a edi\u00e7\u00e3o completa do Di\u00e1rio Tribuna desta segunda-feira (22\/4) https:\/\/diariotribuna.com.br\/wp-content\/uploads\/2024\/04\/DIARIO-TRIBUNA-54-ANOS-22-ABRIL-2024.pdf<\/p>\n","protected":false},"author":1,"featured_media":24324,"comment_status":"open","ping_status":"open","sticky":false,"template":"","format":"standard","meta":{"rop_custom_images_group":[],"rop_custom_messages_group":[],"rop_publish_now":"initial","rop_publish_now_accounts":[],"rop_publish_now_history":[],"rop_publish_now_status":"pending","footnotes":""},"categories":[17,23],"tags":[42,1010,75,867],"class_list":["post-24322","post","type-post","status-publish","format-standard","has-post-thumbnail","hentry","category-teofilootoni","category-ultimaedicao","tag-diario-tribuna","tag-nordeste-mineiro","tag-teofilo-otoni","tag-vale-do-mucuri"],"_links":{"self":[{"href":"https:\/\/diariotribuna.com.br\/index.php?rest_route=\/wp\/v2\/posts\/24322"}],"collection":[{"href":"https:\/\/diariotribuna.com.br\/index.php?rest_route=\/wp\/v2\/posts"}],"about":[{"href":"https:\/\/diariotribuna.com.br\/index.php?rest_route=\/wp\/v2\/types\/post"}],"author":[{"embeddable":true,"href":"https:\/\/diariotribuna.com.br\/index.php?rest_route=\/wp\/v2\/users\/1"}],"replies":[{"embeddable":true,"href":"https:\/\/diariotribuna.com.br\/index.php?rest_route=%2Fwp%2Fv2%2Fcomments&post=24322"}],"version-history":[{"count":1,"href":"https:\/\/diariotribuna.com.br\/index.php?rest_route=\/wp\/v2\/posts\/24322\/revisions"}],"predecessor-version":[{"id":24325,"href":"https:\/\/diariotribuna.com.br\/index.php?rest_route=\/wp\/v2\/posts\/24322\/revisions\/24325"}],"wp:featuredmedia":[{"embeddable":true,"href":"https:\/\/diariotribuna.com.br\/index.php?rest_route=\/wp\/v2\/media\/24324"}],"wp:attachment":[{"href":"https:\/\/diariotribuna.com.br\/index.php?rest_route=%2Fwp%2Fv2%2Fmedia&parent=24322"}],"wp:term":[{"taxonomy":"category","embeddable":true,"href":"https:\/\/diariotribuna.com.br\/index.php?rest_route=%2Fwp%2Fv2%2Fcategories&post=24322"},{"taxonomy":"post_tag","embeddable":true,"href":"https:\/\/diariotribuna.com.br\/index.php?rest_route=%2Fwp%2Fv2%2Ftags&post=24322"}],"curies":[{"name":"wp","href":"https:\/\/api.w.org\/{rel}","templated":true}]}}