{"id":24326,"date":"2024-04-22T20:55:42","date_gmt":"2024-04-22T23:55:42","guid":{"rendered":"https:\/\/diariotribuna.com.br\/?p=24326"},"modified":"2024-04-23T23:42:40","modified_gmt":"2024-04-24T02:42:40","slug":"teofilo-otoni-esta-entre-os-municipios-finalistas-no-premio-sebrae-prefeitura-empreendedora","status":"publish","type":"post","link":"https:\/\/diariotribuna.com.br\/?p=24326","title":{"rendered":"Te\u00f3filo Otoni est\u00e1 entre os munic\u00edpios finalistas no Pr\u00eamio Sebrae Prefeitura Empreendedora"},"content":{"rendered":"\n<p><em><strong><mark style=\"background-color:rgba(0, 0, 0, 0);color:#0d86d0\" class=\"has-inline-color\">Te\u00f3filo Otoni conquista 2\u00ba e 3\u00ba lugar nas categorias Empreendedorismo Rural e Sustentabilidade &amp; Meio Ambiente<\/mark><\/strong><\/em><\/p>\n\n\n\n<figure class=\"wp-block-image size-full is-resized is-style-default\"><img loading=\"lazy\" decoding=\"async\" width=\"700\" height=\"410\" src=\"https:\/\/diariotribuna.com.br\/wp-content\/uploads\/2024\/04\/1-3.jpg\" alt=\"\" class=\"wp-image-24327\" style=\"width:582px;height:auto\" srcset=\"https:\/\/diariotribuna.com.br\/wp-content\/uploads\/2024\/04\/1-3.jpg 700w, https:\/\/diariotribuna.com.br\/wp-content\/uploads\/2024\/04\/1-3-300x176.jpg 300w, https:\/\/diariotribuna.com.br\/wp-content\/uploads\/2024\/04\/1-3-696x408.jpg 696w\" sizes=\"(max-width: 700px) 100vw, 700px\" \/><\/figure>\n\n\n\n<p>O munic\u00edpio de Te\u00f3filo Otoni conquistou dois trof\u00e9us no XXII Pr\u00eamio Sebrae Prefeitura Empreendedora nas categorias Empreendedorismo Rural e Sustentabilidade &amp; Meio Ambiente. A cidade se classificou no 3\u00ba e 2\u00ba lugar, respectivamente. Ao todo foram 10 categorias premiadas nas mais diversas atua\u00e7\u00f5es da gest\u00e3o p\u00fablica. Te\u00f3filo Otoni apresentou dois projetos inovadores da gest\u00e3o municipal: Programa de Acelera\u00e7\u00e3o do Saneamento (2\u00ba lugar) e o Programa Frutifica Te\u00f3 (3\u00ba lugar).<\/p>\n\n\n\n<figure class=\"wp-block-image size-full is-resized is-style-default\"><img loading=\"lazy\" decoding=\"async\" width=\"600\" height=\"383\" src=\"https:\/\/diariotribuna.com.br\/wp-content\/uploads\/2024\/04\/2-4.jpg\" alt=\"\" class=\"wp-image-24330\" style=\"width:556px;height:auto\" srcset=\"https:\/\/diariotribuna.com.br\/wp-content\/uploads\/2024\/04\/2-4.jpg 600w, https:\/\/diariotribuna.com.br\/wp-content\/uploads\/2024\/04\/2-4-300x192.jpg 300w\" sizes=\"(max-width: 600px) 100vw, 600px\" \/><\/figure>\n\n\n\n<p>O an\u00fancio dos vencedores da etapa estadual da premia\u00e7\u00e3o aconteceu em uma cerim\u00f4nia na capital mineira na quarta-feira (17\/4), com a presen\u00e7a de diversas autoridades. Representaram a Capital das Pedras Preciosas, o prefeito Daniel Sucupira, o secret\u00e1rio de Servi\u00e7os Urbanos Tarcirlei de Brito, o vereador e presidente do Conselho Municipal de Saneamento B\u00e1sico, Serginho da Agropecu\u00e1ria, a coordenadora do Projeto Frutifica Te\u00f3, Maria de Lourdes e a engenheira ambiental e sanitarista, Joanne Jardim.<\/p>\n\n\n\n<figure class=\"wp-block-gallery has-nested-images columns-default is-cropped wp-block-gallery-1 is-layout-flex wp-block-gallery-is-layout-flex\">\n<figure class=\"wp-block-image size-large is-style-default\"><img loading=\"lazy\" decoding=\"async\" width=\"600\" height=\"338\" data-id=\"24333\" src=\"https:\/\/diariotribuna.com.br\/wp-content\/uploads\/2024\/04\/eb9a2a8b-447f-4425-b4c9-e0fbb8dd3610.jpg\" alt=\"\" class=\"wp-image-24333\" srcset=\"https:\/\/diariotribuna.com.br\/wp-content\/uploads\/2024\/04\/eb9a2a8b-447f-4425-b4c9-e0fbb8dd3610.jpg 600w, https:\/\/diariotribuna.com.br\/wp-content\/uploads\/2024\/04\/eb9a2a8b-447f-4425-b4c9-e0fbb8dd3610-300x169.jpg 300w\" sizes=\"(max-width: 600px) 100vw, 600px\" \/><\/figure>\n\n\n\n<figure class=\"wp-block-image size-large is-style-default\"><img loading=\"lazy\" decoding=\"async\" width=\"600\" height=\"407\" data-id=\"24334\" src=\"https:\/\/diariotribuna.com.br\/wp-content\/uploads\/2024\/04\/3-4.jpg\" alt=\"\" class=\"wp-image-24334\" srcset=\"https:\/\/diariotribuna.com.br\/wp-content\/uploads\/2024\/04\/3-4.jpg 600w, https:\/\/diariotribuna.com.br\/wp-content\/uploads\/2024\/04\/3-4-300x204.jpg 300w\" sizes=\"(max-width: 600px) 100vw, 600px\" \/><\/figure>\n<\/figure>\n\n\n\n<p><strong>Sustentabilidade &amp; Meio Ambiente &#8211;<\/strong> O Pr\u00eamio do Sebrae reconheceu os avan\u00e7os do governo municipal no Programa de Acelera\u00e7\u00e3o do Saneamento que tem trazido cada vez mais benef\u00edcios, principalmente na zona rural. Isso porque as comunidades que vivem no campo s\u00e3o as que mais sofrem com a escassez hist\u00f3rica de \u00e1gua. Essa realidade j\u00e1 est\u00e1 transformada para milhares de fam\u00edlias com abertura de po\u00e7os artesianos e sistemas de abastecimento de \u00e1gua tratada, limpeza de fossas rudimentares e instala\u00e7\u00e3o de fossas s\u00e9pticas, coleta seletiva de res\u00edduos, aquisi\u00e7\u00e3o de ve\u00edculos pr\u00f3prios para o servi\u00e7o de saneamento e a energia solar.<\/p>\n\n\n\n<figure class=\"wp-block-image size-full is-resized is-style-default\"><img loading=\"lazy\" decoding=\"async\" width=\"600\" height=\"338\" src=\"https:\/\/diariotribuna.com.br\/wp-content\/uploads\/2024\/04\/f96bd51f-3d09-40b1-aee3-d766dd26746b.jpg\" alt=\"\" class=\"wp-image-24328\" style=\"width:505px;height:auto\" srcset=\"https:\/\/diariotribuna.com.br\/wp-content\/uploads\/2024\/04\/f96bd51f-3d09-40b1-aee3-d766dd26746b.jpg 600w, https:\/\/diariotribuna.com.br\/wp-content\/uploads\/2024\/04\/f96bd51f-3d09-40b1-aee3-d766dd26746b-300x169.jpg 300w\" sizes=\"(max-width: 600px) 100vw, 600px\" \/><\/figure>\n\n\n\n<p>S\u00e3o mais de 2.000 fam\u00edlias beneficiadas com o programa em 30 localidades rurais, sendo nove que j\u00e1 receberam o sistema simplificado de abastecimento de \u00e1gua a partir de energia sustent\u00e1vel: C\u00f3rrego Novo, Pedreira Ramos, Cotovelo, Breja\u00faba de Barra Nova, Turma 36, Cardoso, Quilombo dos Roxos, Bonfim. \u00c9 o governo municipal investindo em sustentabilidade, o que resulta em economia para os cofres p\u00fablicos.<\/p>\n\n\n\n<p><strong>Empreendedorismo Rural &#8211;<\/strong> J\u00e1 nesta categoria, o munic\u00edpio apresentou o Programa Frutifica Te\u00f3, principal investimento da atual gest\u00e3o na agricultura familiar, gerando trabalho, renda e diversifica\u00e7\u00e3o na produ\u00e7\u00e3o rural. O Programa Frutifica Te\u00f3 deriva do Projeto Frutificar, que j\u00e1 conta com quatro anos e tem transformado a cada dia a vida de centenas de agricultores do munic\u00edpio. O Frutifica Te\u00f3, vem proporcionando aos agricultores assist\u00eancia t\u00e9cnica, doa\u00e7\u00e3o de mudas e suporte no preparo da terra, bem como no escoamento da produ\u00e7\u00e3o. \u201cA gest\u00e3o municipal muito se alegra com o resultado da premia\u00e7\u00e3o, uma vez que, com tais iniciativas inovadoras e que promovem melhor qualidade de vida aos cidad\u00e3os, Te\u00f3filo Otoni se torna um exemplo para outras prefeituras\u201d.<\/p>\n\n\n\n<figure class=\"wp-block-image size-full is-resized is-style-default\"><img loading=\"lazy\" decoding=\"async\" width=\"600\" height=\"338\" src=\"https:\/\/diariotribuna.com.br\/wp-content\/uploads\/2024\/04\/d44937b5-e07a-4996-8bb7-e4f2862ee0f1.jpg\" alt=\"\" class=\"wp-image-24329\" style=\"width:513px;height:auto\" srcset=\"https:\/\/diariotribuna.com.br\/wp-content\/uploads\/2024\/04\/d44937b5-e07a-4996-8bb7-e4f2862ee0f1.jpg 600w, https:\/\/diariotribuna.com.br\/wp-content\/uploads\/2024\/04\/d44937b5-e07a-4996-8bb7-e4f2862ee0f1-300x169.jpg 300w\" sizes=\"(max-width: 600px) 100vw, 600px\" \/><\/figure>\n","protected":false},"excerpt":{"rendered":"<p>Te\u00f3filo Otoni conquista 2\u00ba e 3\u00ba lugar nas categorias Empreendedorismo Rural e Sustentabilidade &amp; Meio Ambiente O munic\u00edpio de Te\u00f3filo Otoni conquistou dois trof\u00e9us no XXII Pr\u00eamio Sebrae Prefeitura Empreendedora nas categorias Empreendedorismo Rural e Sustentabilidade &amp; Meio Ambiente. A cidade se classificou no 3\u00ba e 2\u00ba lugar, respectivamente. Ao todo foram 10 categorias premiadas [&hellip;]<\/p>\n","protected":false},"author":1,"featured_media":24327,"comment_status":"open","ping_status":"open","sticky":false,"template":"","format":"standard","meta":{"rop_custom_images_group":[],"rop_custom_messages_group":[],"rop_publish_now":"initial","rop_publish_now_accounts":[],"rop_publish_now_history":[],"rop_publish_now_status":"pending","footnotes":""},"categories":[17],"tags":[91,6233,572,75],"class_list":["post-24326","post","type-post","status-publish","format-standard","has-post-thumbnail","hentry","category-teofilootoni","tag-minas","tag-prefeitura-empreendedora","tag-sebrae","tag-teofilo-otoni"],"_links":{"self":[{"href":"https:\/\/diariotribuna.com.br\/index.php?rest_route=\/wp\/v2\/posts\/24326"}],"collection":[{"href":"https:\/\/diariotribuna.com.br\/index.php?rest_route=\/wp\/v2\/posts"}],"about":[{"href":"https:\/\/diariotribuna.com.br\/index.php?rest_route=\/wp\/v2\/types\/post"}],"author":[{"embeddable":true,"href":"https:\/\/diariotribuna.com.br\/index.php?rest_route=\/wp\/v2\/users\/1"}],"replies":[{"embeddable":true,"href":"https:\/\/diariotribuna.com.br\/index.php?rest_route=%2Fwp%2Fv2%2Fcomments&post=24326"}],"version-history":[{"count":2,"href":"https:\/\/diariotribuna.com.br\/index.php?rest_route=\/wp\/v2\/posts\/24326\/revisions"}],"predecessor-version":[{"id":24336,"href":"https:\/\/diariotribuna.com.br\/index.php?rest_route=\/wp\/v2\/posts\/24326\/revisions\/24336"}],"wp:featuredmedia":[{"embeddable":true,"href":"https:\/\/diariotribuna.com.br\/index.php?rest_route=\/wp\/v2\/media\/24327"}],"wp:attachment":[{"href":"https:\/\/diariotribuna.com.br\/index.php?rest_route=%2Fwp%2Fv2%2Fmedia&parent=24326"}],"wp:term":[{"taxonomy":"category","embeddable":true,"href":"https:\/\/diariotribuna.com.br\/index.php?rest_route=%2Fwp%2Fv2%2Fcategories&post=24326"},{"taxonomy":"post_tag","embeddable":true,"href":"https:\/\/diariotribuna.com.br\/index.php?rest_route=%2Fwp%2Fv2%2Ftags&post=24326"}],"curies":[{"name":"wp","href":"https:\/\/api.w.org\/{rel}","templated":true}]}}