{"id":24337,"date":"2024-04-22T21:18:40","date_gmt":"2024-04-23T00:18:40","guid":{"rendered":"https:\/\/diariotribuna.com.br\/?p=24337"},"modified":"2024-04-22T23:59:03","modified_gmt":"2024-04-23T02:59:03","slug":"apos-denuncia-pm-prende-7-homens-e-resgata-vitima-de-sequestro-em-frei-gaspar","status":"publish","type":"post","link":"https:\/\/diariotribuna.com.br\/?p=24337","title":{"rendered":"Ap\u00f3s den\u00fancia PM prende 7 homens e resgata v\u00edtima de sequestro em Frei Gaspar"},"content":{"rendered":"\n<figure class=\"wp-block-image size-full is-resized is-style-default\"><img loading=\"lazy\" decoding=\"async\" width=\"700\" height=\"391\" src=\"https:\/\/diariotribuna.com.br\/wp-content\/uploads\/2024\/04\/6fa70f30-b125-48a0-abb6-e3646f653dd5.jpg\" alt=\"\" class=\"wp-image-24338\" style=\"width:578px;height:auto\" srcset=\"https:\/\/diariotribuna.com.br\/wp-content\/uploads\/2024\/04\/6fa70f30-b125-48a0-abb6-e3646f653dd5.jpg 700w, https:\/\/diariotribuna.com.br\/wp-content\/uploads\/2024\/04\/6fa70f30-b125-48a0-abb6-e3646f653dd5-300x168.jpg 300w, https:\/\/diariotribuna.com.br\/wp-content\/uploads\/2024\/04\/6fa70f30-b125-48a0-abb6-e3646f653dd5-696x389.jpg 696w\" sizes=\"(max-width: 700px) 100vw, 700px\" \/><figcaption class=\"wp-element-caption\"><strong>A v\u00edtima foi agredida, amarrada e colocada dentro de um ve\u00edculo Fiorino<\/strong><\/figcaption><\/figure>\n\n\n\n<p>A Pol\u00edcia Militar recebeu den\u00fancias an\u00f4nimas, no domingo (21\/4), informando que teriam chegado v\u00e1rios indiv\u00edduos no distrito de Cachoeira do Aran\u00e3s, em Frei Gaspar, em dois carros, sendo um Gol e um Fiorino, e teriam abordado um indiv\u00edduo em uma resid\u00eancia e o espancado utilizando peda\u00e7os de madeira, amarrado a v\u00edtima pelos p\u00e9s e m\u00e3os com cordas, e colocado dentro do Fiorino, saindo em seguida em alta velocidade.<\/p>\n\n\n\n<p>Os militares de Frei Gaspar, com apoio da Patrulha Rural de Te\u00f3filo Otoni e equipe de Itambacuri, cercaram a regi\u00e3o e conseguiram interceptar os dois ve\u00edculos no trevo que liga a BR-116 ao distrito de Cachoeira do Aran\u00e3s, prender os autores e resgatar a v\u00edtima com vida dentro do Fiorino. Segundo o Aspirante Rom\u00e1rio, no momento da abordagem, a v\u00edtima estava amarrada e com aparentes sinais de agress\u00e3o f\u00edsica.<\/p>\n\n\n\n<p>Ainda, segundo o militar, foram encontrados dentro dos ve\u00edculos: cordas, bast\u00e3o de madeira, faca, fac\u00e3o, que foram apreendidos. Questionado sobre o ocorrido, a v\u00edtima disse aos militares que, no \u00faltimo dia 20 de abril, se desentendeu com um menor e o agrediu com uma enxada, causando les\u00f5es, e fugiu para Cachoeira do Aran\u00e3s, e nesta data foi abordado pelos autores, que o agrediram com socos e pontap\u00e9s, foi amarrado e colocado no Fiorino. Os agressores disseram aos militares que se dividiram em dois ve\u00edculos com o objetivo de localizar o autor das agress\u00f5es ao menor, em data anterior, e conduzi-lo at\u00e9 a Lajinha, onde acionariam a Pol\u00edcia Militar.<\/p>\n\n\n\n<p>Os ve\u00edculos, e os materiais que estavam dentro, foram apreendidos, os 7 envolvidos nas agress\u00f5es e sequestro da v\u00edtima foram presos, tendo eles passado antes por um atendimento m\u00e9dico, depois conduzidos \u00e0 delegacia de Pol\u00edcia Civil de Te\u00f3filo Otoni, para os procedimentos de pol\u00edcia judici\u00e1ria. Segundo o Aspirante, alguns dos agressores, bem como a v\u00edtima, t\u00eam passagens pela pol\u00edcia. (Informa\u00e7\u00f5es\/Foto: PMMG).<\/p>\n","protected":false},"excerpt":{"rendered":"<p>A Pol\u00edcia Militar recebeu den\u00fancias an\u00f4nimas, no domingo (21\/4), informando que teriam chegado v\u00e1rios indiv\u00edduos no distrito de Cachoeira do Aran\u00e3s, em Frei Gaspar, em dois carros, sendo um Gol e um Fiorino, e teriam abordado um indiv\u00edduo em uma resid\u00eancia e o espancado utilizando peda\u00e7os de madeira, amarrado a v\u00edtima pelos p\u00e9s e m\u00e3os [&hellip;]<\/p>\n","protected":false},"author":1,"featured_media":24338,"comment_status":"open","ping_status":"open","sticky":false,"template":"","format":"standard","meta":{"rop_custom_images_group":[],"rop_custom_messages_group":[],"rop_publish_now":"initial","rop_publish_now_accounts":[],"rop_publish_now_history":[],"rop_publish_now_status":"pending","footnotes":""},"categories":[25,20],"tags":[1078,1331,293,76,6234,4540],"class_list":["post-24337","post","type-post","status-publish","format-standard","has-post-thumbnail","hentry","category-destaque","category-policia","tag-agressoes","tag-denuncia","tag-frei-gaspar","tag-policia-militar","tag-resgate-de-vitima","tag-sequestro"],"_links":{"self":[{"href":"https:\/\/diariotribuna.com.br\/index.php?rest_route=\/wp\/v2\/posts\/24337"}],"collection":[{"href":"https:\/\/diariotribuna.com.br\/index.php?rest_route=\/wp\/v2\/posts"}],"about":[{"href":"https:\/\/diariotribuna.com.br\/index.php?rest_route=\/wp\/v2\/types\/post"}],"author":[{"embeddable":true,"href":"https:\/\/diariotribuna.com.br\/index.php?rest_route=\/wp\/v2\/users\/1"}],"replies":[{"embeddable":true,"href":"https:\/\/diariotribuna.com.br\/index.php?rest_route=%2Fwp%2Fv2%2Fcomments&post=24337"}],"version-history":[{"count":1,"href":"https:\/\/diariotribuna.com.br\/index.php?rest_route=\/wp\/v2\/posts\/24337\/revisions"}],"predecessor-version":[{"id":24339,"href":"https:\/\/diariotribuna.com.br\/index.php?rest_route=\/wp\/v2\/posts\/24337\/revisions\/24339"}],"wp:featuredmedia":[{"embeddable":true,"href":"https:\/\/diariotribuna.com.br\/index.php?rest_route=\/wp\/v2\/media\/24338"}],"wp:attachment":[{"href":"https:\/\/diariotribuna.com.br\/index.php?rest_route=%2Fwp%2Fv2%2Fmedia&parent=24337"}],"wp:term":[{"taxonomy":"category","embeddable":true,"href":"https:\/\/diariotribuna.com.br\/index.php?rest_route=%2Fwp%2Fv2%2Fcategories&post=24337"},{"taxonomy":"post_tag","embeddable":true,"href":"https:\/\/diariotribuna.com.br\/index.php?rest_route=%2Fwp%2Fv2%2Ftags&post=24337"}],"curies":[{"name":"wp","href":"https:\/\/api.w.org\/{rel}","templated":true}]}}