{"id":24357,"date":"2024-04-23T23:43:00","date_gmt":"2024-04-24T02:43:00","guid":{"rendered":"https:\/\/diariotribuna.com.br\/?p=24357"},"modified":"2024-04-24T13:02:53","modified_gmt":"2024-04-24T16:02:53","slug":"pm-do-meio-ambiente-captura-foragido-da-justica-em-teofilo-otoni","status":"publish","type":"post","link":"https:\/\/diariotribuna.com.br\/?p=24357","title":{"rendered":"PM do Meio Ambiente captura foragido da justi\u00e7a em Te\u00f3filo Otoni"},"content":{"rendered":"\n<figure class=\"wp-block-image size-full is-resized is-style-default\"><img loading=\"lazy\" decoding=\"async\" width=\"700\" height=\"396\" src=\"https:\/\/diariotribuna.com.br\/wp-content\/uploads\/2024\/04\/975b66e4-eca4-4da2-9db4-46f0251f330e.jpg\" alt=\"\" class=\"wp-image-24358\" style=\"width:545px;height:auto\" srcset=\"https:\/\/diariotribuna.com.br\/wp-content\/uploads\/2024\/04\/975b66e4-eca4-4da2-9db4-46f0251f330e.jpg 700w, https:\/\/diariotribuna.com.br\/wp-content\/uploads\/2024\/04\/975b66e4-eca4-4da2-9db4-46f0251f330e-300x170.jpg 300w, https:\/\/diariotribuna.com.br\/wp-content\/uploads\/2024\/04\/975b66e4-eca4-4da2-9db4-46f0251f330e-696x394.jpg 696w\" sizes=\"(max-width: 700px) 100vw, 700px\" \/><\/figure>\n\n\n\n<p>Ap\u00f3s levantamentos do servi\u00e7o de intelig\u00eancia da 15\u00aa Cia da Pol\u00edcia Militar do Meio Ambiente, os militares fizeram patrulhamento nesta ter\u00e7a-feira, 23 de abril, e foram at\u00e9 a Rua Palmira Bento da Silva, na Vila S\u00e3o Jo\u00e3o, em Te\u00f3filo Otoni, onde abordaram J.L.R. por comportamento que levantou suspeita.<\/p>\n\n\n\n<p>Ap\u00f3s consulta nos sistemas informatizados e certifica\u00e7\u00e3o, que se tratava de um foragido da justi\u00e7a, o abordado foi informado sobre a exist\u00eancia de um mandado de pris\u00e3o em aberto contra ele, sendo em seguida conduzido para a delegacia de Pol\u00edcia Civil de Te\u00f3filo Otoni, para ado\u00e7\u00e3o das medidas de pol\u00edcia judici\u00e1ria, e posterior encaminhamento ao sistema prisional.<\/p>\n\n\n\n<p>O mandado de pris\u00e3o \u00e9 devido ao descumprimento de medida protetiva. <strong>Equipe Muralha Verde:<\/strong> tenente Heberth Dias, sargentos Junior, Rafael e Vinicius, cabo Belli. (Informa\u00e7\u00f5es\/Foto: tenente Heberth Dias\/ 15\u00aa Cia PM Meio Ambiente\/ 1\u00ba Pelot\u00e3o\/ 1\u00ba Grupamento\/ Instruir, Proteger e Preservar).<\/p>\n","protected":false},"excerpt":{"rendered":"<p>Ap\u00f3s levantamentos do servi\u00e7o de intelig\u00eancia da 15\u00aa Cia da Pol\u00edcia Militar do Meio Ambiente, os militares fizeram patrulhamento nesta ter\u00e7a-feira, 23 de abril, e foram at\u00e9 a Rua Palmira Bento da Silva, na Vila S\u00e3o Jo\u00e3o, em Te\u00f3filo Otoni, onde abordaram J.L.R. por comportamento que levantou suspeita. Ap\u00f3s consulta nos sistemas informatizados e certifica\u00e7\u00e3o, [&hellip;]<\/p>\n","protected":false},"author":1,"featured_media":24358,"comment_status":"open","ping_status":"open","sticky":false,"template":"","format":"standard","meta":{"rop_custom_images_group":[],"rop_custom_messages_group":[],"rop_publish_now":"initial","rop_publish_now_accounts":[],"rop_publish_now_history":[],"rop_publish_now_status":"pending","footnotes":""},"categories":[25,20],"tags":[6195,4410,989,75,6241],"class_list":["post-24357","post","type-post","status-publish","format-standard","has-post-thumbnail","hentry","category-destaque","category-policia","tag-15a-pm-mamb","tag-captura","tag-foragido-da-justica","tag-teofilo-otoni","tag-vila-sao-joao"],"_links":{"self":[{"href":"https:\/\/diariotribuna.com.br\/index.php?rest_route=\/wp\/v2\/posts\/24357"}],"collection":[{"href":"https:\/\/diariotribuna.com.br\/index.php?rest_route=\/wp\/v2\/posts"}],"about":[{"href":"https:\/\/diariotribuna.com.br\/index.php?rest_route=\/wp\/v2\/types\/post"}],"author":[{"embeddable":true,"href":"https:\/\/diariotribuna.com.br\/index.php?rest_route=\/wp\/v2\/users\/1"}],"replies":[{"embeddable":true,"href":"https:\/\/diariotribuna.com.br\/index.php?rest_route=%2Fwp%2Fv2%2Fcomments&post=24357"}],"version-history":[{"count":2,"href":"https:\/\/diariotribuna.com.br\/index.php?rest_route=\/wp\/v2\/posts\/24357\/revisions"}],"predecessor-version":[{"id":24386,"href":"https:\/\/diariotribuna.com.br\/index.php?rest_route=\/wp\/v2\/posts\/24357\/revisions\/24386"}],"wp:featuredmedia":[{"embeddable":true,"href":"https:\/\/diariotribuna.com.br\/index.php?rest_route=\/wp\/v2\/media\/24358"}],"wp:attachment":[{"href":"https:\/\/diariotribuna.com.br\/index.php?rest_route=%2Fwp%2Fv2%2Fmedia&parent=24357"}],"wp:term":[{"taxonomy":"category","embeddable":true,"href":"https:\/\/diariotribuna.com.br\/index.php?rest_route=%2Fwp%2Fv2%2Fcategories&post=24357"},{"taxonomy":"post_tag","embeddable":true,"href":"https:\/\/diariotribuna.com.br\/index.php?rest_route=%2Fwp%2Fv2%2Ftags&post=24357"}],"curies":[{"name":"wp","href":"https:\/\/api.w.org\/{rel}","templated":true}]}}