{"id":24368,"date":"2024-04-24T10:58:56","date_gmt":"2024-04-24T13:58:56","guid":{"rendered":"https:\/\/diariotribuna.com.br\/?p=24368"},"modified":"2024-04-24T11:19:17","modified_gmt":"2024-04-24T14:19:17","slug":"motoristas-perdem-a-permissao-para-dirigir-devido-multas-gravissimas-graves-e-medias","status":"publish","type":"post","link":"https:\/\/diariotribuna.com.br\/?p=24368","title":{"rendered":"Motoristas perdem a \u201cPermiss\u00e3o para Dirigir\u201d devido multas grav\u00edssimas, graves e m\u00e9dias"},"content":{"rendered":"\n<figure class=\"wp-block-image size-full is-resized is-style-default\"><img loading=\"lazy\" decoding=\"async\" width=\"700\" height=\"483\" src=\"https:\/\/diariotribuna.com.br\/wp-content\/uploads\/2024\/04\/e77363c1-039d-4fbf-a29d-9bb916271fb8.jpg\" alt=\"\" class=\"wp-image-24369\" style=\"width:417px;height:auto\" srcset=\"https:\/\/diariotribuna.com.br\/wp-content\/uploads\/2024\/04\/e77363c1-039d-4fbf-a29d-9bb916271fb8.jpg 700w, https:\/\/diariotribuna.com.br\/wp-content\/uploads\/2024\/04\/e77363c1-039d-4fbf-a29d-9bb916271fb8-300x207.jpg 300w, https:\/\/diariotribuna.com.br\/wp-content\/uploads\/2024\/04\/e77363c1-039d-4fbf-a29d-9bb916271fb8-100x70.jpg 100w, https:\/\/diariotribuna.com.br\/wp-content\/uploads\/2024\/04\/e77363c1-039d-4fbf-a29d-9bb916271fb8-218x150.jpg 218w, https:\/\/diariotribuna.com.br\/wp-content\/uploads\/2024\/04\/e77363c1-039d-4fbf-a29d-9bb916271fb8-696x480.jpg 696w, https:\/\/diariotribuna.com.br\/wp-content\/uploads\/2024\/04\/e77363c1-039d-4fbf-a29d-9bb916271fb8-609x420.jpg 609w\" sizes=\"(max-width: 700px) 100vw, 700px\" \/><\/figure>\n\n\n\n<p>Muitos condutores t\u00eam perdido a \u201cPermiss\u00e3o para Dirigir\u201d (PPD), devido multas grav\u00edssimas, graves ou reincid\u00eancia em m\u00e9dias, informa o tenente Reinaldo Martins, mencionando ainda, que ap\u00f3s ser aprovado e conseguir a primeira habilita\u00e7\u00e3o, a pessoa recebe a permiss\u00e3o e passa por um per\u00edodo probat\u00f3rio de 1 ano, o que teoricamente seria uma avalia\u00e7\u00e3o para manter ou n\u00e3o a carteira de habilita\u00e7\u00e3o.<\/p>\n\n\n\n<p>No intervalo de 1 ano ela n\u00e3o pode ser autuada nas infra\u00e7\u00f5es grav\u00edssimas e graves, ou reincid\u00eancia em m\u00e9dia, o que pode ser uma situa\u00e7\u00e3o dif\u00edcil para muitos condutores, segundo o tenente, uma vez que ap\u00f3s o per\u00edodo de autoescola, infelizmente v\u00e1rios passam a dirigir dentro das suas pr\u00f3prias regras e esquecem as normas b\u00e1sicas de tr\u00e2nsito. Outros em um momento de distra\u00e7\u00e3o ou pressa cometem infra\u00e7\u00f5es sem perceberem.<\/p>\n\n\n\n<p>\u201cA nossa orienta\u00e7\u00e3o para todos \u00e9 respeitarem o que aprenderam no per\u00edodo de curso te\u00f3rico e pr\u00e1tico nas autoescolas. E para aqueles que ainda est\u00e3o na Permiss\u00e3o para Dirigir o respeito e a aten\u00e7\u00e3o devem ser ainda maiores, pois uma \u00fanica multa pode jogar por terra os milhares de reais gastos para tirar a CNH, al\u00e9m do tempo, ansiedade, incertezas e outros sentimentos que o aluno sofre na tentativa de habilitar-se\u201d, disse o tenente.<\/p>\n\n\n\n<p>Ele ressalta que, no dia a dia tem acompanhado o quanto uma pessoa investe na CNH, em dinheiro com taxas, autoescola, deslocamentos, dentre outros, muitas vezes abrindo m\u00e3o de lazer, lanches, roupas e viagens. Por\u00e9m, esquece que a carteira \u00e9 provis\u00f3ria, do per\u00edodo probat\u00f3rio, comete infra\u00e7\u00e3o que se transforma em multa e perde todo o investimento, tendo que recome\u00e7ar do zero.<\/p>\n\n\n\n<pre class=\"wp-block-verse\"><strong>As principais multas s\u00e3o ultrapassagens proibidas, velocidade acima da permitida em radares, uso do aparelho celular, falta do cinto de seguran\u00e7a e cal\u00e7ado inadequado (chinelo)<\/strong>.<\/pre>\n\n\n\n<p>Al\u00e9m das autua\u00e7\u00f5es acima ele destaca a quest\u00e3o da embriaguez \u2013 crime e infra\u00e7\u00e3o. Caso o motorista ainda com a Permiss\u00e3o para Dirigir (PPD), cometa o crime soprando o aparelho etil\u00f4metro\/baf\u00f4metro ou apresentando dois ou mais sinais de ter ingerido bebida alco\u00f3lica, ele vai ser preso, e por ser uma infra\u00e7\u00e3o grav\u00edssima vai perder a permiss\u00e3o. Ocorre que mesmo se ele tiver bebido pouco e n\u00e3o configurar o crime (at\u00e9 0,33 MG\/L), ou se recusar a soprar o baf\u00f4metro, mesmo assim ser\u00e1 autuado na infra\u00e7\u00e3o grav\u00edssima, e de igual forma perder\u00e1 a Permiss\u00e3o para Dirigir.<\/p>\n\n\n\n<p>\u201cA Pol\u00edcia Militar Rodovi\u00e1ria n\u00e3o deseja que ap\u00f3s muita luta para habilitar-se, o condutor perca a sua permiss\u00e3o, motivo pelo qual estamos insistindo nas orienta\u00e7\u00f5es para que eles n\u00e3o se esque\u00e7am do per\u00edodo probat\u00f3rio de um ano, redobrem os cuidados para n\u00e3o cometerem infra\u00e7\u00f5es de tr\u00e2nsito, evitando as multas, e consequentemente a perda da habilita\u00e7\u00e3o\u201d, enfatizou. (Tenente Reinaldo Martins, comandante do 1\u00ba Pelot\u00e3o da 15\u00aa Cia PM Rodovi\u00e1ria).<\/p>\n","protected":false},"excerpt":{"rendered":"<p>Muitos condutores t\u00eam perdido a \u201cPermiss\u00e3o para Dirigir\u201d (PPD), devido multas grav\u00edssimas, graves ou reincid\u00eancia em m\u00e9dias, informa o tenente Reinaldo Martins, mencionando ainda, que ap\u00f3s ser aprovado e conseguir a primeira habilita\u00e7\u00e3o, a pessoa recebe a permiss\u00e3o e passa por um per\u00edodo probat\u00f3rio de 1 ano, o que teoricamente seria uma avalia\u00e7\u00e3o para manter [&hellip;]<\/p>\n","protected":false},"author":1,"featured_media":24369,"comment_status":"open","ping_status":"open","sticky":false,"template":"","format":"standard","meta":{"rop_custom_images_group":[],"rop_custom_messages_group":[],"rop_publish_now":"initial","rop_publish_now_accounts":[],"rop_publish_now_history":[],"rop_publish_now_status":"pending","footnotes":""},"categories":[25,19],"tags":[1436,682,6244,6243],"class_list":["post-24368","post","type-post","status-publish","format-standard","has-post-thumbnail","hentry","category-destaque","category-gerais","tag-15a-cia-pm-rv","tag-alerta","tag-multas","tag-permissao-para-dirigir"],"_links":{"self":[{"href":"https:\/\/diariotribuna.com.br\/index.php?rest_route=\/wp\/v2\/posts\/24368"}],"collection":[{"href":"https:\/\/diariotribuna.com.br\/index.php?rest_route=\/wp\/v2\/posts"}],"about":[{"href":"https:\/\/diariotribuna.com.br\/index.php?rest_route=\/wp\/v2\/types\/post"}],"author":[{"embeddable":true,"href":"https:\/\/diariotribuna.com.br\/index.php?rest_route=\/wp\/v2\/users\/1"}],"replies":[{"embeddable":true,"href":"https:\/\/diariotribuna.com.br\/index.php?rest_route=%2Fwp%2Fv2%2Fcomments&post=24368"}],"version-history":[{"count":13,"href":"https:\/\/diariotribuna.com.br\/index.php?rest_route=\/wp\/v2\/posts\/24368\/revisions"}],"predecessor-version":[{"id":24385,"href":"https:\/\/diariotribuna.com.br\/index.php?rest_route=\/wp\/v2\/posts\/24368\/revisions\/24385"}],"wp:featuredmedia":[{"embeddable":true,"href":"https:\/\/diariotribuna.com.br\/index.php?rest_route=\/wp\/v2\/media\/24369"}],"wp:attachment":[{"href":"https:\/\/diariotribuna.com.br\/index.php?rest_route=%2Fwp%2Fv2%2Fmedia&parent=24368"}],"wp:term":[{"taxonomy":"category","embeddable":true,"href":"https:\/\/diariotribuna.com.br\/index.php?rest_route=%2Fwp%2Fv2%2Fcategories&post=24368"},{"taxonomy":"post_tag","embeddable":true,"href":"https:\/\/diariotribuna.com.br\/index.php?rest_route=%2Fwp%2Fv2%2Ftags&post=24368"}],"curies":[{"name":"wp","href":"https:\/\/api.w.org\/{rel}","templated":true}]}}