{"id":24390,"date":"2024-04-26T15:13:31","date_gmt":"2024-04-26T18:13:31","guid":{"rendered":"https:\/\/diariotribuna.com.br\/?p=24390"},"modified":"2024-04-29T19:29:33","modified_gmt":"2024-04-29T22:29:33","slug":"diario-tribuna-26-de-abril-de-2024-teofilo-otoni-mg","status":"publish","type":"post","link":"https:\/\/diariotribuna.com.br\/?p=24390","title":{"rendered":"Di\u00e1rio Tribuna, 26 de Abril de 2024, Te\u00f3filo Otoni &#8211; MG"},"content":{"rendered":"\n<figure class=\"wp-block-image size-full is-resized is-style-default\"><img loading=\"lazy\" decoding=\"async\" width=\"700\" height=\"1011\" src=\"https:\/\/diariotribuna.com.br\/wp-content\/uploads\/2024\/04\/c2db2380-ecea-43d7-b245-50315e088ba3.jpg\" alt=\"\" class=\"wp-image-24392\" style=\"width:419px;height:auto\" srcset=\"https:\/\/diariotribuna.com.br\/wp-content\/uploads\/2024\/04\/c2db2380-ecea-43d7-b245-50315e088ba3.jpg 700w, https:\/\/diariotribuna.com.br\/wp-content\/uploads\/2024\/04\/c2db2380-ecea-43d7-b245-50315e088ba3-208x300.jpg 208w, https:\/\/diariotribuna.com.br\/wp-content\/uploads\/2024\/04\/c2db2380-ecea-43d7-b245-50315e088ba3-696x1005.jpg 696w, https:\/\/diariotribuna.com.br\/wp-content\/uploads\/2024\/04\/c2db2380-ecea-43d7-b245-50315e088ba3-291x420.jpg 291w\" sizes=\"(max-width: 700px) 100vw, 700px\" \/><\/figure>\n\n\n\n<h2 class=\"wp-block-heading\"><strong><strong><mark style=\"background-color:rgba(0, 0, 0, 0)\" class=\"has-inline-color has-vivid-red-color\">Acesse o link abaixo e veja a edi\u00e7\u00e3o completa do Di\u00e1rio Tribuna desta sexta-feira (26\/4)<\/mark><\/strong><\/strong><\/h2>\n\n\n\n<h2 class=\"wp-block-heading\"><a href=\"https:\/\/diariotribuna.com.br\/wp-content\/uploads\/2024\/04\/DIARIO-TRIBUNA-54-ANOS-26-ABRIL-2024.pdf\"><strong><mark style=\"background-color:rgba(0, 0, 0, 0)\" class=\"has-inline-color has-vivid-red-color\">https:\/\/diariotribuna.com.br\/wp-content\/uploads\/2024\/04\/DIARIO-TRIBUNA-54-ANOS-26-ABRIL-2024.pdf<\/mark><\/strong><\/a><\/h2>\n","protected":false},"excerpt":{"rendered":"<p>Acesse o link abaixo e veja a edi\u00e7\u00e3o completa do Di\u00e1rio Tribuna desta sexta-feira (26\/4) https:\/\/diariotribuna.com.br\/wp-content\/uploads\/2024\/04\/DIARIO-TRIBUNA-54-ANOS-26-ABRIL-2024.pdf<\/p>\n","protected":false},"author":1,"featured_media":24392,"comment_status":"open","ping_status":"open","sticky":false,"template":"","format":"standard","meta":{"rop_custom_images_group":[],"rop_custom_messages_group":[],"rop_publish_now":"initial","rop_publish_now_accounts":[],"rop_publish_now_history":[],"rop_publish_now_status":"pending","footnotes":""},"categories":[17,23],"tags":[6248,42,1010,75,867],"class_list":["post-24390","post","type-post","status-publish","format-standard","has-post-thumbnail","hentry","category-teofilootoni","category-ultimaedicao","tag-26-4-2024","tag-diario-tribuna","tag-nordeste-mineiro","tag-teofilo-otoni","tag-vale-do-mucuri"],"_links":{"self":[{"href":"https:\/\/diariotribuna.com.br\/index.php?rest_route=\/wp\/v2\/posts\/24390"}],"collection":[{"href":"https:\/\/diariotribuna.com.br\/index.php?rest_route=\/wp\/v2\/posts"}],"about":[{"href":"https:\/\/diariotribuna.com.br\/index.php?rest_route=\/wp\/v2\/types\/post"}],"author":[{"embeddable":true,"href":"https:\/\/diariotribuna.com.br\/index.php?rest_route=\/wp\/v2\/users\/1"}],"replies":[{"embeddable":true,"href":"https:\/\/diariotribuna.com.br\/index.php?rest_route=%2Fwp%2Fv2%2Fcomments&post=24390"}],"version-history":[{"count":1,"href":"https:\/\/diariotribuna.com.br\/index.php?rest_route=\/wp\/v2\/posts\/24390\/revisions"}],"predecessor-version":[{"id":24393,"href":"https:\/\/diariotribuna.com.br\/index.php?rest_route=\/wp\/v2\/posts\/24390\/revisions\/24393"}],"wp:featuredmedia":[{"embeddable":true,"href":"https:\/\/diariotribuna.com.br\/index.php?rest_route=\/wp\/v2\/media\/24392"}],"wp:attachment":[{"href":"https:\/\/diariotribuna.com.br\/index.php?rest_route=%2Fwp%2Fv2%2Fmedia&parent=24390"}],"wp:term":[{"taxonomy":"category","embeddable":true,"href":"https:\/\/diariotribuna.com.br\/index.php?rest_route=%2Fwp%2Fv2%2Fcategories&post=24390"},{"taxonomy":"post_tag","embeddable":true,"href":"https:\/\/diariotribuna.com.br\/index.php?rest_route=%2Fwp%2Fv2%2Ftags&post=24390"}],"curies":[{"name":"wp","href":"https:\/\/api.w.org\/{rel}","templated":true}]}}