{"id":24404,"date":"2024-04-28T23:36:50","date_gmt":"2024-04-29T02:36:50","guid":{"rendered":"https:\/\/diariotribuna.com.br\/?p=24404"},"modified":"2024-04-28T23:36:51","modified_gmt":"2024-04-29T02:36:51","slug":"quatro-pessoas-morrem-em-grave-acidente-com-onibus-na-br-116-em-medina","status":"publish","type":"post","link":"https:\/\/diariotribuna.com.br\/?p=24404","title":{"rendered":"Quatro pessoas morrem em grave acidente com \u00f4nibus, na BR 116, em Medina"},"content":{"rendered":"\n<p><strong>\u00d4nibus saiu de Pernambuco e tinha como destino S\u00e3o Paulo<\/strong><\/p>\n\n\n\n<figure class=\"wp-block-image size-full is-resized is-style-default\"><img loading=\"lazy\" decoding=\"async\" width=\"700\" height=\"430\" src=\"https:\/\/diariotribuna.com.br\/wp-content\/uploads\/2024\/04\/ACIDEN1.jpg\" alt=\"\" class=\"wp-image-24405\" style=\"width:496px;height:auto\" srcset=\"https:\/\/diariotribuna.com.br\/wp-content\/uploads\/2024\/04\/ACIDEN1.jpg 700w, https:\/\/diariotribuna.com.br\/wp-content\/uploads\/2024\/04\/ACIDEN1-300x184.jpg 300w, https:\/\/diariotribuna.com.br\/wp-content\/uploads\/2024\/04\/ACIDEN1-356x220.jpg 356w, https:\/\/diariotribuna.com.br\/wp-content\/uploads\/2024\/04\/ACIDEN1-696x428.jpg 696w, https:\/\/diariotribuna.com.br\/wp-content\/uploads\/2024\/04\/ACIDEN1-684x420.jpg 684w\" sizes=\"(max-width: 700px) 100vw, 700px\" \/><figcaption class=\"wp-element-caption\"><strong><strong>V\u00edtimas fatais:<\/strong> <strong>Maria Amanda Menezes Silva<\/strong><\/strong>, <strong>Gilselda Marques dos Santos<\/strong>, <strong>Severina Gomes de Oliveira, Mauro S\u00e9rgio da Silva <\/strong><\/figcaption><\/figure>\n\n\n\n<p>O Corpo de Bombeiros de Ara\u00e7ua\u00ed foi acionado, na noite de s\u00e1bado (27\/4), por volta das 20h30, para atendimento de uma ocorr\u00eancia de capotamento de \u00f4nibus na BR 116, pr\u00f3ximo ao Km 90, zona rural de Medina. O condutor do \u00f4nibus que saiu de Pernambuco e tinha como destino S\u00e3o Paulo, transportando 54 passageiros, perdeu o controle em uma curva, atingiu o acostamento e tombou na pista.<\/p>\n\n\n\n<p>Quatro pessoas morreram no local, e mais de 30 v\u00edtimas de ferimentos foram encaminhadas pelo Samu e ambul\u00e2ncias locais, para os hospitais de Medina e Itaobim para receberem atendimento. Ap\u00f3s os trabalhos, as equipes do Corpo de Bombeiros fizeram a lavagem da pista e demais a\u00e7\u00f5es necess\u00e1rias para minimizar o perigo no local, evitando risco de ocorr\u00eancia de outros acidentes.<\/p>\n\n\n\n<p>A per\u00edcia t\u00e9cnica da Pol\u00edcia Civil esteve no local, e ap\u00f3s os trabalhos, os corpos das v\u00edtimas fatais foram encaminhados ao Instituto M\u00e9dico Legal de Almenara, para serem necropsiados. As causas e circunst\u00e2ncias do acidente dever\u00e3o ser investigadas pela Pol\u00edcia Civil. <\/p>\n\n\n\n<p><strong>V\u00edtimas fatais:<\/strong> Severina Gomes de Oliveira, 70 anos, natural do Rio de Janeiro\/RJ; Mauro S\u00e9rgio da Silva, 43 anos, natural de Capoeiras\/PE; Maria Amanda Menezes Silva, 29 anos, natural de \u00c1guas Belas\/PE; Gilselda Marques dos Santos, 51 anos, natural de Murici\/AL.<\/p>\n","protected":false},"excerpt":{"rendered":"<p>\u00d4nibus saiu de Pernambuco e tinha como destino S\u00e3o Paulo O Corpo de Bombeiros de Ara\u00e7ua\u00ed foi acionado, na noite de s\u00e1bado (27\/4), por volta das 20h30, para atendimento de uma ocorr\u00eancia de capotamento de \u00f4nibus na BR 116, pr\u00f3ximo ao Km 90, zona rural de Medina. O condutor do \u00f4nibus que saiu de Pernambuco [&hellip;]<\/p>\n","protected":false},"author":1,"featured_media":24405,"comment_status":"open","ping_status":"open","sticky":false,"template":"","format":"standard","meta":{"rop_custom_images_group":[],"rop_custom_messages_group":[],"rop_publish_now":"initial","rop_publish_now_accounts":[],"rop_publish_now_history":[],"rop_publish_now_status":"pending","footnotes":""},"categories":[25,19],"tags":[2215,125,79,2407,4402],"class_list":["post-24404","post","type-post","status-publish","format-standard","has-post-thumbnail","hentry","category-destaque","category-gerais","tag-4-fatais","tag-acidente","tag-medina","tag-onibus","tag-tombamento"],"_links":{"self":[{"href":"https:\/\/diariotribuna.com.br\/index.php?rest_route=\/wp\/v2\/posts\/24404"}],"collection":[{"href":"https:\/\/diariotribuna.com.br\/index.php?rest_route=\/wp\/v2\/posts"}],"about":[{"href":"https:\/\/diariotribuna.com.br\/index.php?rest_route=\/wp\/v2\/types\/post"}],"author":[{"embeddable":true,"href":"https:\/\/diariotribuna.com.br\/index.php?rest_route=\/wp\/v2\/users\/1"}],"replies":[{"embeddable":true,"href":"https:\/\/diariotribuna.com.br\/index.php?rest_route=%2Fwp%2Fv2%2Fcomments&post=24404"}],"version-history":[{"count":1,"href":"https:\/\/diariotribuna.com.br\/index.php?rest_route=\/wp\/v2\/posts\/24404\/revisions"}],"predecessor-version":[{"id":24406,"href":"https:\/\/diariotribuna.com.br\/index.php?rest_route=\/wp\/v2\/posts\/24404\/revisions\/24406"}],"wp:featuredmedia":[{"embeddable":true,"href":"https:\/\/diariotribuna.com.br\/index.php?rest_route=\/wp\/v2\/media\/24405"}],"wp:attachment":[{"href":"https:\/\/diariotribuna.com.br\/index.php?rest_route=%2Fwp%2Fv2%2Fmedia&parent=24404"}],"wp:term":[{"taxonomy":"category","embeddable":true,"href":"https:\/\/diariotribuna.com.br\/index.php?rest_route=%2Fwp%2Fv2%2Fcategories&post=24404"},{"taxonomy":"post_tag","embeddable":true,"href":"https:\/\/diariotribuna.com.br\/index.php?rest_route=%2Fwp%2Fv2%2Ftags&post=24404"}],"curies":[{"name":"wp","href":"https:\/\/api.w.org\/{rel}","templated":true}]}}