{"id":24436,"date":"2024-05-02T19:34:16","date_gmt":"2024-05-02T22:34:16","guid":{"rendered":"https:\/\/diariotribuna.com.br\/?p=24436"},"modified":"2024-05-02T19:34:17","modified_gmt":"2024-05-02T22:34:17","slug":"mulher-morre-em-grave-acidente-com-moto-na-br-116-em-carai","status":"publish","type":"post","link":"https:\/\/diariotribuna.com.br\/?p=24436","title":{"rendered":"Mulher morre em grave acidente com moto na BR 116, em Cara\u00ed"},"content":{"rendered":"\n<figure class=\"wp-block-image size-full is-resized is-style-default\"><img loading=\"lazy\" decoding=\"async\" width=\"600\" height=\"356\" src=\"https:\/\/diariotribuna.com.br\/wp-content\/uploads\/2024\/05\/Captura-de-tela-2024-05-02-141913.png\" alt=\"\" class=\"wp-image-24437\" style=\"width:486px;height:auto\" srcset=\"https:\/\/diariotribuna.com.br\/wp-content\/uploads\/2024\/05\/Captura-de-tela-2024-05-02-141913.png 600w, https:\/\/diariotribuna.com.br\/wp-content\/uploads\/2024\/05\/Captura-de-tela-2024-05-02-141913-300x178.png 300w\" sizes=\"(max-width: 600px) 100vw, 600px\" \/><\/figure>\n\n\n\n<p>O acidente ocorreu na manh\u00e3 desta quinta-feira (2\/5), na BR 116, Km 188,7, munic\u00edpio de Cara\u00ed, pr\u00f3ximo ao Ponto Marambaia. Segundo a Pol\u00edcia Rodovi\u00e1ria Federal que registrou o acidente, ocorreu uma colis\u00e3o frontal entre uma motocicleta e um ve\u00edculo de carga (cegonha).<\/p>\n\n\n\n<p>A condutora da motocicleta, Emanuela S. Lopes Leite, de 28 anos, sofreu graves les\u00f5es, foi socorrida com vida, mas infelizmente, n\u00e3o resistiu e faleceu no hospital em Padre Para\u00edso. Ela era servidora da Escola Estadual Orlando Tavares, em Cara\u00ed.<\/p>\n\n\n\n<p>A dire\u00e7\u00e3o da escola emitiu nota de pesar pela morte de Emanuela, informando que n\u00e3o teria aula nesta quinta e sexta-feira, e se solidarizando com os familiares e amigos por esse tr\u00e1gico acontecimento. (Fotos: divulga\u00e7\u00e3o).<\/p>\n","protected":false},"excerpt":{"rendered":"<p>O acidente ocorreu na manh\u00e3 desta quinta-feira (2\/5), na BR 116, Km 188,7, munic\u00edpio de Cara\u00ed, pr\u00f3ximo ao Ponto Marambaia. Segundo a Pol\u00edcia Rodovi\u00e1ria Federal que registrou o acidente, ocorreu uma colis\u00e3o frontal entre uma motocicleta e um ve\u00edculo de carga (cegonha). A condutora da motocicleta, Emanuela S. Lopes Leite, de 28 anos, sofreu graves [&hellip;]<\/p>\n","protected":false},"author":1,"featured_media":24437,"comment_status":"open","ping_status":"open","sticky":false,"template":"","format":"standard","meta":{"rop_custom_images_group":[],"rop_custom_messages_group":[],"rop_publish_now":"initial","rop_publish_now_accounts":[],"rop_publish_now_history":[],"rop_publish_now_status":"pending","footnotes":""},"categories":[25,18],"tags":[125,1382,46,6258,3798],"class_list":["post-24436","post","type-post","status-publish","format-standard","has-post-thumbnail","hentry","category-destaque","category-regiao","tag-acidente","tag-br-116-2","tag-carai","tag-colisao-moto-x-caminhao","tag-prf-teofilo-otoni"],"_links":{"self":[{"href":"https:\/\/diariotribuna.com.br\/index.php?rest_route=\/wp\/v2\/posts\/24436"}],"collection":[{"href":"https:\/\/diariotribuna.com.br\/index.php?rest_route=\/wp\/v2\/posts"}],"about":[{"href":"https:\/\/diariotribuna.com.br\/index.php?rest_route=\/wp\/v2\/types\/post"}],"author":[{"embeddable":true,"href":"https:\/\/diariotribuna.com.br\/index.php?rest_route=\/wp\/v2\/users\/1"}],"replies":[{"embeddable":true,"href":"https:\/\/diariotribuna.com.br\/index.php?rest_route=%2Fwp%2Fv2%2Fcomments&post=24436"}],"version-history":[{"count":1,"href":"https:\/\/diariotribuna.com.br\/index.php?rest_route=\/wp\/v2\/posts\/24436\/revisions"}],"predecessor-version":[{"id":24438,"href":"https:\/\/diariotribuna.com.br\/index.php?rest_route=\/wp\/v2\/posts\/24436\/revisions\/24438"}],"wp:featuredmedia":[{"embeddable":true,"href":"https:\/\/diariotribuna.com.br\/index.php?rest_route=\/wp\/v2\/media\/24437"}],"wp:attachment":[{"href":"https:\/\/diariotribuna.com.br\/index.php?rest_route=%2Fwp%2Fv2%2Fmedia&parent=24436"}],"wp:term":[{"taxonomy":"category","embeddable":true,"href":"https:\/\/diariotribuna.com.br\/index.php?rest_route=%2Fwp%2Fv2%2Fcategories&post=24436"},{"taxonomy":"post_tag","embeddable":true,"href":"https:\/\/diariotribuna.com.br\/index.php?rest_route=%2Fwp%2Fv2%2Ftags&post=24436"}],"curies":[{"name":"wp","href":"https:\/\/api.w.org\/{rel}","templated":true}]}}