{"id":24521,"date":"2024-05-10T23:52:15","date_gmt":"2024-05-11T02:52:15","guid":{"rendered":"https:\/\/diariotribuna.com.br\/?p=24521"},"modified":"2024-05-11T00:12:05","modified_gmt":"2024-05-11T03:12:05","slug":"equipes-da-pm-do-meio-ambiente-de-teofilo-otoni-prendem-assaltante-e-recuperam-veiculo-no-rio-grande-do-sul","status":"publish","type":"post","link":"https:\/\/diariotribuna.com.br\/?p=24521","title":{"rendered":"Equipes da PM do Meio Ambiente de Te\u00f3filo Otoni prendem assaltante e recuperam ve\u00edculo, no Rio Grande do Sul"},"content":{"rendered":"\n<p><em>As equipes, comandadas pelo tenente Heberth Dias, est\u00e3o no Rio Grande do Sul, em miss\u00e3o de salvamento e manuten\u00e7\u00e3o da ordem p\u00fablica<\/em><\/p>\n\n\n\n<figure class=\"wp-block-image size-full is-resized is-style-default\"><img loading=\"lazy\" decoding=\"async\" width=\"700\" height=\"482\" src=\"https:\/\/diariotribuna.com.br\/wp-content\/uploads\/2024\/05\/440405109_17990216501641523_7368810867123136742_n.jpg\" alt=\"\" class=\"wp-image-24524\" style=\"width:478px;height:auto\" srcset=\"https:\/\/diariotribuna.com.br\/wp-content\/uploads\/2024\/05\/440405109_17990216501641523_7368810867123136742_n.jpg 700w, https:\/\/diariotribuna.com.br\/wp-content\/uploads\/2024\/05\/440405109_17990216501641523_7368810867123136742_n-300x207.jpg 300w, https:\/\/diariotribuna.com.br\/wp-content\/uploads\/2024\/05\/440405109_17990216501641523_7368810867123136742_n-100x70.jpg 100w, https:\/\/diariotribuna.com.br\/wp-content\/uploads\/2024\/05\/440405109_17990216501641523_7368810867123136742_n-218x150.jpg 218w, https:\/\/diariotribuna.com.br\/wp-content\/uploads\/2024\/05\/440405109_17990216501641523_7368810867123136742_n-696x479.jpg 696w, https:\/\/diariotribuna.com.br\/wp-content\/uploads\/2024\/05\/440405109_17990216501641523_7368810867123136742_n-610x420.jpg 610w\" sizes=\"(max-width: 700px) 100vw, 700px\" \/><figcaption class=\"wp-element-caption\"><strong>Tenente Heberth Dias, 15\u00aa Cia de Pol\u00edcia Militar, Te\u00f3filo Otoni, est\u00e1 coordenando equipes em miss\u00e3o no Rio Grande do Sul<\/strong><\/figcaption><\/figure>\n\n\n\n<p>Durante o deslocamento em miss\u00e3o de salvamento e manuten\u00e7\u00e3o da ordem p\u00fablica no Estado do Rio Grande do Sul, na noite de quinta-feira (9\/5), militares da 15\u00aa Companhia de Pol\u00edcia Militar \u2013 Te\u00f3filo Otoni, comandada pelo tenente Heberth Dias, que est\u00e1 coordenando as equipes naquele Estado, em comboio, enquanto aguardava para passar pelo ped\u00e1gio na cidade de Ararangu\u00e1, em Santa Catarina, avistou um ve\u00edculo Chevrolet Prisma, cor branca, em atitude suspeita.<\/p>\n\n\n\n<p>O ve\u00edculo estava sendo acompanhado por policiais daquele estado, momento em que de pronta iniciativa a equipe de Te\u00f3filo Otoni iniciou a persegui\u00e7\u00e3o, conseguiu abordar o ve\u00edculo suspeito e prender o autor de um assalto a poucos metros do referido ped\u00e1gio. A a\u00e7\u00e3o resultou na apreens\u00e3o de um menor, do ve\u00edculo Prisma que foi recuperado, e de um simulacro de arma de fogo. (Informa\u00e7\u00f5es: tenente Heberth Dias).<\/p>\n","protected":false},"excerpt":{"rendered":"<p>As equipes, comandadas pelo tenente Heberth Dias, est\u00e3o no Rio Grande do Sul, em miss\u00e3o de salvamento e manuten\u00e7\u00e3o da ordem p\u00fablica Durante o deslocamento em miss\u00e3o de salvamento e manuten\u00e7\u00e3o da ordem p\u00fablica no Estado do Rio Grande do Sul, na noite de quinta-feira (9\/5), militares da 15\u00aa Companhia de Pol\u00edcia Militar \u2013 Te\u00f3filo [&hellip;]<\/p>\n","protected":false},"author":1,"featured_media":24524,"comment_status":"open","ping_status":"open","sticky":false,"template":"","format":"standard","meta":{"rop_custom_images_group":[],"rop_custom_messages_group":[],"rop_publish_now":"initial","rop_publish_now_accounts":[],"rop_publish_now_history":[],"rop_publish_now_status":"pending","footnotes":""},"categories":[25,20],"tags":[2138,6278,5200,75],"class_list":["post-24521","post","type-post","status-publish","format-standard","has-post-thumbnail","hentry","category-destaque","category-policia","tag-pm-do-meio-ambiente","tag-prisao-de-assaltante","tag-rio-grande-do-sul","tag-teofilo-otoni"],"_links":{"self":[{"href":"https:\/\/diariotribuna.com.br\/index.php?rest_route=\/wp\/v2\/posts\/24521"}],"collection":[{"href":"https:\/\/diariotribuna.com.br\/index.php?rest_route=\/wp\/v2\/posts"}],"about":[{"href":"https:\/\/diariotribuna.com.br\/index.php?rest_route=\/wp\/v2\/types\/post"}],"author":[{"embeddable":true,"href":"https:\/\/diariotribuna.com.br\/index.php?rest_route=\/wp\/v2\/users\/1"}],"replies":[{"embeddable":true,"href":"https:\/\/diariotribuna.com.br\/index.php?rest_route=%2Fwp%2Fv2%2Fcomments&post=24521"}],"version-history":[{"count":3,"href":"https:\/\/diariotribuna.com.br\/index.php?rest_route=\/wp\/v2\/posts\/24521\/revisions"}],"predecessor-version":[{"id":24527,"href":"https:\/\/diariotribuna.com.br\/index.php?rest_route=\/wp\/v2\/posts\/24521\/revisions\/24527"}],"wp:featuredmedia":[{"embeddable":true,"href":"https:\/\/diariotribuna.com.br\/index.php?rest_route=\/wp\/v2\/media\/24524"}],"wp:attachment":[{"href":"https:\/\/diariotribuna.com.br\/index.php?rest_route=%2Fwp%2Fv2%2Fmedia&parent=24521"}],"wp:term":[{"taxonomy":"category","embeddable":true,"href":"https:\/\/diariotribuna.com.br\/index.php?rest_route=%2Fwp%2Fv2%2Fcategories&post=24521"},{"taxonomy":"post_tag","embeddable":true,"href":"https:\/\/diariotribuna.com.br\/index.php?rest_route=%2Fwp%2Fv2%2Ftags&post=24521"}],"curies":[{"name":"wp","href":"https:\/\/api.w.org\/{rel}","templated":true}]}}