{"id":24604,"date":"2024-05-15T22:54:57","date_gmt":"2024-05-16T01:54:57","guid":{"rendered":"https:\/\/diariotribuna.com.br\/?p=24604"},"modified":"2024-05-17T17:11:28","modified_gmt":"2024-05-17T20:11:28","slug":"pm-frustra-acao-de-saqueadores-de-carga-na-br-116-em-medina","status":"publish","type":"post","link":"https:\/\/diariotribuna.com.br\/?p=24604","title":{"rendered":"PM frustra a\u00e7\u00e3o de saqueadores de carga na BR 116, em Medina"},"content":{"rendered":"\n<figure class=\"wp-block-image size-full is-resized is-style-default\"><img loading=\"lazy\" decoding=\"async\" width=\"700\" height=\"405\" src=\"https:\/\/diariotribuna.com.br\/wp-content\/uploads\/2024\/05\/af3f5153-3f44-4f46-a161-90365123d1e6.jpg\" alt=\"\" class=\"wp-image-24605\" style=\"width:544px;height:auto\" srcset=\"https:\/\/diariotribuna.com.br\/wp-content\/uploads\/2024\/05\/af3f5153-3f44-4f46-a161-90365123d1e6.jpg 700w, https:\/\/diariotribuna.com.br\/wp-content\/uploads\/2024\/05\/af3f5153-3f44-4f46-a161-90365123d1e6-300x174.jpg 300w, https:\/\/diariotribuna.com.br\/wp-content\/uploads\/2024\/05\/af3f5153-3f44-4f46-a161-90365123d1e6-696x403.jpg 696w\" sizes=\"(max-width: 700px) 100vw, 700px\" \/><\/figure>\n\n\n\n<p>Na noite de ter\u00e7a-feira (14\/5), policiais militares da 80\u00b0 Cia, 70\u00ba Batalh\u00e3o, durante deslocamento pela BR 116, no km 98, na localidade conhecida por &#8220;Carne Assada&#8221;, depararam com uma carreta estacionada na faixa auxiliar da rodovia, que j\u00e1 havia tido sua lona de sider cortada e estava sendo saqueada por, pelo menos, dez indiv\u00edduos.<\/p>\n\n\n\n<p>Ao perceberem a modalidade criminosa, os policiais rapidamente desembarcaram e foram em dire\u00e7\u00e3o aos indiv\u00edduos, que fugiram deixando para tr\u00e1s algumas caixas que j\u00e1 haviam sido retiradas do compartimento, como tamb\u00e9m, o fac\u00e3o do tipo pod\u00e3o e a m\u00e3o de for\u00e7a utilizados para cortar a lona sider do ve\u00edculo de carga.<\/p>\n\n\n\n<p>Ap\u00f3s a fuga dos saqueadores, que entraram no matagal \u00e0 margem da rodovia, o que n\u00e3o possibilitou a captura e pris\u00e3o deles, os militares fizeram contato com o motorista, ele relatou que deixou a carreta no local e saiu em busca de servi\u00e7o mec\u00e2nico. Ap\u00f3s controlar o local, a equipe PM fez contato com a PRF, uma equipe compareceu e assumiu o registro da ocorr\u00eancia e demais dilig\u00eancias.<\/p>\n\n\n\n<p>Os militares de Medina tamb\u00e9m prestaram apoio na ocorr\u00eancia. O caminh\u00e3o pertence \u00e0 empresa OPM Transportes, e a carga composta por itens de diversos g\u00eaneros, dentre eles, alimentos e cosm\u00e9ticos, segundo a PM, totaliza o valor de R$ 1.226.023,22. (Informa\u00e7\u00f5es\/Fotos: assessoria de comunica\u00e7\u00e3o\/ 70\u00ba BPM\/ Ara\u00e7ua\u00ed).<\/p>\n","protected":false},"excerpt":{"rendered":"<p>Na noite de ter\u00e7a-feira (14\/5), policiais militares da 80\u00b0 Cia, 70\u00ba Batalh\u00e3o, durante deslocamento pela BR 116, no km 98, na localidade conhecida por &#8220;Carne Assada&#8221;, depararam com uma carreta estacionada na faixa auxiliar da rodovia, que j\u00e1 havia tido sua lona de sider cortada e estava sendo saqueada por, pelo menos, dez indiv\u00edduos. Ao [&hellip;]<\/p>\n","protected":false},"author":1,"featured_media":24605,"comment_status":"open","ping_status":"open","sticky":false,"template":"","format":"standard","meta":{"rop_custom_images_group":[],"rop_custom_messages_group":[],"rop_publish_now":"initial","rop_publish_now_accounts":[],"rop_publish_now_history":[],"rop_publish_now_status":"pending","footnotes":""},"categories":[20,1],"tags":[1382,79,5332],"class_list":["post-24604","post","type-post","status-publish","format-standard","has-post-thumbnail","hentry","category-policia","category-sem-categoria","tag-br-116-2","tag-medina","tag-saque-de-carga"],"_links":{"self":[{"href":"https:\/\/diariotribuna.com.br\/index.php?rest_route=\/wp\/v2\/posts\/24604"}],"collection":[{"href":"https:\/\/diariotribuna.com.br\/index.php?rest_route=\/wp\/v2\/posts"}],"about":[{"href":"https:\/\/diariotribuna.com.br\/index.php?rest_route=\/wp\/v2\/types\/post"}],"author":[{"embeddable":true,"href":"https:\/\/diariotribuna.com.br\/index.php?rest_route=\/wp\/v2\/users\/1"}],"replies":[{"embeddable":true,"href":"https:\/\/diariotribuna.com.br\/index.php?rest_route=%2Fwp%2Fv2%2Fcomments&post=24604"}],"version-history":[{"count":1,"href":"https:\/\/diariotribuna.com.br\/index.php?rest_route=\/wp\/v2\/posts\/24604\/revisions"}],"predecessor-version":[{"id":24606,"href":"https:\/\/diariotribuna.com.br\/index.php?rest_route=\/wp\/v2\/posts\/24604\/revisions\/24606"}],"wp:featuredmedia":[{"embeddable":true,"href":"https:\/\/diariotribuna.com.br\/index.php?rest_route=\/wp\/v2\/media\/24605"}],"wp:attachment":[{"href":"https:\/\/diariotribuna.com.br\/index.php?rest_route=%2Fwp%2Fv2%2Fmedia&parent=24604"}],"wp:term":[{"taxonomy":"category","embeddable":true,"href":"https:\/\/diariotribuna.com.br\/index.php?rest_route=%2Fwp%2Fv2%2Fcategories&post=24604"},{"taxonomy":"post_tag","embeddable":true,"href":"https:\/\/diariotribuna.com.br\/index.php?rest_route=%2Fwp%2Fv2%2Ftags&post=24604"}],"curies":[{"name":"wp","href":"https:\/\/api.w.org\/{rel}","templated":true}]}}