{"id":24607,"date":"2024-05-15T23:51:47","date_gmt":"2024-05-16T02:51:47","guid":{"rendered":"https:\/\/diariotribuna.com.br\/?p=24607"},"modified":"2024-05-15T23:53:06","modified_gmt":"2024-05-16T02:53:06","slug":"homem-que-tentou-cometer-homicidio-em-teofilo-otoni-morre-em-confronto-com-a-pm","status":"publish","type":"post","link":"https:\/\/diariotribuna.com.br\/?p=24607","title":{"rendered":"Homem que tentou cometer homic\u00eddio em Te\u00f3filo Otoni morre em confronto com a PM"},"content":{"rendered":"\n<figure class=\"wp-block-image size-full is-resized is-style-default\"><img loading=\"lazy\" decoding=\"async\" width=\"700\" height=\"547\" src=\"https:\/\/diariotribuna.com.br\/wp-content\/uploads\/2024\/05\/a20eb6f3-1ad4-4fe0-8fca-be8009738152.jpg\" alt=\"\" class=\"wp-image-24608\" style=\"width:390px;height:auto\" srcset=\"https:\/\/diariotribuna.com.br\/wp-content\/uploads\/2024\/05\/a20eb6f3-1ad4-4fe0-8fca-be8009738152.jpg 700w, https:\/\/diariotribuna.com.br\/wp-content\/uploads\/2024\/05\/a20eb6f3-1ad4-4fe0-8fca-be8009738152-300x234.jpg 300w, https:\/\/diariotribuna.com.br\/wp-content\/uploads\/2024\/05\/a20eb6f3-1ad4-4fe0-8fca-be8009738152-696x544.jpg 696w, https:\/\/diariotribuna.com.br\/wp-content\/uploads\/2024\/05\/a20eb6f3-1ad4-4fe0-8fca-be8009738152-537x420.jpg 537w\" sizes=\"(max-width: 700px) 100vw, 700px\" \/><figcaption class=\"wp-element-caption\"><strong>Anderson Pereira dos Santos, alcunha &#8220;Z\u00f3i&#8221;<\/strong><\/figcaption><\/figure>\n\n\n\n<p>A Pol\u00edcia Militar recebeu informa\u00e7\u00f5es que indiv\u00edduos que teriam participado de uma tentativa de homic\u00eddio na noite de ter\u00e7a-feira (14\/5), no bairro Castro Pires, em Te\u00f3filo Otoni, contra um rival de fac\u00e7\u00f5es, estariam se deslocando em um ve\u00edculo de aplicativo em dire\u00e7\u00e3o a \u00e1rea norte da cidade, e equipes do T\u00e1tico M\u00f3vel se posicionaram em um local estrat\u00e9gico, onde foi poss\u00edvel abordar o ve\u00edculo e identificar um suspeito de autoria, sendo Anderson Pereira dos Santos, alcunha &#8220;Z\u00f3i&#8221;, 26 anos.<\/p>\n\n\n\n<p>Segundo a pol\u00edcia, durante a abordagem Anderson e outro ocupante, menor de idade, desceram do ve\u00edculo, deitaram-se no ch\u00e3o, Anderson possivelmente para tentar esconder a arma de fogo que estava portando, os policiais foram averiguar dentro do ve\u00edculo se tinha mais algu\u00e9m, nesse instante, ele se levantou, retirou a arma da cintura e apontou para os policiais que reagiram e efetuaram disparos contra ele, que foi alvejado, n\u00e3o resistiu e morreu a caminho do hospital.<\/p>\n\n\n\n<figure class=\"wp-block-image size-full is-resized is-style-default\"><img loading=\"lazy\" decoding=\"async\" width=\"919\" height=\"586\" src=\"https:\/\/diariotribuna.com.br\/wp-content\/uploads\/2024\/05\/3f9ac431-3ce9-4d7d-b5cb-e8653482698c.jpg\" alt=\"\" class=\"wp-image-24609\" style=\"width:438px;height:auto\" srcset=\"https:\/\/diariotribuna.com.br\/wp-content\/uploads\/2024\/05\/3f9ac431-3ce9-4d7d-b5cb-e8653482698c.jpg 919w, https:\/\/diariotribuna.com.br\/wp-content\/uploads\/2024\/05\/3f9ac431-3ce9-4d7d-b5cb-e8653482698c-300x191.jpg 300w, https:\/\/diariotribuna.com.br\/wp-content\/uploads\/2024\/05\/3f9ac431-3ce9-4d7d-b5cb-e8653482698c-768x490.jpg 768w, https:\/\/diariotribuna.com.br\/wp-content\/uploads\/2024\/05\/3f9ac431-3ce9-4d7d-b5cb-e8653482698c-696x444.jpg 696w, https:\/\/diariotribuna.com.br\/wp-content\/uploads\/2024\/05\/3f9ac431-3ce9-4d7d-b5cb-e8653482698c-659x420.jpg 659w\" sizes=\"(max-width: 919px) 100vw, 919px\" \/><\/figure>\n\n\n\n<p>Os militares apreenderam a arma de fogo que estava com Anderson, sendo uma pistola Taurus semiautom\u00e1tica, calibre 9mm municiada com 17 cartuchos intactos, al\u00e9m de 8 c\u00e1psulas deflagradas e um carregador 9mm. O menor foi apreendido e conduzido \u00e0 delegacia de Pol\u00edcia Civil para os procedimentos de pol\u00edcia judici\u00e1ria.<\/p>\n","protected":false},"excerpt":{"rendered":"<p>A Pol\u00edcia Militar recebeu informa\u00e7\u00f5es que indiv\u00edduos que teriam participado de uma tentativa de homic\u00eddio na noite de ter\u00e7a-feira (14\/5), no bairro Castro Pires, em Te\u00f3filo Otoni, contra um rival de fac\u00e7\u00f5es, estariam se deslocando em um ve\u00edculo de aplicativo em dire\u00e7\u00e3o a \u00e1rea norte da cidade, e equipes do T\u00e1tico M\u00f3vel se posicionaram em [&hellip;]<\/p>\n","protected":false},"author":1,"featured_media":24608,"comment_status":"open","ping_status":"open","sticky":false,"template":"","format":"standard","meta":{"rop_custom_images_group":[],"rop_custom_messages_group":[],"rop_publish_now":"initial","rop_publish_now_accounts":[],"rop_publish_now_history":[],"rop_publish_now_status":"pending","footnotes":""},"categories":[25,20],"tags":[4445,107,76,75],"class_list":["post-24607","post","type-post","status-publish","format-standard","has-post-thumbnail","hentry","category-destaque","category-policia","tag-confronto","tag-homicidio","tag-policia-militar","tag-teofilo-otoni"],"_links":{"self":[{"href":"https:\/\/diariotribuna.com.br\/index.php?rest_route=\/wp\/v2\/posts\/24607"}],"collection":[{"href":"https:\/\/diariotribuna.com.br\/index.php?rest_route=\/wp\/v2\/posts"}],"about":[{"href":"https:\/\/diariotribuna.com.br\/index.php?rest_route=\/wp\/v2\/types\/post"}],"author":[{"embeddable":true,"href":"https:\/\/diariotribuna.com.br\/index.php?rest_route=\/wp\/v2\/users\/1"}],"replies":[{"embeddable":true,"href":"https:\/\/diariotribuna.com.br\/index.php?rest_route=%2Fwp%2Fv2%2Fcomments&post=24607"}],"version-history":[{"count":1,"href":"https:\/\/diariotribuna.com.br\/index.php?rest_route=\/wp\/v2\/posts\/24607\/revisions"}],"predecessor-version":[{"id":24610,"href":"https:\/\/diariotribuna.com.br\/index.php?rest_route=\/wp\/v2\/posts\/24607\/revisions\/24610"}],"wp:featuredmedia":[{"embeddable":true,"href":"https:\/\/diariotribuna.com.br\/index.php?rest_route=\/wp\/v2\/media\/24608"}],"wp:attachment":[{"href":"https:\/\/diariotribuna.com.br\/index.php?rest_route=%2Fwp%2Fv2%2Fmedia&parent=24607"}],"wp:term":[{"taxonomy":"category","embeddable":true,"href":"https:\/\/diariotribuna.com.br\/index.php?rest_route=%2Fwp%2Fv2%2Fcategories&post=24607"},{"taxonomy":"post_tag","embeddable":true,"href":"https:\/\/diariotribuna.com.br\/index.php?rest_route=%2Fwp%2Fv2%2Ftags&post=24607"}],"curies":[{"name":"wp","href":"https:\/\/api.w.org\/{rel}","templated":true}]}}