{"id":24611,"date":"2024-05-15T23:58:36","date_gmt":"2024-05-16T02:58:36","guid":{"rendered":"https:\/\/diariotribuna.com.br\/?p=24611"},"modified":"2024-05-15T23:58:37","modified_gmt":"2024-05-16T02:58:37","slug":"pm-de-aracuai-recupera-caminhoes-furtados-em-capelinha","status":"publish","type":"post","link":"https:\/\/diariotribuna.com.br\/?p=24611","title":{"rendered":"PM de Ara\u00e7ua\u00ed recupera caminh\u00f5es furtados em Capelinha"},"content":{"rendered":"\n<figure class=\"wp-block-image size-full is-resized is-style-default\"><img loading=\"lazy\" decoding=\"async\" width=\"700\" height=\"394\" src=\"https:\/\/diariotribuna.com.br\/wp-content\/uploads\/2024\/05\/1fcf9630-d69b-4ff4-949c-4d7f136395b7.jpg\" alt=\"\" class=\"wp-image-24612\" style=\"width:502px;height:auto\" srcset=\"https:\/\/diariotribuna.com.br\/wp-content\/uploads\/2024\/05\/1fcf9630-d69b-4ff4-949c-4d7f136395b7.jpg 700w, https:\/\/diariotribuna.com.br\/wp-content\/uploads\/2024\/05\/1fcf9630-d69b-4ff4-949c-4d7f136395b7-300x169.jpg 300w, https:\/\/diariotribuna.com.br\/wp-content\/uploads\/2024\/05\/1fcf9630-d69b-4ff4-949c-4d7f136395b7-696x392.jpg 696w\" sizes=\"(max-width: 700px) 100vw, 700px\" \/><\/figure>\n\n\n\n<p>A Pol\u00edcia Militar recebeu informa\u00e7\u00f5es, na madrugada desta quarta-feira (15\/5), que havia dois caminh\u00f5es que foram furtados em Capelinha, conforme registro de ocorr\u00eancia, deslocando-se sentido Ara\u00e7ua\u00ed, e que estariam sendo monitorados por aplicativo de rastreamento veicular. Os militares fizeram o cerco e bloquearam o trevo que d\u00e1 sa\u00edda para Itinga, e depararam com os caminh\u00f5es em fuga.<\/p>\n\n\n\n<p>Quando o condutor do caminh\u00e3o, marca Mercedes, cor vermelha, placa JOS-3921, que vinha na frente, avistou a viatura, aumentou drasticamente a velocidade, desrespeitando a ordem de parada e fugindo sentido \u00e0 rodovia que d\u00e1 acesso a Itinga. O condutor abandonou o caminh\u00e3o \u00e0s margens da BR 367 e fugiu a p\u00e9, n\u00e3o sendo localizado. Os militares continuaram o rastreamento e localizaram o segundo caminh\u00e3o, que foi abandonado ainda dentro do per\u00edmetro urbano de Ara\u00e7ua\u00ed, tendo o condutor fugido e tamb\u00e9m n\u00e3o foi localizado.<\/p>\n\n\n\n<p>Os caminh\u00f5es foram rebocados por guincho ao p\u00e1tio credenciado no Detran. Segundo informa\u00e7\u00f5es, o propriet\u00e1rio dos caminh\u00f5es teria descoberto o furto ap\u00f3s manusear o celular e ver que um dos ve\u00edculos, que ele havia estacionado na avenida Diamante, estava se movimentando. Ele foi ao local e constatou que n\u00e3o estava onde ele deixou. At\u00e9 o fechamento da ocorr\u00eancia, os autores dos furtos n\u00e3o foram identificados e localizados. (Fotos: PMMG).<\/p>\n","protected":false},"excerpt":{"rendered":"<p>A Pol\u00edcia Militar recebeu informa\u00e7\u00f5es, na madrugada desta quarta-feira (15\/5), que havia dois caminh\u00f5es que foram furtados em Capelinha, conforme registro de ocorr\u00eancia, deslocando-se sentido Ara\u00e7ua\u00ed, e que estariam sendo monitorados por aplicativo de rastreamento veicular. Os militares fizeram o cerco e bloquearam o trevo que d\u00e1 sa\u00edda para Itinga, e depararam com os caminh\u00f5es [&hellip;]<\/p>\n","protected":false},"author":1,"featured_media":24612,"comment_status":"open","ping_status":"open","sticky":false,"template":"","format":"standard","meta":{"rop_custom_images_group":[],"rop_custom_messages_group":[],"rop_publish_now":"initial","rop_publish_now_accounts":[],"rop_publish_now_history":[],"rop_publish_now_status":"pending","footnotes":""},"categories":[25,20],"tags":[1900,3980,2478,986,76],"class_list":["post-24611","post","type-post","status-publish","format-standard","has-post-thumbnail","hentry","category-destaque","category-policia","tag-aracuai-2","tag-caminhoes","tag-capelinha","tag-furto","tag-policia-militar"],"_links":{"self":[{"href":"https:\/\/diariotribuna.com.br\/index.php?rest_route=\/wp\/v2\/posts\/24611"}],"collection":[{"href":"https:\/\/diariotribuna.com.br\/index.php?rest_route=\/wp\/v2\/posts"}],"about":[{"href":"https:\/\/diariotribuna.com.br\/index.php?rest_route=\/wp\/v2\/types\/post"}],"author":[{"embeddable":true,"href":"https:\/\/diariotribuna.com.br\/index.php?rest_route=\/wp\/v2\/users\/1"}],"replies":[{"embeddable":true,"href":"https:\/\/diariotribuna.com.br\/index.php?rest_route=%2Fwp%2Fv2%2Fcomments&post=24611"}],"version-history":[{"count":1,"href":"https:\/\/diariotribuna.com.br\/index.php?rest_route=\/wp\/v2\/posts\/24611\/revisions"}],"predecessor-version":[{"id":24613,"href":"https:\/\/diariotribuna.com.br\/index.php?rest_route=\/wp\/v2\/posts\/24611\/revisions\/24613"}],"wp:featuredmedia":[{"embeddable":true,"href":"https:\/\/diariotribuna.com.br\/index.php?rest_route=\/wp\/v2\/media\/24612"}],"wp:attachment":[{"href":"https:\/\/diariotribuna.com.br\/index.php?rest_route=%2Fwp%2Fv2%2Fmedia&parent=24611"}],"wp:term":[{"taxonomy":"category","embeddable":true,"href":"https:\/\/diariotribuna.com.br\/index.php?rest_route=%2Fwp%2Fv2%2Fcategories&post=24611"},{"taxonomy":"post_tag","embeddable":true,"href":"https:\/\/diariotribuna.com.br\/index.php?rest_route=%2Fwp%2Fv2%2Ftags&post=24611"}],"curies":[{"name":"wp","href":"https:\/\/api.w.org\/{rel}","templated":true}]}}