{"id":24618,"date":"2024-05-16T20:33:55","date_gmt":"2024-05-16T23:33:55","guid":{"rendered":"https:\/\/diariotribuna.com.br\/?p=24618"},"modified":"2024-05-19T23:41:43","modified_gmt":"2024-05-20T02:41:43","slug":"policia-militar-prende-pais-suspeitos-da-morte-de-crianca-de-2-meses-em-aracuai","status":"publish","type":"post","link":"https:\/\/diariotribuna.com.br\/?p=24618","title":{"rendered":"Pol\u00edcia Militar prende pais suspeitos da morte de crian\u00e7a de 2 meses, em Ara\u00e7ua\u00ed"},"content":{"rendered":"\n<figure class=\"wp-block-image size-full is-resized is-style-default\"><img loading=\"lazy\" decoding=\"async\" width=\"1024\" height=\"594\" src=\"https:\/\/diariotribuna.com.br\/wp-content\/uploads\/2024\/05\/giroflex-policia-1.jpg\" alt=\"\" class=\"wp-image-24619\" style=\"width:460px;height:auto\" srcset=\"https:\/\/diariotribuna.com.br\/wp-content\/uploads\/2024\/05\/giroflex-policia-1.jpg 1024w, https:\/\/diariotribuna.com.br\/wp-content\/uploads\/2024\/05\/giroflex-policia-1-300x174.jpg 300w, https:\/\/diariotribuna.com.br\/wp-content\/uploads\/2024\/05\/giroflex-policia-1-768x446.jpg 768w, https:\/\/diariotribuna.com.br\/wp-content\/uploads\/2024\/05\/giroflex-policia-1-696x404.jpg 696w, https:\/\/diariotribuna.com.br\/wp-content\/uploads\/2024\/05\/giroflex-policia-1-724x420.jpg 724w\" sizes=\"(max-width: 1024px) 100vw, 1024px\" \/><\/figure>\n\n\n\n<p>A Pol\u00edcia Militar foi acionada nesta quinta-feira (16\/5) a comparecer no hospital S\u00e3o Vicente de Paula, em Ara\u00e7ua\u00ed, onde os militares foram informados que um rec\u00e9m-nascido com 2 meses de idade, deu entrada nesta unidade de sa\u00fade, j\u00e1 sem sinais vitais, com sinais de maus tratos. Os militares levantaram mais informa\u00e7\u00f5es, e \u201co beb\u00ea estava com lacera\u00e7\u00e3o na cabe\u00e7a, les\u00f5es na face, intensas assaduras pelo corpo, les\u00e3o em canto da boca, suspeita de queimadura\u201d.<\/p>\n\n\n\n<p>A m\u00e3e da crian\u00e7a, 23 anos, disse aos policiais, que n\u00e3o sabia como ocorreram as les\u00f5es, e que cuidava das feridas com \u00e1gua e bicarbonato, o que pode parecer queimadura. E nesta data, por volta das 8h30, o beb\u00ea n\u00e3o respondia quando tocado, al\u00e9m de apresentar baixos batimentos card\u00edacos, motivando o encaminhamento ao hospital para atendimento.<\/p>\n\n\n\n<p>O pai da crian\u00e7a, 28 anos, disse que nesta data, por volta das 6h30, olhou a crian\u00e7a e n\u00e3o percebeu a exist\u00eancia de les\u00e3o ou queimadura aparente, e que tudo estava normal, n\u00e3o sabendo dizer como poderiam ter ocorrido as referidas les\u00f5es. O corpo do beb\u00ea foi encaminhado ao IML de Pedra Azul para ser necropsiado, e os pais foram presos e encaminhados \u00e0 delegacia de Pol\u00edcia Civil para as provid\u00eancias de pol\u00edcia judici\u00e1ria. (Informa\u00e7\u00f5es: assessoria de comunica\u00e7\u00e3o do 70\u00ba BPM\/ Ara\u00e7ua\u00ed).<\/p>\n","protected":false},"excerpt":{"rendered":"<p>A Pol\u00edcia Militar foi acionada nesta quinta-feira (16\/5) a comparecer no hospital S\u00e3o Vicente de Paula, em Ara\u00e7ua\u00ed, onde os militares foram informados que um rec\u00e9m-nascido com 2 meses de idade, deu entrada nesta unidade de sa\u00fade, j\u00e1 sem sinais vitais, com sinais de maus tratos. Os militares levantaram mais informa\u00e7\u00f5es, e \u201co beb\u00ea estava [&hellip;]<\/p>\n","protected":false},"author":1,"featured_media":24619,"comment_status":"open","ping_status":"open","sticky":false,"template":"","format":"standard","meta":{"rop_custom_images_group":[],"rop_custom_messages_group":[],"rop_publish_now":"initial","rop_publish_now_accounts":[],"rop_publish_now_history":[],"rop_publish_now_status":"pending","footnotes":""},"categories":[20],"tags":[1900,2568,6288,76],"class_list":["post-24618","post","type-post","status-publish","format-standard","has-post-thumbnail","hentry","category-policia","tag-aracuai-2","tag-casal-preso","tag-morte-de-bebe","tag-policia-militar"],"_links":{"self":[{"href":"https:\/\/diariotribuna.com.br\/index.php?rest_route=\/wp\/v2\/posts\/24618"}],"collection":[{"href":"https:\/\/diariotribuna.com.br\/index.php?rest_route=\/wp\/v2\/posts"}],"about":[{"href":"https:\/\/diariotribuna.com.br\/index.php?rest_route=\/wp\/v2\/types\/post"}],"author":[{"embeddable":true,"href":"https:\/\/diariotribuna.com.br\/index.php?rest_route=\/wp\/v2\/users\/1"}],"replies":[{"embeddable":true,"href":"https:\/\/diariotribuna.com.br\/index.php?rest_route=%2Fwp%2Fv2%2Fcomments&post=24618"}],"version-history":[{"count":1,"href":"https:\/\/diariotribuna.com.br\/index.php?rest_route=\/wp\/v2\/posts\/24618\/revisions"}],"predecessor-version":[{"id":24620,"href":"https:\/\/diariotribuna.com.br\/index.php?rest_route=\/wp\/v2\/posts\/24618\/revisions\/24620"}],"wp:featuredmedia":[{"embeddable":true,"href":"https:\/\/diariotribuna.com.br\/index.php?rest_route=\/wp\/v2\/media\/24619"}],"wp:attachment":[{"href":"https:\/\/diariotribuna.com.br\/index.php?rest_route=%2Fwp%2Fv2%2Fmedia&parent=24618"}],"wp:term":[{"taxonomy":"category","embeddable":true,"href":"https:\/\/diariotribuna.com.br\/index.php?rest_route=%2Fwp%2Fv2%2Fcategories&post=24618"},{"taxonomy":"post_tag","embeddable":true,"href":"https:\/\/diariotribuna.com.br\/index.php?rest_route=%2Fwp%2Fv2%2Ftags&post=24618"}],"curies":[{"name":"wp","href":"https:\/\/api.w.org\/{rel}","templated":true}]}}